{"id":996,"date":"2016-11-12T12:11:53","date_gmt":"2016-11-12T18:11:53","guid":{"rendered":"http:\/\/www.conape.org\/tvconape\/?p=996"},"modified":"2016-11-14T14:13:54","modified_gmt":"2016-11-14T20:13:54","slug":"entrevista-con-los-ganadores-y-organizadores-de-steel-race-tvconape-193","status":"publish","type":"post","link":"https:\/\/www.conape.org\/tvconape\/entrevista-con-los-ganadores-y-organizadores-de-steel-race-tvconape-193\/","title":{"rendered":"Entrevista con los ganadores y organizadores de Steel Race &#8211; #TVCONAPE"},"content":{"rendered":"<p style=\"text-align: left;\"><span style=\"color: #000000;\">En este nuevo formato de TV CONAPE podr\u00e1s observar m\u00e1s a detalle cada unos de los temas que se tocan durante el programa, en esta ocasi\u00f3n tenemos una entrevista con los ganadores y los organizadores de la 2da Edici\u00f3n de la carrera Steel Race, disfruta esta entrevista.<\/span><\/p>\n<p><span class=\"embed-youtube\" style=\"text-align:center; display: block;\"><iframe loading=\"lazy\" class=\"youtube-player\" width=\"648\" height=\"365\" src=\"https:\/\/www.youtube.com\/embed\/FfnayPeEnig?version=3&#038;rel=1&#038;showsearch=0&#038;showinfo=1&#038;iv_load_policy=1&#038;fs=1&#038;hl=es-MX&#038;autohide=2&#038;wmode=transparent\" allowfullscreen=\"true\" style=\"border:0;\" sandbox=\"allow-scripts allow-same-origin allow-popups allow-presentation allow-popups-to-escape-sandbox\"><\/iframe><\/span><\/p>\n","protected":false},"excerpt":{"rendered":"<p>En este nuevo formato de TV CONAPE podr\u00e1s observar m\u00e1s a detalle cada unos de los temas que se tocan durante el programa, en esta ocasi\u00f3n tenemos una entrevista con los ganadores y los organizadores de la 2da Edici\u00f3n de la carrera Steel Race, disfruta esta entrevista.<\/p>\n","protected":false},"author":1,"featured_media":998,"comment_status":"open","ping_status":"open","sticky":false,"template":"","format":"standard","meta":{"_exactmetrics_skip_tracking":false,"_exactmetrics_sitenote_active":false,"_exactmetrics_sitenote_note":"","_exactmetrics_sitenote_category":0,"jetpack_post_was_ever_published":false,"_jetpack_newsletter_access":"","_jetpack_newsletter_tier_id":0,"footnotes":"","jetpack_publicize_message":"","jetpack_is_tweetstorm":false,"jetpack_publicize_feature_enabled":true,"jetpack_social_post_already_shared":false,"jetpack_social_options":{"image_generator_settings":{"template":"highway","enabled":false}}},"categories":[4,10],"tags":[],"jetpack_publicize_connections":[],"jetpack_featured_media_url":"https:\/\/www.conape.org\/tvconape\/wp-content\/uploads\/2016\/11\/entrevista-con-los-ganadores-y-o.jpg","jetpack_sharing_enabled":true,"jetpack_shortlink":"https:\/\/wp.me\/p6jC0G-g4","jetpack-related-posts":[{"id":992,"url":"https:\/\/www.conape.org\/tvconape\/conape-en-chile-carrera-steel-race-entrevista-con-hector-manuel-y-mas-tvconape-191\/","url_meta":{"origin":996,"position":0},"title":"CONAPE en Chile, carrera Steel Race, entrevista con H\u00e9ctor Manuel y m\u00e1s &#8211; #TVCONAPE 192","author":"TV CONAPE","date":"4 noviembre, 2016","format":false,"excerpt":"En este programa de Circuito Cerrado transmitido en TV CONAPE, te contaremos sobre: * Conoce lo que sucedi\u00f3 en el 1er Congreso Internacional Cultural y Ecol\u00f3gico en Vi\u00f1a del Mar, Chile. * Alfredo Hern\u00e1ndez represent\u00f3 a CONAPE en Chile. * Conoce los incre\u00edbles clavados que se realizan en la \"La\u2026","rel":"","context":"En &quot;Circuito Cerrado&quot;","block_context":{"text":"Circuito Cerrado","link":"https:\/\/www.conape.org\/tvconape\/category\/circuito-cerrado\/"},"img":{"alt_text":"","src":"https:\/\/i0.wp.com\/www.conape.org\/tvconape\/wp-content\/uploads\/2016\/11\/conape-en-chile-carrera-steel-ra.jpg?resize=350%2C200&ssl=1","width":350,"height":200,"srcset":"https:\/\/i0.wp.com\/www.conape.org\/tvconape\/wp-content\/uploads\/2016\/11\/conape-en-chile-carrera-steel-ra.jpg?resize=350%2C200&ssl=1 1x, https:\/\/i0.wp.com\/www.conape.org\/tvconape\/wp-content\/uploads\/2016\/11\/conape-en-chile-carrera-steel-ra.jpg?resize=525%2C300&ssl=1 1.5x, https:\/\/i0.wp.com\/www.conape.org\/tvconape\/wp-content\/uploads\/2016\/11\/conape-en-chile-carrera-steel-ra.jpg?resize=700%2C400&ssl=1 2x, https:\/\/i0.wp.com\/www.conape.org\/tvconape\/wp-content\/uploads\/2016\/11\/conape-en-chile-carrera-steel-ra.jpg?resize=1050%2C600&ssl=1 3x"},"classes":[]},{"id":1092,"url":"https:\/\/www.conape.org\/tvconape\/novedosa-carrera-con-juegos-inflables-de-steel-race-en-zinacantepec-tvconape\/","url_meta":{"origin":996,"position":1},"title":"Novedosa carrera con juegos inflables de Steel Race en Zinacantepec &#8211; #TVCONAPE","author":"TV CONAPE","date":"25 enero, 2017","format":false,"excerpt":"Conoce la novedosa carrera que realiz\u00f3 Steel Race en el Municipio de Zinacantepec con motivo del D\u00eda de Reyes, por lo cual la carrera cont\u00f3 con obst\u00e1culos conformados por juegos inflables, adem\u00e1s de entrevistas con los ganadores de las diferentes categor\u00edas. Tambi\u00e9n podr\u00e1s ver una entrevista con un atleta mexicano\u2026","rel":"","context":"En &quot;Circuito Cerrado&quot;","block_context":{"text":"Circuito Cerrado","link":"https:\/\/www.conape.org\/tvconape\/category\/circuito-cerrado\/"},"img":{"alt_text":"","src":"https:\/\/i0.wp.com\/www.conape.org\/tvconape\/wp-content\/uploads\/2017\/01\/novedosa-carrera-con-juegos-infl.jpg?resize=350%2C200&ssl=1","width":350,"height":200,"srcset":"https:\/\/i0.wp.com\/www.conape.org\/tvconape\/wp-content\/uploads\/2017\/01\/novedosa-carrera-con-juegos-infl.jpg?resize=350%2C200&ssl=1 1x, https:\/\/i0.wp.com\/www.conape.org\/tvconape\/wp-content\/uploads\/2017\/01\/novedosa-carrera-con-juegos-infl.jpg?resize=525%2C300&ssl=1 1.5x, https:\/\/i0.wp.com\/www.conape.org\/tvconape\/wp-content\/uploads\/2017\/01\/novedosa-carrera-con-juegos-infl.jpg?resize=700%2C400&ssl=1 2x, https:\/\/i0.wp.com\/www.conape.org\/tvconape\/wp-content\/uploads\/2017\/01\/novedosa-carrera-con-juegos-infl.jpg?resize=1050%2C600&ssl=1 3x"},"classes":[]},{"id":1305,"url":"https:\/\/www.conape.org\/tvconape\/entrevista-con-la-banda-skumpunch%e2%80%8b-tvconape\/","url_meta":{"origin":996,"position":2},"title":"Entrevista con la Banda Skumpunch\u200b &#8211; #TVCONAPE","author":"TV CONAPE","date":"12 diciembre, 2017","format":false,"excerpt":"En CONAPE\u200b nos hemos caracterizado por apoyar al talento local y sobre todo de los j\u00f3venes y en esta ocasi\u00f3n te traemos una entrevista con los chicos de la Banda de Rock \"Skumpunch\" de la Ciudad de #Toluca, #Edom\u00e9x, disfr\u00fatala en exclusiva para #TVCONAPE. https:\/\/youtu.be\/a9DQg716Dbs \u00a0","rel":"","context":"En &quot;Circuito Cerrado&quot;","block_context":{"text":"Circuito Cerrado","link":"https:\/\/www.conape.org\/tvconape\/category\/circuito-cerrado\/"},"img":{"alt_text":"","src":"https:\/\/i0.wp.com\/www.conape.org\/tvconape\/wp-content\/uploads\/2017\/12\/entrevista-con-la-banda-skumpunc.jpg?resize=350%2C200&ssl=1","width":350,"height":200,"srcset":"https:\/\/i0.wp.com\/www.conape.org\/tvconape\/wp-content\/uploads\/2017\/12\/entrevista-con-la-banda-skumpunc.jpg?resize=350%2C200&ssl=1 1x, https:\/\/i0.wp.com\/www.conape.org\/tvconape\/wp-content\/uploads\/2017\/12\/entrevista-con-la-banda-skumpunc.jpg?resize=525%2C300&ssl=1 1.5x, https:\/\/i0.wp.com\/www.conape.org\/tvconape\/wp-content\/uploads\/2017\/12\/entrevista-con-la-banda-skumpunc.jpg?resize=700%2C400&ssl=1 2x, https:\/\/i0.wp.com\/www.conape.org\/tvconape\/wp-content\/uploads\/2017\/12\/entrevista-con-la-banda-skumpunc.jpg?resize=1050%2C600&ssl=1 3x"},"classes":[]},{"id":894,"url":"https:\/\/www.conape.org\/tvconape\/entrevistas-politicas-culturales-y-periodisticas-tv-conape-166\/","url_meta":{"origin":996,"position":3},"title":"Entrevistas pol\u00edticas, culturales y period\u00edsticas &#8211; TV CONAPE 166","author":"TV CONAPE","date":"22 abril, 2016","format":false,"excerpt":"ESTE PROGRAMA ES CIRCUITO CERRADO TRANSMITIDO EN #TVCONAPE. EN ESTA OCASI\u00d3N PODR\u00c1S OBSERVAR UN AN\u00c1LISIS DE LAS NOTICIAS M\u00c1S SOBRESALIENTES DEL \u00c1MBITO NACIONAL, INTERNACIONAL Y LOCAL: * CONOCE LA PRENSA REGIONAL DEL VALLE DE TOLUCA. * EL INFORME DE LOS 100 D\u00cdAS DE TRABAJO DEL PRESIDENTE MUNICIPAL DE ZINACANTEPEC, MANUEL\u2026","rel":"","context":"En &quot;Circuito Cerrado&quot;","block_context":{"text":"Circuito Cerrado","link":"https:\/\/www.conape.org\/tvconape\/category\/circuito-cerrado\/"},"img":{"alt_text":"","src":"https:\/\/i0.wp.com\/www.conape.org\/tvconape\/wp-content\/uploads\/2016\/04\/entrevistas-politicas-culturales.jpg?resize=350%2C200&ssl=1","width":350,"height":200,"srcset":"https:\/\/i0.wp.com\/www.conape.org\/tvconape\/wp-content\/uploads\/2016\/04\/entrevistas-politicas-culturales.jpg?resize=350%2C200&ssl=1 1x, https:\/\/i0.wp.com\/www.conape.org\/tvconape\/wp-content\/uploads\/2016\/04\/entrevistas-politicas-culturales.jpg?resize=525%2C300&ssl=1 1.5x, https:\/\/i0.wp.com\/www.conape.org\/tvconape\/wp-content\/uploads\/2016\/04\/entrevistas-politicas-culturales.jpg?resize=700%2C400&ssl=1 2x, https:\/\/i0.wp.com\/www.conape.org\/tvconape\/wp-content\/uploads\/2016\/04\/entrevistas-politicas-culturales.jpg?resize=1050%2C600&ssl=1 3x"},"classes":[]},{"id":835,"url":"https:\/\/www.conape.org\/tvconape\/tv-conape-circuito-cerrado-153-entrevista-con-quiropractico-trio-tepemajalco-y-mas\/","url_meta":{"origin":996,"position":4},"title":"TV CONAPE &#8211; Circuito Cerrado 153: ENTREVISTA CON QUIROPR\u00c1CTICO, TRIO TEPEMAJALCO Y M\u00c1S&#8230;","author":"TV CONAPE","date":"21 enero, 2016","format":false,"excerpt":"ESTE PROGRAMA ES CIRCUITO CERRADO TRANSMITIDO EN #TVCONAPE. EN ESTA OCASI\u00d3N PODR\u00c1S OBSERVAR UN AN\u00c1LISIS DE LAS NOTICIAS M\u00c1S SOBRESALIENTES DEL \u00c1MBITO NACIONAL, INTERNACIONAL Y LOCAL: * TERCER PROGRAMA DEL 2016. * ENTREVISTA DESDE GUERRERO REALIZADA POR NUESTRO VICEPRESIDENTE EN ESE ESTADO, SERVANDO MART\u00cdNEZ PINZ\u00d3N. * ENTREVISTA CON EL TRIO\u2026","rel":"","context":"En &quot;Circuito Cerrado&quot;","block_context":{"text":"Circuito Cerrado","link":"https:\/\/www.conape.org\/tvconape\/category\/circuito-cerrado\/"},"img":{"alt_text":"","src":"https:\/\/i0.wp.com\/www.conape.org\/tvconape\/wp-content\/uploads\/2016\/01\/tv-conape-circuito-cerrado-153-e.jpg?resize=350%2C200&ssl=1","width":350,"height":200,"srcset":"https:\/\/i0.wp.com\/www.conape.org\/tvconape\/wp-content\/uploads\/2016\/01\/tv-conape-circuito-cerrado-153-e.jpg?resize=350%2C200&ssl=1 1x, https:\/\/i0.wp.com\/www.conape.org\/tvconape\/wp-content\/uploads\/2016\/01\/tv-conape-circuito-cerrado-153-e.jpg?resize=525%2C300&ssl=1 1.5x, https:\/\/i0.wp.com\/www.conape.org\/tvconape\/wp-content\/uploads\/2016\/01\/tv-conape-circuito-cerrado-153-e.jpg?resize=700%2C400&ssl=1 2x, https:\/\/i0.wp.com\/www.conape.org\/tvconape\/wp-content\/uploads\/2016\/01\/tv-conape-circuito-cerrado-153-e.jpg?resize=1050%2C600&ssl=1 3x"},"classes":[]},{"id":1142,"url":"https:\/\/www.conape.org\/tvconape\/festival-de-la-chaya-y-entrevista-con-la-reina-del-cover-desde-chile-tvconape\/","url_meta":{"origin":996,"position":5},"title":"Festival de La Chaya y entrevista con &#8220;La Reina del Cover&#8221; desde Chile &#8211; #TVCONAPE","author":"TV CONAPE","date":"14 febrero, 2017","format":false,"excerpt":"En esta edici\u00f3n de TV CONAPE conocer\u00e1s m\u00e1s sobre el pa\u00eds de Chile y su festival de la Chaya que se celebra en Valpara\u00edso, adem\u00e1s una entrevista en exclusiva con NaoT \"La Reina del Cover\" que demuestra su incomparable voz, las c\u00e1maras de TV CONAPE viajaron hasta Valpara\u00edso, Chile con\u2026","rel":"","context":"En &quot;Circuito Cerrado&quot;","block_context":{"text":"Circuito Cerrado","link":"https:\/\/www.conape.org\/tvconape\/category\/circuito-cerrado\/"},"img":{"alt_text":"","src":"https:\/\/i0.wp.com\/www.conape.org\/tvconape\/wp-content\/uploads\/2017\/02\/festival-de-la-chaya-y-entrevist.jpg?resize=350%2C200&ssl=1","width":350,"height":200,"srcset":"https:\/\/i0.wp.com\/www.conape.org\/tvconape\/wp-content\/uploads\/2017\/02\/festival-de-la-chaya-y-entrevist.jpg?resize=350%2C200&ssl=1 1x, https:\/\/i0.wp.com\/www.conape.org\/tvconape\/wp-content\/uploads\/2017\/02\/festival-de-la-chaya-y-entrevist.jpg?resize=525%2C300&ssl=1 1.5x, https:\/\/i0.wp.com\/www.conape.org\/tvconape\/wp-content\/uploads\/2017\/02\/festival-de-la-chaya-y-entrevist.jpg?resize=700%2C400&ssl=1 2x, https:\/\/i0.wp.com\/www.conape.org\/tvconape\/wp-content\/uploads\/2017\/02\/festival-de-la-chaya-y-entrevist.jpg?resize=1050%2C600&ssl=1 3x"},"classes":[]}],"_links":{"self":[{"href":"https:\/\/www.conape.org\/tvconape\/wp-json\/wp\/v2\/posts\/996"}],"collection":[{"href":"https:\/\/www.conape.org\/tvconape\/wp-json\/wp\/v2\/posts"}],"about":[{"href":"https:\/\/www.conape.org\/tvconape\/wp-json\/wp\/v2\/types\/post"}],"author":[{"embeddable":true,"href":"https:\/\/www.conape.org\/tvconape\/wp-json\/wp\/v2\/users\/1"}],"replies":[{"embeddable":true,"href":"https:\/\/www.conape.org\/tvconape\/wp-json\/wp\/v2\/comments?post=996"}],"version-history":[{"count":3,"href":"https:\/\/www.conape.org\/tvconape\/wp-json\/wp\/v2\/posts\/996\/revisions"}],"predecessor-version":[{"id":1001,"href":"https:\/\/www.conape.org\/tvconape\/wp-json\/wp\/v2\/posts\/996\/revisions\/1001"}],"wp:featuredmedia":[{"embeddable":true,"href":"https:\/\/www.conape.org\/tvconape\/wp-json\/wp\/v2\/media\/998"}],"wp:attachment":[{"href":"https:\/\/www.conape.org\/tvconape\/wp-json\/wp\/v2\/media?parent=996"}],"wp:term":[{"taxonomy":"category","embeddable":true,"href":"https:\/\/www.conape.org\/tvconape\/wp-json\/wp\/v2\/categories?post=996"},{"taxonomy":"post_tag","embeddable":true,"href":"https:\/\/www.conape.org\/tvconape\/wp-json\/wp\/v2\/tags?post=996"}],"curies":[{"name":"wp","href":"https:\/\/api.w.org\/{rel}","templated":true}]}}