{"id":974,"date":"2016-09-22T15:21:01","date_gmt":"2016-09-22T20:21:01","guid":{"rendered":"http:\/\/www.conape.org\/tvconape\/?p=974"},"modified":"2016-09-23T23:10:59","modified_gmt":"2016-09-24T04:10:59","slug":"conape-entrega-propuesta-de-ley-en-favor-de-los-periodistas-tvconape-187","status":"publish","type":"post","link":"https:\/\/www.conape.org\/tvconape\/conape-entrega-propuesta-de-ley-en-favor-de-los-periodistas-tvconape-187\/","title":{"rendered":"CONAPE entrega propuesta de Ley en favor de los periodistas &#8211; #TVCONAPE 187"},"content":{"rendered":"<p style=\"text-align: left;\"><span style=\"color: #000000;\">En este programa de Circuito Cerrado transmitido en TV CONAPE, te contaremos sobre :<\/span><\/p>\n<p style=\"text-align: left;\"><span style=\"color: #000000;\">* Hablamos sobre la propuesta de Ley en favor de los periodistas que CONAPE present\u00f3 ante la Legislatura del Estado de M\u00e9xico.<\/span><\/p>\n<p style=\"text-align: left;\"><span style=\"color: #000000;\">* Polic\u00edas en Plaza Sendero del Estado de M\u00e9xico extorsionando y golpeando a un ciudadano.<\/span><\/p>\n<p style=\"text-align: left;\"><span style=\"color: #000000;\">* Invitaci\u00f3n del Vicepresidente del Valle de M\u00e9xico de CONAPE, Luis Ignacio Lujano a la 3ra Cumbre Internacional de Periodimos que se realizar\u00e1 en Valle de Bravo, Estado de M\u00e9xico, del 30 de noviembre al 2 de diciembre.<\/span><\/p>\n<p style=\"text-align: left;\"><span style=\"color: #000000;\">* Cumplea\u00f1os del ex Presidente Municipal de Almoloya de Ju\u00e1rez, Vicente Estrada Iniesta.<\/span><\/p>\n<p style=\"text-align: left;\"><span style=\"color: #000000;\">* Conoce un poco m\u00e1s que lo que ser\u00e1 la entrega de los premio Luna de Plata en Guatemala.<\/span><\/p>\n<p style=\"text-align: left;\"><span style=\"color: #000000;\">* En la m\u00fasica ver\u00e1s una entrevista con el grupo Axs que le hace un tributo a Kiss.<\/span><\/p>\n<p style=\"text-align: left;\"><span style=\"color: #000000;\">* Resumen de noticias desde Guadalajara, Jalisco, con la Vicepresidenta de CONAPE en ese estado, Mar\u00eda del Carmen V\u00e1zquez Amador.<\/span><\/p>\n<p style=\"text-align: left;\"><span style=\"color: #000000;\">* Invitaci\u00f3n del Vicepresidente de CONAPE en Toluca, M\u00e9xico, Julio Requena a la 3ra Cumbre Internacional de Periodismo que se realizar\u00e1 en Valle de Bravo, Estado de M\u00e9xico, del 30 de noviembre al 2 de diciembre.<\/span><\/p>\n<p style=\"text-align: left;\"><span style=\"color: #000000;\">* Risas, cr\u00edticas, comentarios, opiniones, denuncias, humor, magia y mucho m\u00e1s s\u00f3lo en TV CONAPE&#8230;<\/span><\/p>\n<p><span class=\"embed-youtube\" style=\"text-align:center; display: block;\"><iframe loading=\"lazy\" class=\"youtube-player\" width=\"648\" height=\"365\" src=\"https:\/\/www.youtube.com\/embed\/W_uWsnKXcZ4?version=3&#038;rel=1&#038;showsearch=0&#038;showinfo=1&#038;iv_load_policy=1&#038;fs=1&#038;hl=es-MX&#038;autohide=2&#038;wmode=transparent\" allowfullscreen=\"true\" style=\"border:0;\" sandbox=\"allow-scripts allow-same-origin allow-popups allow-presentation allow-popups-to-escape-sandbox\"><\/iframe><\/span><\/p>\n","protected":false},"excerpt":{"rendered":"<p>En este programa de Circuito Cerrado transmitido en TV CONAPE, te contaremos sobre : * Hablamos sobre la propuesta de Ley en favor de los periodistas que CONAPE present\u00f3 ante la Legislatura del Estado de M\u00e9xico. * Polic\u00edas en Plaza Sendero del Estado de M\u00e9xico extorsionando y golpeando a un ciudadano. * Invitaci\u00f3n del Vicepresidente [&hellip;]<\/p>\n","protected":false},"author":1,"featured_media":976,"comment_status":"open","ping_status":"open","sticky":false,"template":"","format":"standard","meta":{"_exactmetrics_skip_tracking":false,"_exactmetrics_sitenote_active":false,"_exactmetrics_sitenote_note":"","_exactmetrics_sitenote_category":0,"jetpack_post_was_ever_published":false,"_jetpack_newsletter_access":"","_jetpack_newsletter_tier_id":0,"footnotes":"","jetpack_publicize_message":"","jetpack_is_tweetstorm":false,"jetpack_publicize_feature_enabled":true,"jetpack_social_post_already_shared":false,"jetpack_social_options":{"image_generator_settings":{"template":"highway","enabled":false}}},"categories":[4],"tags":[],"jetpack_publicize_connections":[],"jetpack_featured_media_url":"https:\/\/www.conape.org\/tvconape\/wp-content\/uploads\/2016\/09\/conape-entrega-propuesta-de-ley.jpg","jetpack_sharing_enabled":true,"jetpack_shortlink":"https:\/\/wp.me\/p6jC0G-fI","jetpack-related-posts":[{"id":956,"url":"https:\/\/www.conape.org\/tvconape\/agrupaciones-de-periodistas-como-corpecoe-y-uptex-forman-alianza-con-conape-tvconape-182\/","url_meta":{"origin":974,"position":0},"title":"Agrupaciones de periodistas como CORPECOE y UPTEX forman alianza con CONAPE &#8211; #TVCONAPE 182","author":"TV CONAPE","date":"18 agosto, 2016","format":false,"excerpt":"En este programa de Circuito Cerrado transmitido en TV CONAPE, podr\u00e1s ver un an\u00e1lisis de las noticias mas sobresalientes del \u00e1mbito internacional, nacional y local: * Ver\u00e1s los trabajos de la Diputada Local del Distrito 45, Aide Flores Delgados, quien sigue apoyando a los ciudadanos a\u00fan cuando tiene ocho meses\u2026","rel":"","context":"En &quot;Circuito Cerrado&quot;","block_context":{"text":"Circuito Cerrado","link":"https:\/\/www.conape.org\/tvconape\/category\/circuito-cerrado\/"},"img":{"alt_text":"","src":"https:\/\/i0.wp.com\/www.conape.org\/tvconape\/wp-content\/uploads\/2016\/08\/agrupaciones-de-periodistas-como.jpg?resize=350%2C200&ssl=1","width":350,"height":200,"srcset":"https:\/\/i0.wp.com\/www.conape.org\/tvconape\/wp-content\/uploads\/2016\/08\/agrupaciones-de-periodistas-como.jpg?resize=350%2C200&ssl=1 1x, https:\/\/i0.wp.com\/www.conape.org\/tvconape\/wp-content\/uploads\/2016\/08\/agrupaciones-de-periodistas-como.jpg?resize=525%2C300&ssl=1 1.5x, https:\/\/i0.wp.com\/www.conape.org\/tvconape\/wp-content\/uploads\/2016\/08\/agrupaciones-de-periodistas-como.jpg?resize=700%2C400&ssl=1 2x, https:\/\/i0.wp.com\/www.conape.org\/tvconape\/wp-content\/uploads\/2016\/08\/agrupaciones-de-periodistas-como.jpg?resize=1050%2C600&ssl=1 3x"},"classes":[]},{"id":1044,"url":"https:\/\/www.conape.org\/tvconape\/restringen-la-entrada-a-mexico-a-periodistas-internacionales-tvconape\/","url_meta":{"origin":974,"position":1},"title":"Restringen la entrada a M\u00e9xico a periodistas internacionales &#8211; #TVCONAPE","author":"TV CONAPE","date":"13 diciembre, 2016","format":false,"excerpt":"En esta edici\u00f3n de TV CONAPE, podr\u00e1s ver a Rafael Loret de Mola hablando de las restricciones que pusieron en los aeropuertos internacionales de diferentes pa\u00edses para el ingreso de los periodistas que ven\u00edan a la Tercera Cumbre Internacional de Periodismo realizada por CONAPE, en Valle de Bravo, Estado de\u2026","rel":"","context":"En &quot;Circuito Cerrado&quot;","block_context":{"text":"Circuito Cerrado","link":"https:\/\/www.conape.org\/tvconape\/category\/circuito-cerrado\/"},"img":{"alt_text":"","src":"https:\/\/i0.wp.com\/www.conape.org\/tvconape\/wp-content\/uploads\/2016\/12\/restringen-la-entrada-a-mexico-a.jpg?resize=350%2C200&ssl=1","width":350,"height":200,"srcset":"https:\/\/i0.wp.com\/www.conape.org\/tvconape\/wp-content\/uploads\/2016\/12\/restringen-la-entrada-a-mexico-a.jpg?resize=350%2C200&ssl=1 1x, https:\/\/i0.wp.com\/www.conape.org\/tvconape\/wp-content\/uploads\/2016\/12\/restringen-la-entrada-a-mexico-a.jpg?resize=525%2C300&ssl=1 1.5x, https:\/\/i0.wp.com\/www.conape.org\/tvconape\/wp-content\/uploads\/2016\/12\/restringen-la-entrada-a-mexico-a.jpg?resize=700%2C400&ssl=1 2x, https:\/\/i0.wp.com\/www.conape.org\/tvconape\/wp-content\/uploads\/2016\/12\/restringen-la-entrada-a-mexico-a.jpg?resize=1050%2C600&ssl=1 3x"},"classes":[]},{"id":774,"url":"https:\/\/www.conape.org\/tvconape\/tv-conape-circuito-cerrado-142-huracan-patricia-una-realidad-una-mentira-o-una-exageracion\/","url_meta":{"origin":974,"position":2},"title":"TV CONAPE &#8211; Circuito Cerrado 142: HURAC\u00c1N PATRICIA UNA REALIDAD, UNA MENTIRA O UNA EXAGERACI\u00d3N","author":"TV CONAPE","date":"30 octubre, 2015","format":false,"excerpt":"ESTE PROGRAMA ES CIRCUITO CERRADO TRANSMITIDO EN #TVCONAPE. EN ESTA OCASI\u00d3N PODR\u00c1S OBSERVAR UN AN\u00c1LISIS DE LAS NOTICIAS M\u00c1S SOBRESALIENTES DEL \u00c1MBITO NACIONAL, INTERNACIONAL Y LOCAL: * HABLAREMOS DEL HURAC\u00c1N PATRICIA, LO QUE SUCEDIO, SI FUE UNA REALIDAD, UNA MENTIRA O UNA EXAGERACI\u00d3N, COMENTARIOS DE NUESTRO VICEPRESIDENTE DE COLIMA, MARIO\u2026","rel":"","context":"En &quot;Circuito Cerrado&quot;","block_context":{"text":"Circuito Cerrado","link":"https:\/\/www.conape.org\/tvconape\/category\/circuito-cerrado\/"},"img":{"alt_text":"","src":"https:\/\/i0.wp.com\/www.conape.org\/tvconape\/wp-content\/uploads\/2015\/10\/tv-conape-circuito-cerrado-142-h.jpg?resize=350%2C200&ssl=1","width":350,"height":200,"srcset":"https:\/\/i0.wp.com\/www.conape.org\/tvconape\/wp-content\/uploads\/2015\/10\/tv-conape-circuito-cerrado-142-h.jpg?resize=350%2C200&ssl=1 1x, https:\/\/i0.wp.com\/www.conape.org\/tvconape\/wp-content\/uploads\/2015\/10\/tv-conape-circuito-cerrado-142-h.jpg?resize=525%2C300&ssl=1 1.5x, https:\/\/i0.wp.com\/www.conape.org\/tvconape\/wp-content\/uploads\/2015\/10\/tv-conape-circuito-cerrado-142-h.jpg?resize=700%2C400&ssl=1 2x, https:\/\/i0.wp.com\/www.conape.org\/tvconape\/wp-content\/uploads\/2015\/10\/tv-conape-circuito-cerrado-142-h.jpg?resize=1050%2C600&ssl=1 3x, https:\/\/i0.wp.com\/www.conape.org\/tvconape\/wp-content\/uploads\/2015\/10\/tv-conape-circuito-cerrado-142-h.jpg?resize=1400%2C800&ssl=1 4x"},"classes":[]},{"id":801,"url":"https:\/\/www.conape.org\/tvconape\/tv-conape-circuito-cerrado-146-agresion-a-periodistas-y-conape-en-hidalgo\/","url_meta":{"origin":974,"position":3},"title":"TV CONAPE &#8211; Circuito Cerrado 146: Agresi\u00f3n a periodistas y CONAPE en Hidalgo","author":"TV CONAPE","date":"27 noviembre, 2015","format":false,"excerpt":"ESTE PROGRAMA ES CIRCUITO CERRADO TRANSMITIDO EN #TVCONAPE. EN ESTA OCASI\u00d3N PODR\u00c1S OBSERVAR UN AN\u00c1LISIS DE LAS NOTICIAS M\u00c1S SOBRESALIENTES DEL \u00c1MBITO NACIONAL, INTERNACIONAL Y LOCAL: * OBSERVAREMOS LA AGRESI\u00d3N QUE SUFRI\u00d3 EL VICEPRESIDENTE DE CONAPE EN MICHAC\u00c1N, MACARIO RAMOS CH\u00c1VEZ, ESTO EN UNA MANIFESTACI\u00d3N DEL MAGISTERIO EN ESE ESTADO.\u2026","rel":"","context":"En &quot;Circuito Cerrado&quot;","block_context":{"text":"Circuito Cerrado","link":"https:\/\/www.conape.org\/tvconape\/category\/circuito-cerrado\/"},"img":{"alt_text":"","src":"https:\/\/i0.wp.com\/www.conape.org\/tvconape\/wp-content\/uploads\/2015\/11\/tv-conape-circuito-cerrado-146-a.jpg?resize=350%2C200&ssl=1","width":350,"height":200},"classes":[]},{"id":784,"url":"https:\/\/www.conape.org\/tvconape\/tv-conape-circuito-cerrado-143-especial-diademuertos-2015-3\/","url_meta":{"origin":974,"position":4},"title":"TV CONAPE &#8211; Circuito Cerrado 143: Especial #D\u00edaDeMuertos 2015","author":"TV CONAPE","date":"6 noviembre, 2015","format":false,"excerpt":"ESTE PROGRAMA ES CIRCUITO CERRADO TRANSMITIDO EN #TVCONAPE. EN ESTA OCASI\u00d3N PODR\u00c1S OBSERVAR UN AN\u00c1LISIS DE LAS NOTICIAS M\u00c1S SOBRESALIENTES DEL \u00c1MBITO NACIONAL, INTERNACIONAL Y LOCAL: * PROGRAMA ESPECIAL DE #D\u00cdADEMUERTOS Y DE #HALLOWEEN. * LA PROPUESTA DE LA #LEYFAYAD SOBRE CASTIGAR A USUARIOS DEL INTERNET. * OBSERVA UNA OBRA\u2026","rel":"","context":"En &quot;Circuito Cerrado&quot;","block_context":{"text":"Circuito Cerrado","link":"https:\/\/www.conape.org\/tvconape\/category\/circuito-cerrado\/"},"img":{"alt_text":"","src":"https:\/\/i0.wp.com\/www.conape.org\/tvconape\/wp-content\/uploads\/2015\/11\/tv-conape-circuito-cerrado-143-e.jpg?resize=350%2C200&ssl=1","width":350,"height":200,"srcset":"https:\/\/i0.wp.com\/www.conape.org\/tvconape\/wp-content\/uploads\/2015\/11\/tv-conape-circuito-cerrado-143-e.jpg?resize=350%2C200&ssl=1 1x, https:\/\/i0.wp.com\/www.conape.org\/tvconape\/wp-content\/uploads\/2015\/11\/tv-conape-circuito-cerrado-143-e.jpg?resize=525%2C300&ssl=1 1.5x, https:\/\/i0.wp.com\/www.conape.org\/tvconape\/wp-content\/uploads\/2015\/11\/tv-conape-circuito-cerrado-143-e.jpg?resize=700%2C400&ssl=1 2x, https:\/\/i0.wp.com\/www.conape.org\/tvconape\/wp-content\/uploads\/2015\/11\/tv-conape-circuito-cerrado-143-e.jpg?resize=1050%2C600&ssl=1 3x, https:\/\/i0.wp.com\/www.conape.org\/tvconape\/wp-content\/uploads\/2015\/11\/tv-conape-circuito-cerrado-143-e.jpg?resize=1400%2C800&ssl=1 4x"},"classes":[]},{"id":913,"url":"https:\/\/www.conape.org\/tvconape\/manifestacion-en-toluca-y-asamblea-de-conape-en-tabasco-tv-conape-171\/","url_meta":{"origin":974,"position":5},"title":"MANIFESTACI\u00d3N EN TOLUCA Y ASAMBLEA DE CONAPE EN TABASCO &#8211; TV CONAPE 171","author":"TV CONAPE","date":"26 mayo, 2016","format":false,"excerpt":"ESTE PROGRAMA ES CIRCUITO CERRADO TRANSMITIDO EN #TVCONAPE. EN ESTA OCASI\u00d3N PODR\u00c1S OBSERVAR UN AN\u00c1LISIS DE LAS NOTICIAS M\u00c1S SOBRESALIENTES DEL \u00c1MBITO NACIONAL, INTERNACIONAL Y LOCAL: * VEREMOS LO QUE SUCEDI\u00d3 EN LA ASAMBLEA ESTATAL DE CONAP EN TABASCO. * ENTREGA DE NOMBRAMIENTOS A LA NUEVA ESTRUCTURA DE CONAPE EN\u2026","rel":"","context":"En &quot;Circuito Cerrado&quot;","block_context":{"text":"Circuito Cerrado","link":"https:\/\/www.conape.org\/tvconape\/category\/circuito-cerrado\/"},"img":{"alt_text":"","src":"https:\/\/i0.wp.com\/www.conape.org\/tvconape\/wp-content\/uploads\/2016\/05\/manifestacion-en-toluca-y-asambl.jpg?resize=350%2C200&ssl=1","width":350,"height":200,"srcset":"https:\/\/i0.wp.com\/www.conape.org\/tvconape\/wp-content\/uploads\/2016\/05\/manifestacion-en-toluca-y-asambl.jpg?resize=350%2C200&ssl=1 1x, https:\/\/i0.wp.com\/www.conape.org\/tvconape\/wp-content\/uploads\/2016\/05\/manifestacion-en-toluca-y-asambl.jpg?resize=525%2C300&ssl=1 1.5x, https:\/\/i0.wp.com\/www.conape.org\/tvconape\/wp-content\/uploads\/2016\/05\/manifestacion-en-toluca-y-asambl.jpg?resize=700%2C400&ssl=1 2x, https:\/\/i0.wp.com\/www.conape.org\/tvconape\/wp-content\/uploads\/2016\/05\/manifestacion-en-toluca-y-asambl.jpg?resize=1050%2C600&ssl=1 3x"},"classes":[]}],"_links":{"self":[{"href":"https:\/\/www.conape.org\/tvconape\/wp-json\/wp\/v2\/posts\/974"}],"collection":[{"href":"https:\/\/www.conape.org\/tvconape\/wp-json\/wp\/v2\/posts"}],"about":[{"href":"https:\/\/www.conape.org\/tvconape\/wp-json\/wp\/v2\/types\/post"}],"author":[{"embeddable":true,"href":"https:\/\/www.conape.org\/tvconape\/wp-json\/wp\/v2\/users\/1"}],"replies":[{"embeddable":true,"href":"https:\/\/www.conape.org\/tvconape\/wp-json\/wp\/v2\/comments?post=974"}],"version-history":[{"count":1,"href":"https:\/\/www.conape.org\/tvconape\/wp-json\/wp\/v2\/posts\/974\/revisions"}],"predecessor-version":[{"id":975,"href":"https:\/\/www.conape.org\/tvconape\/wp-json\/wp\/v2\/posts\/974\/revisions\/975"}],"wp:featuredmedia":[{"embeddable":true,"href":"https:\/\/www.conape.org\/tvconape\/wp-json\/wp\/v2\/media\/976"}],"wp:attachment":[{"href":"https:\/\/www.conape.org\/tvconape\/wp-json\/wp\/v2\/media?parent=974"}],"wp:term":[{"taxonomy":"category","embeddable":true,"href":"https:\/\/www.conape.org\/tvconape\/wp-json\/wp\/v2\/categories?post=974"},{"taxonomy":"post_tag","embeddable":true,"href":"https:\/\/www.conape.org\/tvconape\/wp-json\/wp\/v2\/tags?post=974"}],"curies":[{"name":"wp","href":"https:\/\/api.w.org\/{rel}","templated":true}]}}