{"id":967,"date":"2016-09-08T10:05:42","date_gmt":"2016-09-08T15:05:42","guid":{"rendered":"http:\/\/www.conape.org\/tvconape\/?p=967"},"modified":"2016-09-08T10:05:42","modified_gmt":"2016-09-08T15:05:42","slug":"un-verdadero-apoyo-a-la-educacion-en-cuauhtemoc-colima-tvconape-185","status":"publish","type":"post","link":"https:\/\/www.conape.org\/tvconape\/un-verdadero-apoyo-a-la-educacion-en-cuauhtemoc-colima-tvconape-185\/","title":{"rendered":"Un verdadero apoyo a la educaci\u00f3n en Cuauht\u00e9moc, Colima &#8211; #TVCONAPE 185"},"content":{"rendered":"<p style=\"text-align: left;\"><span style=\"color: #000000;\">En este programa de Circuito Cerrado transmitido en TV CONAPE, podr\u00e1s ver un an\u00e1lisis de las noticias mas sobresalientes del \u00e1mbito internacional, nacional y local:<\/span><\/p>\n<p style=\"text-align: left;\"><span style=\"color: #000000;\">* Podr\u00e1s ver la invitaci\u00f3n del destacado periodista y escritor, Andr\u00e9s A. Sol\u00eds \u00c1lvarez, a la Tercera Cumbre Internacional de Periodismo (#CumbreCONAPE2016) que se llevar\u00e1 acabo en Valle de Bravo, Estado de M\u00e9xico, M\u00e9xico, del 30 de noviembre al 2 de diciembre.<\/span><\/p>\n<p style=\"text-align: left;\"><span style=\"color: #000000;\">* Un resumen de noticias desde Guadalajara, Jalisco que envie nuestra Vicepresidenta de CONAPE en ese estado, Mar\u00eda del Carmen V\u00e1zquez Amador.<\/span><\/p>\n<p style=\"text-align: left;\"><span style=\"color: #000000;\">* Un resumen de noticias desde Zacatecas que nos env\u00eda nuestro Vicepresidente de ese estado, Alberto Villalobos en conjunto con Ra\u00fal Ram\u00edrez; nuestros amigos del noticiero Plata &amp; Punto.<\/span><\/p>\n<p style=\"text-align: left;\"><span style=\"color: #000000;\">* Tambi\u00e9n podr\u00e1s ver la exaltaci\u00f3n del periodista Leonardo Schwebel en su programa \u00a1Hasta aqu\u00ed! desde Guadalajara, Jalisco, por la visita de Donald Trump a M\u00e9xico.<\/span><\/p>\n<p style=\"text-align: left;\"><span style=\"color: #000000;\">* Podr\u00e1s ver el apoyo a la educaci\u00f3n que esta brindando el alcalde municipal de Cuauht\u00e9moc, Colima, Rafael Mendoza God\u00ednez, quien ha implementado un programa donde les paga a todos los estudiantes de universidad el costo de transporte, a los niveles educativos como kinder, primaria y secundaria, les otorgar\u00e1 uniformes y zapatos, todo con recursos propios y con la finalidad de poyar y fomentar la educaci\u00f3n en el municipio.<\/span><\/p>\n<p style=\"text-align: left;\"><span style=\"color: #000000;\">* Risas, cr\u00edticas, comentarios, opiniones, denuncias, humor, magia y mucho m\u00e1s s\u00f3lo en TV CONAPE&#8230;<\/span><\/p>\n<p><span class=\"embed-youtube\" style=\"text-align:center; display: block;\"><iframe loading=\"lazy\" class=\"youtube-player\" width=\"648\" height=\"365\" src=\"https:\/\/www.youtube.com\/embed\/5iM_FIRk5-Q?version=3&#038;rel=1&#038;showsearch=0&#038;showinfo=1&#038;iv_load_policy=1&#038;fs=1&#038;hl=es-MX&#038;autohide=2&#038;wmode=transparent\" allowfullscreen=\"true\" style=\"border:0;\" sandbox=\"allow-scripts allow-same-origin allow-popups allow-presentation allow-popups-to-escape-sandbox\"><\/iframe><\/span><\/p>\n","protected":false},"excerpt":{"rendered":"<p>En este programa de Circuito Cerrado transmitido en TV CONAPE, podr\u00e1s ver un an\u00e1lisis de las noticias mas sobresalientes del \u00e1mbito internacional, nacional y local: * Podr\u00e1s ver la invitaci\u00f3n del destacado periodista y escritor, Andr\u00e9s A. Sol\u00eds \u00c1lvarez, a la Tercera Cumbre Internacional de Periodismo (#CumbreCONAPE2016) que se llevar\u00e1 acabo en Valle de Bravo, [&hellip;]<\/p>\n","protected":false},"author":1,"featured_media":969,"comment_status":"open","ping_status":"open","sticky":false,"template":"","format":"standard","meta":{"_exactmetrics_skip_tracking":false,"_exactmetrics_sitenote_active":false,"_exactmetrics_sitenote_note":"","_exactmetrics_sitenote_category":0,"jetpack_post_was_ever_published":false,"_jetpack_newsletter_access":"","_jetpack_newsletter_tier_id":0,"footnotes":"","jetpack_publicize_message":"","jetpack_is_tweetstorm":false,"jetpack_publicize_feature_enabled":true,"jetpack_social_post_already_shared":false,"jetpack_social_options":{"image_generator_settings":{"template":"highway","enabled":false}}},"categories":[4],"tags":[],"jetpack_publicize_connections":[],"jetpack_featured_media_url":"https:\/\/www.conape.org\/tvconape\/wp-content\/uploads\/2016\/09\/un-verdadero-apoyo-a-la-educacio.jpg","jetpack_sharing_enabled":true,"jetpack_shortlink":"https:\/\/wp.me\/p6jC0G-fB","jetpack-related-posts":[{"id":960,"url":"https:\/\/www.conape.org\/tvconape\/recuerdos-de-la-cumbre-internacional-de-periodismo-en-colombia-tvconape-183\/","url_meta":{"origin":967,"position":0},"title":"Recuerdos de la Cumbre Internacional de Periodismo en Colombia &#8211; #TVCONAPE 183","author":"TV CONAPE","date":"25 agosto, 2016","format":false,"excerpt":"En este programa de Circuito Cerrado transmitido en TV CONAPE, podr\u00e1s ver un an\u00e1lisis de las noticias mas sobresalientes del \u00e1mbito internacional, nacional y local: * Hablaremos sobre la polic\u00eda federal, estatal y municipal. * Recordaremos un poco de lo sucedido en la Segunda Cumbre Internacional de Periodismo que se\u2026","rel":"","context":"En &quot;Circuito Cerrado&quot;","block_context":{"text":"Circuito Cerrado","link":"https:\/\/www.conape.org\/tvconape\/category\/circuito-cerrado\/"},"img":{"alt_text":"","src":"https:\/\/i0.wp.com\/www.conape.org\/tvconape\/wp-content\/uploads\/2016\/08\/recuerdos-de-la-cumbre-internaci.jpg?resize=350%2C200&ssl=1","width":350,"height":200,"srcset":"https:\/\/i0.wp.com\/www.conape.org\/tvconape\/wp-content\/uploads\/2016\/08\/recuerdos-de-la-cumbre-internaci.jpg?resize=350%2C200&ssl=1 1x, https:\/\/i0.wp.com\/www.conape.org\/tvconape\/wp-content\/uploads\/2016\/08\/recuerdos-de-la-cumbre-internaci.jpg?resize=525%2C300&ssl=1 1.5x, https:\/\/i0.wp.com\/www.conape.org\/tvconape\/wp-content\/uploads\/2016\/08\/recuerdos-de-la-cumbre-internaci.jpg?resize=700%2C400&ssl=1 2x, https:\/\/i0.wp.com\/www.conape.org\/tvconape\/wp-content\/uploads\/2016\/08\/recuerdos-de-la-cumbre-internaci.jpg?resize=1050%2C600&ssl=1 3x"},"classes":[]},{"id":949,"url":"https:\/\/www.conape.org\/tvconape\/otro-gasolinazo-en-mexico-tvconape-180\/","url_meta":{"origin":967,"position":1},"title":"Otro gasolinazo en M\u00e9xico &#8211; #TVCONAPE 180","author":"TV CONAPE","date":"5 agosto, 2016","format":false,"excerpt":"En este programa de Circuito Cerrado transmitido en TV CONAPE, podr\u00e1s ver un an\u00e1lisis de las noticias mas sobresalientes del \u00e1mbito internacional, nacional y local: * Conoce la 4a Feria del Marisco en Zinacantepec, Estado de M\u00e9xico. * Andr\u00e9s Manuel L\u00f3pez Obrador hablando sobre el incremento de la gasolina en\u2026","rel":"","context":"En &quot;Circuito Cerrado&quot;","block_context":{"text":"Circuito Cerrado","link":"https:\/\/www.conape.org\/tvconape\/category\/circuito-cerrado\/"},"img":{"alt_text":"","src":"https:\/\/i0.wp.com\/www.conape.org\/tvconape\/wp-content\/uploads\/2016\/08\/otro-gasolinazo-en-mexico-tvcona.jpg?resize=350%2C200&ssl=1","width":350,"height":200,"srcset":"https:\/\/i0.wp.com\/www.conape.org\/tvconape\/wp-content\/uploads\/2016\/08\/otro-gasolinazo-en-mexico-tvcona.jpg?resize=350%2C200&ssl=1 1x, https:\/\/i0.wp.com\/www.conape.org\/tvconape\/wp-content\/uploads\/2016\/08\/otro-gasolinazo-en-mexico-tvcona.jpg?resize=525%2C300&ssl=1 1.5x, https:\/\/i0.wp.com\/www.conape.org\/tvconape\/wp-content\/uploads\/2016\/08\/otro-gasolinazo-en-mexico-tvcona.jpg?resize=700%2C400&ssl=1 2x, https:\/\/i0.wp.com\/www.conape.org\/tvconape\/wp-content\/uploads\/2016\/08\/otro-gasolinazo-en-mexico-tvcona.jpg?resize=1050%2C600&ssl=1 3x, https:\/\/i0.wp.com\/www.conape.org\/tvconape\/wp-content\/uploads\/2016\/08\/otro-gasolinazo-en-mexico-tvcona.jpg?resize=1400%2C800&ssl=1 4x"},"classes":[]},{"id":945,"url":"https:\/\/www.conape.org\/tvconape\/mexicanos-que-logran-el-sueno-americano-tvconape-179\/","url_meta":{"origin":967,"position":2},"title":"Mexicanos que logran el sue\u00f1o americano &#8211; #TVCONAPE 179","author":"TV CONAPE","date":"28 julio, 2016","format":false,"excerpt":"En este programa de Circuito Cerrado transmitido en TV CONAPE, podr\u00e1s ver un an\u00e1lisis de las noticias mas sobresalientes del \u00e1mbito internacional, nacional y local: * Tenemos un resumen de las noticias m\u00e1s destacadas del estado de Jalisco. * Hablamos sobre la inundaci\u00f3n en el Municipio de Zinacantepec, Estado de\u2026","rel":"","context":"En &quot;Circuito Cerrado&quot;","block_context":{"text":"Circuito Cerrado","link":"https:\/\/www.conape.org\/tvconape\/category\/circuito-cerrado\/"},"img":{"alt_text":"","src":"https:\/\/i0.wp.com\/www.conape.org\/tvconape\/wp-content\/uploads\/2016\/07\/mexicanos-que-logran-el-sueno-am.jpg?resize=350%2C200&ssl=1","width":350,"height":200,"srcset":"https:\/\/i0.wp.com\/www.conape.org\/tvconape\/wp-content\/uploads\/2016\/07\/mexicanos-que-logran-el-sueno-am.jpg?resize=350%2C200&ssl=1 1x, https:\/\/i0.wp.com\/www.conape.org\/tvconape\/wp-content\/uploads\/2016\/07\/mexicanos-que-logran-el-sueno-am.jpg?resize=525%2C300&ssl=1 1.5x, https:\/\/i0.wp.com\/www.conape.org\/tvconape\/wp-content\/uploads\/2016\/07\/mexicanos-que-logran-el-sueno-am.jpg?resize=700%2C400&ssl=1 2x, https:\/\/i0.wp.com\/www.conape.org\/tvconape\/wp-content\/uploads\/2016\/07\/mexicanos-que-logran-el-sueno-am.jpg?resize=1050%2C600&ssl=1 3x, https:\/\/i0.wp.com\/www.conape.org\/tvconape\/wp-content\/uploads\/2016\/07\/mexicanos-que-logran-el-sueno-am.jpg?resize=1400%2C800&ssl=1 4x"},"classes":[]},{"id":934,"url":"https:\/\/www.conape.org\/tvconape\/conoce-los-nuevos-estudios-de-radioconape-y-tvconape-tv-conape-176\/","url_meta":{"origin":967,"position":3},"title":"Conoce los nuevos estudios de #RadioCONAPE y #TVCONAPE &#8211; TV CONAPE 176","author":"TV CONAPE","date":"8 julio, 2016","format":false,"excerpt":"En este programa de Circuito Cerrado transmitido en #TVCONAPE, podr\u00e1s ver un an\u00e1lisis de las noticias mas sobresalientes del \u00e1mbito internacional, nacional y local: * Ver\u00e1s la opini\u00f3n del Asesor Internacional de CONAPE, Rafael Loret de Mola. * Una entrega de apoyos a los damnificados de Ecuador por el terremoto\u2026","rel":"","context":"En &quot;Circuito Cerrado&quot;","block_context":{"text":"Circuito Cerrado","link":"https:\/\/www.conape.org\/tvconape\/category\/circuito-cerrado\/"},"img":{"alt_text":"","src":"https:\/\/i0.wp.com\/www.conape.org\/tvconape\/wp-content\/uploads\/2016\/07\/conoce-los-nuevos-estudios-de-ra.jpg?resize=350%2C200&ssl=1","width":350,"height":200,"srcset":"https:\/\/i0.wp.com\/www.conape.org\/tvconape\/wp-content\/uploads\/2016\/07\/conoce-los-nuevos-estudios-de-ra.jpg?resize=350%2C200&ssl=1 1x, https:\/\/i0.wp.com\/www.conape.org\/tvconape\/wp-content\/uploads\/2016\/07\/conoce-los-nuevos-estudios-de-ra.jpg?resize=525%2C300&ssl=1 1.5x, https:\/\/i0.wp.com\/www.conape.org\/tvconape\/wp-content\/uploads\/2016\/07\/conoce-los-nuevos-estudios-de-ra.jpg?resize=700%2C400&ssl=1 2x, https:\/\/i0.wp.com\/www.conape.org\/tvconape\/wp-content\/uploads\/2016\/07\/conoce-los-nuevos-estudios-de-ra.jpg?resize=1050%2C600&ssl=1 3x"},"classes":[]},{"id":835,"url":"https:\/\/www.conape.org\/tvconape\/tv-conape-circuito-cerrado-153-entrevista-con-quiropractico-trio-tepemajalco-y-mas\/","url_meta":{"origin":967,"position":4},"title":"TV CONAPE &#8211; Circuito Cerrado 153: ENTREVISTA CON QUIROPR\u00c1CTICO, TRIO TEPEMAJALCO Y M\u00c1S&#8230;","author":"TV CONAPE","date":"21 enero, 2016","format":false,"excerpt":"ESTE PROGRAMA ES CIRCUITO CERRADO TRANSMITIDO EN #TVCONAPE. EN ESTA OCASI\u00d3N PODR\u00c1S OBSERVAR UN AN\u00c1LISIS DE LAS NOTICIAS M\u00c1S SOBRESALIENTES DEL \u00c1MBITO NACIONAL, INTERNACIONAL Y LOCAL: * TERCER PROGRAMA DEL 2016. * ENTREVISTA DESDE GUERRERO REALIZADA POR NUESTRO VICEPRESIDENTE EN ESE ESTADO, SERVANDO MART\u00cdNEZ PINZ\u00d3N. * ENTREVISTA CON EL TRIO\u2026","rel":"","context":"En &quot;Circuito Cerrado&quot;","block_context":{"text":"Circuito Cerrado","link":"https:\/\/www.conape.org\/tvconape\/category\/circuito-cerrado\/"},"img":{"alt_text":"","src":"https:\/\/i0.wp.com\/www.conape.org\/tvconape\/wp-content\/uploads\/2016\/01\/tv-conape-circuito-cerrado-153-e.jpg?resize=350%2C200&ssl=1","width":350,"height":200,"srcset":"https:\/\/i0.wp.com\/www.conape.org\/tvconape\/wp-content\/uploads\/2016\/01\/tv-conape-circuito-cerrado-153-e.jpg?resize=350%2C200&ssl=1 1x, https:\/\/i0.wp.com\/www.conape.org\/tvconape\/wp-content\/uploads\/2016\/01\/tv-conape-circuito-cerrado-153-e.jpg?resize=525%2C300&ssl=1 1.5x, https:\/\/i0.wp.com\/www.conape.org\/tvconape\/wp-content\/uploads\/2016\/01\/tv-conape-circuito-cerrado-153-e.jpg?resize=700%2C400&ssl=1 2x, https:\/\/i0.wp.com\/www.conape.org\/tvconape\/wp-content\/uploads\/2016\/01\/tv-conape-circuito-cerrado-153-e.jpg?resize=1050%2C600&ssl=1 3x"},"classes":[]},{"id":881,"url":"https:\/\/www.conape.org\/tvconape\/la-ruta-del-vino-y-el-queso-artesanos-escultores-y-mucho-mas-tv-conape-circuito-cerrado-163\/","url_meta":{"origin":967,"position":5},"title":"La Ruta del Vino y el Queso, Artesanos, Escultores y mucho m\u00e1s &#8211; TV CONAPE &#8211; Circuito Cerrado 163","author":"TV CONAPE","date":"31 marzo, 2016","format":false,"excerpt":"ESTE PROGRAMA ES CIRCUITO CERRADO TRANSMITIDO EN #TVCONAPE. EN ESTA OCASI\u00d3N PODR\u00c1S OBSERVAR UN AN\u00c1LISIS DE LAS NOTICIAS M\u00c1S SOBRESALIENTES DEL \u00c1MBITO NACIONAL, INTERNACIONAL Y LOCAL: * SALUDOS DESDE ALEMANIA DE NUESTRA VICEPRESIDENTA DE CONAPE EN ESE PA\u00cdS, ABRIL PELTZ. * LA RESPUESTA DE LA POLIC\u00cdA MUNICIPAL DE ALMOLOYA DE\u2026","rel":"","context":"En &quot;Circuito Cerrado&quot;","block_context":{"text":"Circuito Cerrado","link":"https:\/\/www.conape.org\/tvconape\/category\/circuito-cerrado\/"},"img":{"alt_text":"","src":"https:\/\/i0.wp.com\/www.conape.org\/tvconape\/wp-content\/uploads\/2016\/03\/la-ruta-del-vino-y-el-queso-arte.jpg?resize=350%2C200&ssl=1","width":350,"height":200,"srcset":"https:\/\/i0.wp.com\/www.conape.org\/tvconape\/wp-content\/uploads\/2016\/03\/la-ruta-del-vino-y-el-queso-arte.jpg?resize=350%2C200&ssl=1 1x, https:\/\/i0.wp.com\/www.conape.org\/tvconape\/wp-content\/uploads\/2016\/03\/la-ruta-del-vino-y-el-queso-arte.jpg?resize=525%2C300&ssl=1 1.5x, https:\/\/i0.wp.com\/www.conape.org\/tvconape\/wp-content\/uploads\/2016\/03\/la-ruta-del-vino-y-el-queso-arte.jpg?resize=700%2C400&ssl=1 2x, https:\/\/i0.wp.com\/www.conape.org\/tvconape\/wp-content\/uploads\/2016\/03\/la-ruta-del-vino-y-el-queso-arte.jpg?resize=1050%2C600&ssl=1 3x, https:\/\/i0.wp.com\/www.conape.org\/tvconape\/wp-content\/uploads\/2016\/03\/la-ruta-del-vino-y-el-queso-arte.jpg?resize=1400%2C800&ssl=1 4x"},"classes":[]}],"_links":{"self":[{"href":"https:\/\/www.conape.org\/tvconape\/wp-json\/wp\/v2\/posts\/967"}],"collection":[{"href":"https:\/\/www.conape.org\/tvconape\/wp-json\/wp\/v2\/posts"}],"about":[{"href":"https:\/\/www.conape.org\/tvconape\/wp-json\/wp\/v2\/types\/post"}],"author":[{"embeddable":true,"href":"https:\/\/www.conape.org\/tvconape\/wp-json\/wp\/v2\/users\/1"}],"replies":[{"embeddable":true,"href":"https:\/\/www.conape.org\/tvconape\/wp-json\/wp\/v2\/comments?post=967"}],"version-history":[{"count":1,"href":"https:\/\/www.conape.org\/tvconape\/wp-json\/wp\/v2\/posts\/967\/revisions"}],"predecessor-version":[{"id":968,"href":"https:\/\/www.conape.org\/tvconape\/wp-json\/wp\/v2\/posts\/967\/revisions\/968"}],"wp:featuredmedia":[{"embeddable":true,"href":"https:\/\/www.conape.org\/tvconape\/wp-json\/wp\/v2\/media\/969"}],"wp:attachment":[{"href":"https:\/\/www.conape.org\/tvconape\/wp-json\/wp\/v2\/media?parent=967"}],"wp:term":[{"taxonomy":"category","embeddable":true,"href":"https:\/\/www.conape.org\/tvconape\/wp-json\/wp\/v2\/categories?post=967"},{"taxonomy":"post_tag","embeddable":true,"href":"https:\/\/www.conape.org\/tvconape\/wp-json\/wp\/v2\/tags?post=967"}],"curies":[{"name":"wp","href":"https:\/\/api.w.org\/{rel}","templated":true}]}}