{"id":963,"date":"2016-09-01T10:20:35","date_gmt":"2016-09-01T15:20:35","guid":{"rendered":"http:\/\/www.conape.org\/tvconape\/?p=963"},"modified":"2016-09-01T10:20:35","modified_gmt":"2016-09-01T15:20:35","slug":"definicion-del-periodista-y-profesionalizacion-del-gremio-es-fundamenta-tvconape-184","status":"publish","type":"post","link":"https:\/\/www.conape.org\/tvconape\/definicion-del-periodista-y-profesionalizacion-del-gremio-es-fundamenta-tvconape-184\/","title":{"rendered":"Definici\u00f3n del periodista y profesionalizaci\u00f3n del gremio es fundamenta &#8211; #TVCONAPE 184"},"content":{"rendered":"<p style=\"text-align: left;\"><span style=\"color: #000000;\">En este programa de Circuito Cerrado transmitido en TV CONAPE, podr\u00e1s ver un an\u00e1lisis de las noticias mas sobresalientes del \u00e1mbito internacional, nacional y local:<\/span><\/p>\n<p><span style=\"color: #000000;\">* Veremos las invitaciones a la Tercera Cumbre Internacional de Periodismo, realizada por la Asesora Jur\u00eddica de CONAPE en Tijuana, Baja Californcia, M\u00e9xico, Mar\u00eda Galaviz Bernal, y tambi\u00e9n la invitaci\u00f3n del Vicepresidente de CONAPE en Ecuador, Jorge Gustavo Proa\u00f1o Ram\u00edrez.<\/span><\/p>\n<p><span style=\"color: #000000;\">* Contaremos la historia del payaso peruano &#8220;Tachuelita&#8221;.<\/span><\/p>\n<p><span style=\"color: #000000;\">* Les presentaremos lo que sucedi\u00f3 en el 13 aniversario de la Revista Propuesta de nuestro Delegado de Hidalgo, el evento se llevo acabo en Tepeji del Rio, Hidalgo.<\/span><\/p>\n<p><span style=\"color: #000000;\">* Podr\u00e1s ver el discurso del Presidente Internacional de CONAPE, Ra\u00fal Gonz\u00e1lez Nova, hablando sobre la definici\u00f3n y profesionalizaci\u00f3n del periodismo.<\/span><\/p>\n<p><span style=\"color: #000000;\">* Conoce la oferta educativa del Tec Mexiquense, instituci\u00f3n con la que CONAPE viene trabajando en conjunto.<\/span><\/p>\n<p><span style=\"color: #000000;\">* Adem\u00e1s hablaremos sobre la muerte de Juan Gabriel.<\/span><\/p>\n<p><span style=\"color: #000000;\">* Risas, cr\u00edticas, comentarios, opiniones, denuncias, humor, magia y mucho m\u00e1s s\u00f3lo en TV CONAPE&#8230;<\/span><\/p>\n<p><span class=\"embed-youtube\" style=\"text-align:center; display: block;\"><iframe loading=\"lazy\" class=\"youtube-player\" width=\"648\" height=\"365\" src=\"https:\/\/www.youtube.com\/embed\/skWYF0bWo4M?version=3&#038;rel=1&#038;showsearch=0&#038;showinfo=1&#038;iv_load_policy=1&#038;fs=1&#038;hl=es-MX&#038;autohide=2&#038;wmode=transparent\" allowfullscreen=\"true\" style=\"border:0;\" sandbox=\"allow-scripts allow-same-origin allow-popups allow-presentation allow-popups-to-escape-sandbox\"><\/iframe><\/span><\/p>\n","protected":false},"excerpt":{"rendered":"<p>En este programa de Circuito Cerrado transmitido en TV CONAPE, podr\u00e1s ver un an\u00e1lisis de las noticias mas sobresalientes del \u00e1mbito internacional, nacional y local: * Veremos las invitaciones a la Tercera Cumbre Internacional de Periodismo, realizada por la Asesora Jur\u00eddica de CONAPE en Tijuana, Baja Californcia, M\u00e9xico, Mar\u00eda Galaviz Bernal, y tambi\u00e9n la invitaci\u00f3n [&hellip;]<\/p>\n","protected":false},"author":1,"featured_media":965,"comment_status":"open","ping_status":"open","sticky":false,"template":"","format":"standard","meta":{"_exactmetrics_skip_tracking":false,"_exactmetrics_sitenote_active":false,"_exactmetrics_sitenote_note":"","_exactmetrics_sitenote_category":0,"jetpack_post_was_ever_published":false,"_jetpack_newsletter_access":"","_jetpack_newsletter_tier_id":0,"footnotes":"","jetpack_publicize_message":"","jetpack_is_tweetstorm":false,"jetpack_publicize_feature_enabled":true,"jetpack_social_post_already_shared":false,"jetpack_social_options":{"image_generator_settings":{"template":"highway","enabled":false}}},"categories":[4],"tags":[],"jetpack_publicize_connections":[],"jetpack_featured_media_url":"https:\/\/www.conape.org\/tvconape\/wp-content\/uploads\/2016\/09\/definicion-del-periodista-y-prof.jpg","jetpack_sharing_enabled":true,"jetpack_shortlink":"https:\/\/wp.me\/p6jC0G-fx","jetpack-related-posts":[{"id":801,"url":"https:\/\/www.conape.org\/tvconape\/tv-conape-circuito-cerrado-146-agresion-a-periodistas-y-conape-en-hidalgo\/","url_meta":{"origin":963,"position":0},"title":"TV CONAPE &#8211; Circuito Cerrado 146: Agresi\u00f3n a periodistas y CONAPE en Hidalgo","author":"TV CONAPE","date":"27 noviembre, 2015","format":false,"excerpt":"ESTE PROGRAMA ES CIRCUITO CERRADO TRANSMITIDO EN #TVCONAPE. EN ESTA OCASI\u00d3N PODR\u00c1S OBSERVAR UN AN\u00c1LISIS DE LAS NOTICIAS M\u00c1S SOBRESALIENTES DEL \u00c1MBITO NACIONAL, INTERNACIONAL Y LOCAL: * OBSERVAREMOS LA AGRESI\u00d3N QUE SUFRI\u00d3 EL VICEPRESIDENTE DE CONAPE EN MICHAC\u00c1N, MACARIO RAMOS CH\u00c1VEZ, ESTO EN UNA MANIFESTACI\u00d3N DEL MAGISTERIO EN ESE ESTADO.\u2026","rel":"","context":"En &quot;Circuito Cerrado&quot;","block_context":{"text":"Circuito Cerrado","link":"https:\/\/www.conape.org\/tvconape\/category\/circuito-cerrado\/"},"img":{"alt_text":"","src":"https:\/\/i0.wp.com\/www.conape.org\/tvconape\/wp-content\/uploads\/2015\/11\/tv-conape-circuito-cerrado-146-a.jpg?resize=350%2C200&ssl=1","width":350,"height":200},"classes":[]},{"id":797,"url":"https:\/\/www.conape.org\/tvconape\/tv-conape-circuito-cerrado-145-la-importancia-del-trabajo-social-en-el-periodismo\/","url_meta":{"origin":963,"position":1},"title":"TV CONAPE &#8211; Circuito Cerrado 145: La importancia del trabajo social en el periodismo","author":"TV CONAPE","date":"22 noviembre, 2015","format":false,"excerpt":"ESTE PROGRAMA ES CIRCUITO CERRADO TRANSMITIDO EN #TVCONAPE. EN ESTA OCASI\u00d3N PODR\u00c1S OBSERVAR UN AN\u00c1LISIS DE LAS NOTICIAS M\u00c1S SOBRESALIENTES DEL \u00c1MBITO NACIONAL, INTERNACIONAL Y LOCAL: * CONOCE INFORMACI\u00d3N IMPORTANTE SOBRE LA TERCERA CUMBRE INTERNACIONAL DE PERIODISMO QUE SE LLEVAR\u00c1 ACABO EN ECUADOR EN 2016. * OBSERVA LA ENTREVISTA QUE\u2026","rel":"","context":"En &quot;Circuito Cerrado&quot;","block_context":{"text":"Circuito Cerrado","link":"https:\/\/www.conape.org\/tvconape\/category\/circuito-cerrado\/"},"img":{"alt_text":"","src":"https:\/\/i0.wp.com\/www.conape.org\/tvconape\/wp-content\/uploads\/2015\/11\/tv-conape-circuito-cerrado-145-l.jpg?resize=350%2C200&ssl=1","width":350,"height":200,"srcset":"https:\/\/i0.wp.com\/www.conape.org\/tvconape\/wp-content\/uploads\/2015\/11\/tv-conape-circuito-cerrado-145-l.jpg?resize=350%2C200&ssl=1 1x, https:\/\/i0.wp.com\/www.conape.org\/tvconape\/wp-content\/uploads\/2015\/11\/tv-conape-circuito-cerrado-145-l.jpg?resize=525%2C300&ssl=1 1.5x, https:\/\/i0.wp.com\/www.conape.org\/tvconape\/wp-content\/uploads\/2015\/11\/tv-conape-circuito-cerrado-145-l.jpg?resize=700%2C400&ssl=1 2x, https:\/\/i0.wp.com\/www.conape.org\/tvconape\/wp-content\/uploads\/2015\/11\/tv-conape-circuito-cerrado-145-l.jpg?resize=1050%2C600&ssl=1 3x, https:\/\/i0.wp.com\/www.conape.org\/tvconape\/wp-content\/uploads\/2015\/11\/tv-conape-circuito-cerrado-145-l.jpg?resize=1400%2C800&ssl=1 4x"},"classes":[]},{"id":806,"url":"https:\/\/www.conape.org\/tvconape\/tv-conape-circuito-cerrado-147-como-acabar-con-la-delincuencia\/","url_meta":{"origin":963,"position":2},"title":"TV CONAPE &#8211; Circuito Cerrado 147: \u00bfC\u00f3mo acabar con la delincuencia?","author":"TV CONAPE","date":"4 diciembre, 2015","format":false,"excerpt":"ESTE PROGRAMA ES CIRCUITO CERRADO TRANSMITIDO EN #TVCONAPE. EN ESTA OCASI\u00d3N PODR\u00c1S OBSERVAR UN AN\u00c1LISIS DE LAS NOTICIAS M\u00c1S SOBRESALIENTES DEL \u00c1MBITO NACIONAL, INTERNACIONAL Y LOCAL: * OBSERVA LA OPINI\u00d3N DE RAFAEL LORET DE MOLA DEESTA SEMANA. * ENTREVISTA CON EL VICEPRESIDENTE DE CONAPE EN HIDALGO, SERGIO IBARRA. * ENTREVISTA\u2026","rel":"","context":"En &quot;Circuito Cerrado&quot;","block_context":{"text":"Circuito Cerrado","link":"https:\/\/www.conape.org\/tvconape\/category\/circuito-cerrado\/"},"img":{"alt_text":"","src":"https:\/\/i0.wp.com\/www.conape.org\/tvconape\/wp-content\/uploads\/2015\/12\/tv-conape-circuito-cerrado-147-c.jpg?resize=350%2C200&ssl=1","width":350,"height":200,"srcset":"https:\/\/i0.wp.com\/www.conape.org\/tvconape\/wp-content\/uploads\/2015\/12\/tv-conape-circuito-cerrado-147-c.jpg?resize=350%2C200&ssl=1 1x, https:\/\/i0.wp.com\/www.conape.org\/tvconape\/wp-content\/uploads\/2015\/12\/tv-conape-circuito-cerrado-147-c.jpg?resize=525%2C300&ssl=1 1.5x, https:\/\/i0.wp.com\/www.conape.org\/tvconape\/wp-content\/uploads\/2015\/12\/tv-conape-circuito-cerrado-147-c.jpg?resize=700%2C400&ssl=1 2x, https:\/\/i0.wp.com\/www.conape.org\/tvconape\/wp-content\/uploads\/2015\/12\/tv-conape-circuito-cerrado-147-c.jpg?resize=1050%2C600&ssl=1 3x, https:\/\/i0.wp.com\/www.conape.org\/tvconape\/wp-content\/uploads\/2015\/12\/tv-conape-circuito-cerrado-147-c.jpg?resize=1400%2C800&ssl=1 4x"},"classes":[]},{"id":861,"url":"https:\/\/www.conape.org\/tvconape\/falta-de-servicios-e-inseguridad-en-almoloya-de-juarez-tv-conape-circuito-cerrado-158\/","url_meta":{"origin":963,"position":3},"title":"FALTA DE SERVICIOS E INSEGURIDAD EN ALMOLOYA DE JU\u00c1REZ &#8211; TV CONAPE &#8211; Circuito Cerrado 158","author":"TV CONAPE","date":"26 febrero, 2016","format":false,"excerpt":"ESTE PROGRAMA ES CIRCUITO CERRADO TRANSMITIDO EN #TVCONAPE. EN ESTA OCASI\u00d3N PODR\u00c1S OBSERVAR UN AN\u00c1LISIS DE LAS NOTICIAS M\u00c1S SOBRESALIENTES DEL \u00c1MBITO NACIONAL, INTERNACIONAL Y LOCAL: * OCTAVO PROGRAMA DEL 2016. * ENTREVISTA CON NUESTRA VICEPRESIDENTA DEL DEPORTE DE CONAPE EN M\u00c9XICO, TERE SOL\u00cdS. * ENTREVISTA CON EL VICEPRESIDENTE DE\u2026","rel":"","context":"En &quot;Circuito Cerrado&quot;","block_context":{"text":"Circuito Cerrado","link":"https:\/\/www.conape.org\/tvconape\/category\/circuito-cerrado\/"},"img":{"alt_text":"","src":"https:\/\/i0.wp.com\/www.conape.org\/tvconape\/wp-content\/uploads\/2016\/02\/falta-de-servicios-e-inseguridad.jpg?resize=350%2C200&ssl=1","width":350,"height":200,"srcset":"https:\/\/i0.wp.com\/www.conape.org\/tvconape\/wp-content\/uploads\/2016\/02\/falta-de-servicios-e-inseguridad.jpg?resize=350%2C200&ssl=1 1x, https:\/\/i0.wp.com\/www.conape.org\/tvconape\/wp-content\/uploads\/2016\/02\/falta-de-servicios-e-inseguridad.jpg?resize=525%2C300&ssl=1 1.5x, https:\/\/i0.wp.com\/www.conape.org\/tvconape\/wp-content\/uploads\/2016\/02\/falta-de-servicios-e-inseguridad.jpg?resize=700%2C400&ssl=1 2x, https:\/\/i0.wp.com\/www.conape.org\/tvconape\/wp-content\/uploads\/2016\/02\/falta-de-servicios-e-inseguridad.jpg?resize=1050%2C600&ssl=1 3x, https:\/\/i0.wp.com\/www.conape.org\/tvconape\/wp-content\/uploads\/2016\/02\/falta-de-servicios-e-inseguridad.jpg?resize=1400%2C800&ssl=1 4x"},"classes":[]},{"id":856,"url":"https:\/\/www.conape.org\/tvconape\/criticas-de-la-visita-del-papa-francisco-a-mexico-tv-conape-circuito-cerrado-157\/","url_meta":{"origin":963,"position":4},"title":"CR\u00cdTICAS DE LA VISITA DEL PAPA FRANCISCO A M\u00c9XICO &#8211; TV CONAPE &#8211; Circuito Cerrado 157","author":"TV CONAPE","date":"18 febrero, 2016","format":false,"excerpt":"ESTE PROGRAMA ES CIRCUITO CERRADO TRANSMITIDO EN #TVCONAPE. EN ESTA OCASI\u00d3N PODR\u00c1S OBSERVAR UN AN\u00c1LISIS DE LAS NOTICIAS M\u00c1S SOBRESALIENTES DEL \u00c1MBITO NACIONAL, INTERNACIONAL Y LOCAL: * S\u00c9PTIMO PROGRAMA DEL 2016. * OPINIONES, CR\u00cdTICAS Y COMENTARIOS DE LA VISITA DEL PAPA FRANCISCO A M\u00c9XICO. * CONOCE LOS QUE ESTA SUCEDIENDO\u2026","rel":"","context":"En &quot;Circuito Cerrado&quot;","block_context":{"text":"Circuito Cerrado","link":"https:\/\/www.conape.org\/tvconape\/category\/circuito-cerrado\/"},"img":{"alt_text":"","src":"https:\/\/i0.wp.com\/www.conape.org\/tvconape\/wp-content\/uploads\/2016\/02\/criticas-de-la-visita-del-papa-f.jpg?resize=350%2C200&ssl=1","width":350,"height":200},"classes":[]},{"id":960,"url":"https:\/\/www.conape.org\/tvconape\/recuerdos-de-la-cumbre-internacional-de-periodismo-en-colombia-tvconape-183\/","url_meta":{"origin":963,"position":5},"title":"Recuerdos de la Cumbre Internacional de Periodismo en Colombia &#8211; #TVCONAPE 183","author":"TV CONAPE","date":"25 agosto, 2016","format":false,"excerpt":"En este programa de Circuito Cerrado transmitido en TV CONAPE, podr\u00e1s ver un an\u00e1lisis de las noticias mas sobresalientes del \u00e1mbito internacional, nacional y local: * Hablaremos sobre la polic\u00eda federal, estatal y municipal. * Recordaremos un poco de lo sucedido en la Segunda Cumbre Internacional de Periodismo que se\u2026","rel":"","context":"En &quot;Circuito Cerrado&quot;","block_context":{"text":"Circuito Cerrado","link":"https:\/\/www.conape.org\/tvconape\/category\/circuito-cerrado\/"},"img":{"alt_text":"","src":"https:\/\/i0.wp.com\/www.conape.org\/tvconape\/wp-content\/uploads\/2016\/08\/recuerdos-de-la-cumbre-internaci.jpg?resize=350%2C200&ssl=1","width":350,"height":200,"srcset":"https:\/\/i0.wp.com\/www.conape.org\/tvconape\/wp-content\/uploads\/2016\/08\/recuerdos-de-la-cumbre-internaci.jpg?resize=350%2C200&ssl=1 1x, https:\/\/i0.wp.com\/www.conape.org\/tvconape\/wp-content\/uploads\/2016\/08\/recuerdos-de-la-cumbre-internaci.jpg?resize=525%2C300&ssl=1 1.5x, https:\/\/i0.wp.com\/www.conape.org\/tvconape\/wp-content\/uploads\/2016\/08\/recuerdos-de-la-cumbre-internaci.jpg?resize=700%2C400&ssl=1 2x, https:\/\/i0.wp.com\/www.conape.org\/tvconape\/wp-content\/uploads\/2016\/08\/recuerdos-de-la-cumbre-internaci.jpg?resize=1050%2C600&ssl=1 3x"},"classes":[]}],"_links":{"self":[{"href":"https:\/\/www.conape.org\/tvconape\/wp-json\/wp\/v2\/posts\/963"}],"collection":[{"href":"https:\/\/www.conape.org\/tvconape\/wp-json\/wp\/v2\/posts"}],"about":[{"href":"https:\/\/www.conape.org\/tvconape\/wp-json\/wp\/v2\/types\/post"}],"author":[{"embeddable":true,"href":"https:\/\/www.conape.org\/tvconape\/wp-json\/wp\/v2\/users\/1"}],"replies":[{"embeddable":true,"href":"https:\/\/www.conape.org\/tvconape\/wp-json\/wp\/v2\/comments?post=963"}],"version-history":[{"count":1,"href":"https:\/\/www.conape.org\/tvconape\/wp-json\/wp\/v2\/posts\/963\/revisions"}],"predecessor-version":[{"id":964,"href":"https:\/\/www.conape.org\/tvconape\/wp-json\/wp\/v2\/posts\/963\/revisions\/964"}],"wp:featuredmedia":[{"embeddable":true,"href":"https:\/\/www.conape.org\/tvconape\/wp-json\/wp\/v2\/media\/965"}],"wp:attachment":[{"href":"https:\/\/www.conape.org\/tvconape\/wp-json\/wp\/v2\/media?parent=963"}],"wp:term":[{"taxonomy":"category","embeddable":true,"href":"https:\/\/www.conape.org\/tvconape\/wp-json\/wp\/v2\/categories?post=963"},{"taxonomy":"post_tag","embeddable":true,"href":"https:\/\/www.conape.org\/tvconape\/wp-json\/wp\/v2\/tags?post=963"}],"curies":[{"name":"wp","href":"https:\/\/api.w.org\/{rel}","templated":true}]}}