{"id":956,"date":"2016-08-18T15:14:08","date_gmt":"2016-08-18T20:14:08","guid":{"rendered":"http:\/\/www.conape.org\/tvconape\/?p=956"},"modified":"2016-08-18T15:14:08","modified_gmt":"2016-08-18T20:14:08","slug":"agrupaciones-de-periodistas-como-corpecoe-y-uptex-forman-alianza-con-conape-tvconape-182","status":"publish","type":"post","link":"https:\/\/www.conape.org\/tvconape\/agrupaciones-de-periodistas-como-corpecoe-y-uptex-forman-alianza-con-conape-tvconape-182\/","title":{"rendered":"Agrupaciones de periodistas como CORPECOE y UPTEX forman alianza con CONAPE &#8211; #TVCONAPE 182"},"content":{"rendered":"<p style=\"text-align: left;\"><span style=\"color: #000000;\">En este programa de Circuito Cerrado transmitido en TV CONAPE, podr\u00e1s ver un an\u00e1lisis de las noticias mas sobresalientes del \u00e1mbito internacional, nacional y local:<\/span><\/p>\n<p style=\"text-align: left;\"><span style=\"color: #000000;\">* Ver\u00e1s los trabajos de la Diputada Local del Distrito 45, Aide Flores Delgados, quien sigue apoyando a los ciudadanos a\u00fan cuando tiene ocho meses de embarazo.<\/span><\/p>\n<p style=\"text-align: left;\"><span style=\"color: #000000;\">* La pol\u00e9mica sobre la visita de Enrique Pe\u00f1a Nieto a Veracruz, donde no fue recibido por el Gobernador de ese estado Javier Duarte de Ochoa, acto seguido en el evento, el Gobernador de Veracruz fue colocado en la orilla del pres\u00eddium, adem\u00e1s de que Pe\u00f1a Nieto no lo saludo y muchas cosas m\u00e1s que dejan en claro la separaci\u00f3n entre el Presidente de la Rep\u00fablica y Javier Duarte.<\/span><\/p>\n<p style=\"text-align: left;\"><span style=\"color: #000000;\">* Podr\u00e1s ver la invitaci\u00f3n que realiz\u00f3 nuestra Vicepresidenta de Puebla, Mirna Toxqui Oliver, en una estaci\u00f3n de radio en ese estado, invitando a la #CumbreCONAPE2016, y adem\u00e1s explicando los trabajos que ha realizado CONAPE, en favor del gtemio period\u00edstico y el motivo por el que se realiza la Tercera Cumbre Internacional de Periodismo en Valle de Bravo, Estado de M\u00e9xico, M\u00e9xico.<\/span><\/p>\n<p style=\"text-align: left;\"><span style=\"color: #000000;\">* Tambi\u00e9n podr\u00e1s ver la invitaci\u00f3n que hacen a la 3ra Cumbre Internacional de Periodismo nuestros amigos de la Uni\u00f3n de Periodistas de Texmelucan &#8211; Tlaxcala (UPTEX).<\/span><\/p>\n<p style=\"text-align: left;\"><span style=\"color: #000000;\">* Tambi\u00e9n el Presidente de CONAPE Internacional, Ra\u00fal Gonz\u00e1lez Nova, nos platicar\u00e1 de CORPECOE, una asociaci\u00f3n de periodistas colombianos que se sum\u00f3 a los trabajos que viene realizando CONAPE al rededor del mundo.<\/span><\/p>\n<p style=\"text-align: left;\"><span style=\"color: #000000;\">* Entrevista a Mar\u00eda Cruz Pati\u00f1o sobre los trabajos que se realizan en la Casa de Cultura de Valle de Bravo y los esfuerzos por fomentarla en los j\u00f3venes y ni\u00f1os, adem\u00e1s de la falta de apoyo para promover la cultura en sus diversas ramas.<\/span><\/p>\n<p style=\"text-align: left;\"><span style=\"color: #000000;\">* Tambi\u00e9n conoce m\u00e1s sobre la realizaci\u00f3n del calado de lamina, un trabajo destacado que puedes utilizar para adornar tu hogar.<\/span><\/p>\n<p style=\"text-align: left;\"><span style=\"color: #000000;\">* Risas, cr\u00edticas, comentarios, opiniones, denuncias, humor, magia y mucho m\u00e1s s\u00f3lo en TV CONAPE&#8230;<\/span><\/p>\n<p><span class=\"embed-youtube\" style=\"text-align:center; display: block;\"><iframe loading=\"lazy\" class=\"youtube-player\" width=\"648\" height=\"365\" src=\"https:\/\/www.youtube.com\/embed\/I5ykbL_35IA?version=3&#038;rel=1&#038;showsearch=0&#038;showinfo=1&#038;iv_load_policy=1&#038;fs=1&#038;hl=es-MX&#038;autohide=2&#038;wmode=transparent\" allowfullscreen=\"true\" style=\"border:0;\" sandbox=\"allow-scripts allow-same-origin allow-popups allow-presentation allow-popups-to-escape-sandbox\"><\/iframe><\/span><\/p>\n<p>&nbsp;<\/p>\n","protected":false},"excerpt":{"rendered":"<p>En este programa de Circuito Cerrado transmitido en TV CONAPE, podr\u00e1s ver un an\u00e1lisis de las noticias mas sobresalientes del \u00e1mbito internacional, nacional y local: * Ver\u00e1s los trabajos de la Diputada Local del Distrito 45, Aide Flores Delgados, quien sigue apoyando a los ciudadanos a\u00fan cuando tiene ocho meses de embarazo. * La pol\u00e9mica [&hellip;]<\/p>\n","protected":false},"author":1,"featured_media":958,"comment_status":"open","ping_status":"open","sticky":false,"template":"","format":"standard","meta":{"_exactmetrics_skip_tracking":false,"_exactmetrics_sitenote_active":false,"_exactmetrics_sitenote_note":"","_exactmetrics_sitenote_category":0,"jetpack_post_was_ever_published":false,"_jetpack_newsletter_access":"","_jetpack_newsletter_tier_id":0,"footnotes":"","jetpack_publicize_message":"","jetpack_is_tweetstorm":false,"jetpack_publicize_feature_enabled":true,"jetpack_social_post_already_shared":false,"jetpack_social_options":{"image_generator_settings":{"template":"highway","enabled":false}}},"categories":[4],"tags":[],"jetpack_publicize_connections":[],"jetpack_featured_media_url":"https:\/\/www.conape.org\/tvconape\/wp-content\/uploads\/2016\/08\/agrupaciones-de-periodistas-como.jpg","jetpack_sharing_enabled":true,"jetpack_shortlink":"https:\/\/wp.me\/p6jC0G-fq","jetpack-related-posts":[{"id":952,"url":"https:\/\/www.conape.org\/tvconape\/declaraciones-del-gobernador-javier-duarte-tvconape-181\/","url_meta":{"origin":956,"position":0},"title":"Declaraciones del Gobernador Javier Duarte &#8211; #TVCONAPE 181","author":"TV CONAPE","date":"11 agosto, 2016","format":false,"excerpt":"En este programa de Circuito Cerrado transmitido en TV CONAPE, podr\u00e1s ver un an\u00e1lisis de las noticias mas sobresalientes del \u00e1mbito internacional, nacional y local: * Ver\u00e1s las palabras de Jos\u00e9 de Jes\u00fas Naveja Macias en Mazatlan, con motivo de la asamblea de la Confederaciones de Colegios y Asociaciones de\u2026","rel":"","context":"En &quot;Circuito Cerrado&quot;","block_context":{"text":"Circuito Cerrado","link":"https:\/\/www.conape.org\/tvconape\/category\/circuito-cerrado\/"},"img":{"alt_text":"","src":"https:\/\/i0.wp.com\/www.conape.org\/tvconape\/wp-content\/uploads\/2016\/08\/declaraciones-del-gobernador-jav.jpg?resize=350%2C200&ssl=1","width":350,"height":200,"srcset":"https:\/\/i0.wp.com\/www.conape.org\/tvconape\/wp-content\/uploads\/2016\/08\/declaraciones-del-gobernador-jav.jpg?resize=350%2C200&ssl=1 1x, https:\/\/i0.wp.com\/www.conape.org\/tvconape\/wp-content\/uploads\/2016\/08\/declaraciones-del-gobernador-jav.jpg?resize=525%2C300&ssl=1 1.5x, https:\/\/i0.wp.com\/www.conape.org\/tvconape\/wp-content\/uploads\/2016\/08\/declaraciones-del-gobernador-jav.jpg?resize=700%2C400&ssl=1 2x, https:\/\/i0.wp.com\/www.conape.org\/tvconape\/wp-content\/uploads\/2016\/08\/declaraciones-del-gobernador-jav.jpg?resize=1050%2C600&ssl=1 3x"},"classes":[]},{"id":941,"url":"https:\/\/www.conape.org\/tvconape\/disculpa-de-pena-nieto-y-conoce-lo-que-sera-steelrace-tvconape-178\/","url_meta":{"origin":956,"position":1},"title":"Disculpa de Pe\u00f1a Nieto y conoce lo que ser\u00e1 #SteelRace &#8211; #TVCONAPE 178","author":"TV CONAPE","date":"21 julio, 2016","format":false,"excerpt":"En este programa de Circuito Cerrado transmitido en #TVCONAPE, podr\u00e1s ver un an\u00e1lisis de las noticias mas sobresalientes del \u00e1mbito internacional, nacional y local: * Tenemos una entrevista con nuestros amigos de #SteelRace, una carrera que se esta realizando con buena causa en Almoloya de Ju\u00e1rez, Estado de M\u00e9xico. *\u2026","rel":"","context":"En &quot;Circuito Cerrado&quot;","block_context":{"text":"Circuito Cerrado","link":"https:\/\/www.conape.org\/tvconape\/category\/circuito-cerrado\/"},"img":{"alt_text":"","src":"https:\/\/i0.wp.com\/www.conape.org\/tvconape\/wp-content\/uploads\/2016\/07\/disculpa-de-pena-nieto-y-conoce.jpg?resize=350%2C200&ssl=1","width":350,"height":200,"srcset":"https:\/\/i0.wp.com\/www.conape.org\/tvconape\/wp-content\/uploads\/2016\/07\/disculpa-de-pena-nieto-y-conoce.jpg?resize=350%2C200&ssl=1 1x, https:\/\/i0.wp.com\/www.conape.org\/tvconape\/wp-content\/uploads\/2016\/07\/disculpa-de-pena-nieto-y-conoce.jpg?resize=525%2C300&ssl=1 1.5x, https:\/\/i0.wp.com\/www.conape.org\/tvconape\/wp-content\/uploads\/2016\/07\/disculpa-de-pena-nieto-y-conoce.jpg?resize=700%2C400&ssl=1 2x, https:\/\/i0.wp.com\/www.conape.org\/tvconape\/wp-content\/uploads\/2016\/07\/disculpa-de-pena-nieto-y-conoce.jpg?resize=1050%2C600&ssl=1 3x, https:\/\/i0.wp.com\/www.conape.org\/tvconape\/wp-content\/uploads\/2016\/07\/disculpa-de-pena-nieto-y-conoce.jpg?resize=1400%2C800&ssl=1 4x"},"classes":[]},{"id":949,"url":"https:\/\/www.conape.org\/tvconape\/otro-gasolinazo-en-mexico-tvconape-180\/","url_meta":{"origin":956,"position":2},"title":"Otro gasolinazo en M\u00e9xico &#8211; #TVCONAPE 180","author":"TV CONAPE","date":"5 agosto, 2016","format":false,"excerpt":"En este programa de Circuito Cerrado transmitido en TV CONAPE, podr\u00e1s ver un an\u00e1lisis de las noticias mas sobresalientes del \u00e1mbito internacional, nacional y local: * Conoce la 4a Feria del Marisco en Zinacantepec, Estado de M\u00e9xico. * Andr\u00e9s Manuel L\u00f3pez Obrador hablando sobre el incremento de la gasolina en\u2026","rel":"","context":"En &quot;Circuito Cerrado&quot;","block_context":{"text":"Circuito Cerrado","link":"https:\/\/www.conape.org\/tvconape\/category\/circuito-cerrado\/"},"img":{"alt_text":"","src":"https:\/\/i0.wp.com\/www.conape.org\/tvconape\/wp-content\/uploads\/2016\/08\/otro-gasolinazo-en-mexico-tvcona.jpg?resize=350%2C200&ssl=1","width":350,"height":200,"srcset":"https:\/\/i0.wp.com\/www.conape.org\/tvconape\/wp-content\/uploads\/2016\/08\/otro-gasolinazo-en-mexico-tvcona.jpg?resize=350%2C200&ssl=1 1x, https:\/\/i0.wp.com\/www.conape.org\/tvconape\/wp-content\/uploads\/2016\/08\/otro-gasolinazo-en-mexico-tvcona.jpg?resize=525%2C300&ssl=1 1.5x, https:\/\/i0.wp.com\/www.conape.org\/tvconape\/wp-content\/uploads\/2016\/08\/otro-gasolinazo-en-mexico-tvcona.jpg?resize=700%2C400&ssl=1 2x, https:\/\/i0.wp.com\/www.conape.org\/tvconape\/wp-content\/uploads\/2016\/08\/otro-gasolinazo-en-mexico-tvcona.jpg?resize=1050%2C600&ssl=1 3x, https:\/\/i0.wp.com\/www.conape.org\/tvconape\/wp-content\/uploads\/2016\/08\/otro-gasolinazo-en-mexico-tvcona.jpg?resize=1400%2C800&ssl=1 4x"},"classes":[]},{"id":797,"url":"https:\/\/www.conape.org\/tvconape\/tv-conape-circuito-cerrado-145-la-importancia-del-trabajo-social-en-el-periodismo\/","url_meta":{"origin":956,"position":3},"title":"TV CONAPE &#8211; Circuito Cerrado 145: La importancia del trabajo social en el periodismo","author":"TV CONAPE","date":"22 noviembre, 2015","format":false,"excerpt":"ESTE PROGRAMA ES CIRCUITO CERRADO TRANSMITIDO EN #TVCONAPE. EN ESTA OCASI\u00d3N PODR\u00c1S OBSERVAR UN AN\u00c1LISIS DE LAS NOTICIAS M\u00c1S SOBRESALIENTES DEL \u00c1MBITO NACIONAL, INTERNACIONAL Y LOCAL: * CONOCE INFORMACI\u00d3N IMPORTANTE SOBRE LA TERCERA CUMBRE INTERNACIONAL DE PERIODISMO QUE SE LLEVAR\u00c1 ACABO EN ECUADOR EN 2016. * OBSERVA LA ENTREVISTA QUE\u2026","rel":"","context":"En &quot;Circuito Cerrado&quot;","block_context":{"text":"Circuito Cerrado","link":"https:\/\/www.conape.org\/tvconape\/category\/circuito-cerrado\/"},"img":{"alt_text":"","src":"https:\/\/i0.wp.com\/www.conape.org\/tvconape\/wp-content\/uploads\/2015\/11\/tv-conape-circuito-cerrado-145-l.jpg?resize=350%2C200&ssl=1","width":350,"height":200,"srcset":"https:\/\/i0.wp.com\/www.conape.org\/tvconape\/wp-content\/uploads\/2015\/11\/tv-conape-circuito-cerrado-145-l.jpg?resize=350%2C200&ssl=1 1x, https:\/\/i0.wp.com\/www.conape.org\/tvconape\/wp-content\/uploads\/2015\/11\/tv-conape-circuito-cerrado-145-l.jpg?resize=525%2C300&ssl=1 1.5x, https:\/\/i0.wp.com\/www.conape.org\/tvconape\/wp-content\/uploads\/2015\/11\/tv-conape-circuito-cerrado-145-l.jpg?resize=700%2C400&ssl=1 2x, https:\/\/i0.wp.com\/www.conape.org\/tvconape\/wp-content\/uploads\/2015\/11\/tv-conape-circuito-cerrado-145-l.jpg?resize=1050%2C600&ssl=1 3x, https:\/\/i0.wp.com\/www.conape.org\/tvconape\/wp-content\/uploads\/2015\/11\/tv-conape-circuito-cerrado-145-l.jpg?resize=1400%2C800&ssl=1 4x"},"classes":[]},{"id":934,"url":"https:\/\/www.conape.org\/tvconape\/conoce-los-nuevos-estudios-de-radioconape-y-tvconape-tv-conape-176\/","url_meta":{"origin":956,"position":4},"title":"Conoce los nuevos estudios de #RadioCONAPE y #TVCONAPE &#8211; TV CONAPE 176","author":"TV CONAPE","date":"8 julio, 2016","format":false,"excerpt":"En este programa de Circuito Cerrado transmitido en #TVCONAPE, podr\u00e1s ver un an\u00e1lisis de las noticias mas sobresalientes del \u00e1mbito internacional, nacional y local: * Ver\u00e1s la opini\u00f3n del Asesor Internacional de CONAPE, Rafael Loret de Mola. * Una entrega de apoyos a los damnificados de Ecuador por el terremoto\u2026","rel":"","context":"En &quot;Circuito Cerrado&quot;","block_context":{"text":"Circuito Cerrado","link":"https:\/\/www.conape.org\/tvconape\/category\/circuito-cerrado\/"},"img":{"alt_text":"","src":"https:\/\/i0.wp.com\/www.conape.org\/tvconape\/wp-content\/uploads\/2016\/07\/conoce-los-nuevos-estudios-de-ra.jpg?resize=350%2C200&ssl=1","width":350,"height":200,"srcset":"https:\/\/i0.wp.com\/www.conape.org\/tvconape\/wp-content\/uploads\/2016\/07\/conoce-los-nuevos-estudios-de-ra.jpg?resize=350%2C200&ssl=1 1x, https:\/\/i0.wp.com\/www.conape.org\/tvconape\/wp-content\/uploads\/2016\/07\/conoce-los-nuevos-estudios-de-ra.jpg?resize=525%2C300&ssl=1 1.5x, https:\/\/i0.wp.com\/www.conape.org\/tvconape\/wp-content\/uploads\/2016\/07\/conoce-los-nuevos-estudios-de-ra.jpg?resize=700%2C400&ssl=1 2x, https:\/\/i0.wp.com\/www.conape.org\/tvconape\/wp-content\/uploads\/2016\/07\/conoce-los-nuevos-estudios-de-ra.jpg?resize=1050%2C600&ssl=1 3x"},"classes":[]},{"id":825,"url":"https:\/\/www.conape.org\/tvconape\/tv-conape-circuito-cerrado-151-dia-del-periodista-y-dia-de-los-reyes-magos\/","url_meta":{"origin":956,"position":5},"title":"TV CONAPE &#8211; Circuito Cerrado 151: D\u00eda del Periodista y D\u00eda de los Reyes Magos","author":"TV CONAPE","date":"8 enero, 2016","format":false,"excerpt":"ESTE PROGRAMA ES CIRCUITO CERRADO TRANSMITIDO EN #TVCONAPE. EN ESTA OCASI\u00d3N PODR\u00c1S OBSERVAR UN AN\u00c1LISIS DE LAS NOTICIAS M\u00c1S SOBRESALIENTES DEL \u00c1MBITO NACIONAL, INTERNACIONAL Y LOCAL: * PRIMER PROGRAMA DE #TVCONAPE EN EL 2016. * PARTIDA DE LA TRADICIONAL ROSCA DE REYES COMPLETAMENTE EN VIVO. * D\u00cdA DEL PERIODISTA EN\u2026","rel":"","context":"En &quot;Circuito Cerrado&quot;","block_context":{"text":"Circuito Cerrado","link":"https:\/\/www.conape.org\/tvconape\/category\/circuito-cerrado\/"},"img":{"alt_text":"","src":"https:\/\/i0.wp.com\/www.conape.org\/tvconape\/wp-content\/uploads\/2016\/01\/tv-conape-circuito-cerrado-151-d.jpg?resize=350%2C200&ssl=1","width":350,"height":200,"srcset":"https:\/\/i0.wp.com\/www.conape.org\/tvconape\/wp-content\/uploads\/2016\/01\/tv-conape-circuito-cerrado-151-d.jpg?resize=350%2C200&ssl=1 1x, https:\/\/i0.wp.com\/www.conape.org\/tvconape\/wp-content\/uploads\/2016\/01\/tv-conape-circuito-cerrado-151-d.jpg?resize=525%2C300&ssl=1 1.5x, https:\/\/i0.wp.com\/www.conape.org\/tvconape\/wp-content\/uploads\/2016\/01\/tv-conape-circuito-cerrado-151-d.jpg?resize=700%2C400&ssl=1 2x, https:\/\/i0.wp.com\/www.conape.org\/tvconape\/wp-content\/uploads\/2016\/01\/tv-conape-circuito-cerrado-151-d.jpg?resize=1050%2C600&ssl=1 3x, https:\/\/i0.wp.com\/www.conape.org\/tvconape\/wp-content\/uploads\/2016\/01\/tv-conape-circuito-cerrado-151-d.jpg?resize=1400%2C800&ssl=1 4x"},"classes":[]}],"_links":{"self":[{"href":"https:\/\/www.conape.org\/tvconape\/wp-json\/wp\/v2\/posts\/956"}],"collection":[{"href":"https:\/\/www.conape.org\/tvconape\/wp-json\/wp\/v2\/posts"}],"about":[{"href":"https:\/\/www.conape.org\/tvconape\/wp-json\/wp\/v2\/types\/post"}],"author":[{"embeddable":true,"href":"https:\/\/www.conape.org\/tvconape\/wp-json\/wp\/v2\/users\/1"}],"replies":[{"embeddable":true,"href":"https:\/\/www.conape.org\/tvconape\/wp-json\/wp\/v2\/comments?post=956"}],"version-history":[{"count":1,"href":"https:\/\/www.conape.org\/tvconape\/wp-json\/wp\/v2\/posts\/956\/revisions"}],"predecessor-version":[{"id":957,"href":"https:\/\/www.conape.org\/tvconape\/wp-json\/wp\/v2\/posts\/956\/revisions\/957"}],"wp:featuredmedia":[{"embeddable":true,"href":"https:\/\/www.conape.org\/tvconape\/wp-json\/wp\/v2\/media\/958"}],"wp:attachment":[{"href":"https:\/\/www.conape.org\/tvconape\/wp-json\/wp\/v2\/media?parent=956"}],"wp:term":[{"taxonomy":"category","embeddable":true,"href":"https:\/\/www.conape.org\/tvconape\/wp-json\/wp\/v2\/categories?post=956"},{"taxonomy":"post_tag","embeddable":true,"href":"https:\/\/www.conape.org\/tvconape\/wp-json\/wp\/v2\/tags?post=956"}],"curies":[{"name":"wp","href":"https:\/\/api.w.org\/{rel}","templated":true}]}}