{"id":952,"date":"2016-08-11T16:13:38","date_gmt":"2016-08-11T21:13:38","guid":{"rendered":"http:\/\/www.conape.org\/tvconape\/?p=952"},"modified":"2016-08-11T16:13:38","modified_gmt":"2016-08-11T21:13:38","slug":"declaraciones-del-gobernador-javier-duarte-tvconape-181","status":"publish","type":"post","link":"https:\/\/www.conape.org\/tvconape\/declaraciones-del-gobernador-javier-duarte-tvconape-181\/","title":{"rendered":"Declaraciones del Gobernador Javier Duarte &#8211; #TVCONAPE 181"},"content":{"rendered":"<p style=\"text-align: left;\"><span style=\"color: #000000;\">En este programa de Circuito Cerrado transmitido en TV CONAPE, podr\u00e1s ver un an\u00e1lisis de las noticias mas sobresalientes del \u00e1mbito internacional, nacional y local:<\/span><\/p>\n<p style=\"text-align: left;\"><span style=\"color: #000000;\">* Ver\u00e1s las palabras de Jos\u00e9 de Jes\u00fas Naveja Macias en Mazatlan, con motivo de la asamblea de la Confederaciones de Colegios y Asociaciones de Abogados de M\u00e9xico A.C. (CONCAAM).<\/span><\/p>\n<p style=\"text-align: left;\"><span style=\"color: #000000;\">* Escucha las palabras del general Salvador Cienfuegos Zepeda, titular de la Secretar\u00eda de la Defensa Nacional que estuvo presente en la asamblea nacional de la CONCAAM.<\/span><\/p>\n<p style=\"text-align: left;\"><span style=\"color: #000000;\">* Conoce las declaraciones del Gobernador de Veracruz, Javier Duarte de Ochoa, quien atraviesa por varias problem\u00e1ticas.<\/span><\/p>\n<p style=\"text-align: left;\"><span style=\"color: #000000;\">* Una entrevista con organizadores de carreras atl\u00e9ticas y maratones sobre la realizaci\u00f3n del Medio Marat\u00f3n que se llevo acabo en Valle de Bravo, Estado de M\u00e9xico.<\/span><\/p>\n<p style=\"text-align: left;\"><span style=\"color: #000000;\">* Invitaci\u00f3n a la Tercera Cumbre Internacional de Periodismo por parte de la Delegada de CONAPE en la Regi\u00f3n lll del Estado de M\u00e9xico, Jeanette Guti\u00e9rrez Rodr\u00edguez.<\/span><\/p>\n<p style=\"text-align: left;\"><span style=\"color: #000000;\">* Invitaci\u00f3n a la 3ra Cumbre Internacional de Periodismo por parte de nuestra invitada especial en #TVCONAPE y escritora, Edith S\u00e1nchez.<\/span><\/p>\n<p style=\"text-align: left;\"><span style=\"color: #000000;\">* Tenemos una entrevista muy interesante donde conocer\u00e1s c\u00f3mo se realizan las campanas.<\/span><\/p>\n<p style=\"text-align: left;\"><span style=\"color: #000000;\">* Risas, cr\u00edticas, comentarios, opiniones, denuncias, humor, magia y mucho m\u00e1s s\u00f3lo en TV CONAPE&#8230;<\/span><\/p>\n<p><span class=\"embed-youtube\" style=\"text-align:center; display: block;\"><iframe loading=\"lazy\" class=\"youtube-player\" width=\"648\" height=\"365\" src=\"https:\/\/www.youtube.com\/embed\/864KkFMRlg4?version=3&#038;rel=1&#038;showsearch=0&#038;showinfo=1&#038;iv_load_policy=1&#038;fs=1&#038;hl=es-MX&#038;autohide=2&#038;wmode=transparent\" allowfullscreen=\"true\" style=\"border:0;\" sandbox=\"allow-scripts allow-same-origin allow-popups allow-presentation allow-popups-to-escape-sandbox\"><\/iframe><\/span><\/p>\n<p>&nbsp;<\/p>\n","protected":false},"excerpt":{"rendered":"<p>En este programa de Circuito Cerrado transmitido en TV CONAPE, podr\u00e1s ver un an\u00e1lisis de las noticias mas sobresalientes del \u00e1mbito internacional, nacional y local: * Ver\u00e1s las palabras de Jos\u00e9 de Jes\u00fas Naveja Macias en Mazatlan, con motivo de la asamblea de la Confederaciones de Colegios y Asociaciones de Abogados de M\u00e9xico A.C. (CONCAAM). [&hellip;]<\/p>\n","protected":false},"author":1,"featured_media":954,"comment_status":"open","ping_status":"open","sticky":false,"template":"","format":"standard","meta":{"_exactmetrics_skip_tracking":false,"_exactmetrics_sitenote_active":false,"_exactmetrics_sitenote_note":"","_exactmetrics_sitenote_category":0,"jetpack_post_was_ever_published":false,"_jetpack_newsletter_access":"","_jetpack_newsletter_tier_id":0,"footnotes":"","jetpack_publicize_message":"","jetpack_is_tweetstorm":false,"jetpack_publicize_feature_enabled":true,"jetpack_social_post_already_shared":false,"jetpack_social_options":{"image_generator_settings":{"template":"highway","enabled":false}}},"categories":[4],"tags":[],"jetpack_publicize_connections":[],"jetpack_featured_media_url":"https:\/\/www.conape.org\/tvconape\/wp-content\/uploads\/2016\/08\/declaraciones-del-gobernador-jav.jpg","jetpack_sharing_enabled":true,"jetpack_shortlink":"https:\/\/wp.me\/p6jC0G-fm","jetpack-related-posts":[{"id":814,"url":"https:\/\/www.conape.org\/tvconape\/tv-conape-circuito-cerrado-149-en-que-afecta-que-el-df-se-convierta-en-el-estado-32\/","url_meta":{"origin":952,"position":0},"title":"TV CONAPE &#8211; Circuito Cerrado 149: \u00bfEn qu\u00e9 afecta que el DF se convierta en el estado 32?","author":"TV CONAPE","date":"17 diciembre, 2015","format":false,"excerpt":"ESTE PROGRAMA ES CIRCUITO CERRADO TRANSMITIDO EN #TVCONAPE. EN ESTA OCASI\u00d3N PODR\u00c1S OBSERVAR UN AN\u00c1LISIS DE LAS NOTICIAS M\u00c1S SOBRESALIENTES DEL \u00c1MBITO NACIONAL, INTERNACIONAL Y LOCAL: * CONOCE EL TRABAJO QUE VIENE REALIZANDO LA CONCAAM. * CONOCE UN POCO DE LA COBERTURA DE LA VISITA DEL PAPA QUE ESTAR\u00c1 HACIENDO\u2026","rel":"","context":"En &quot;Circuito Cerrado&quot;","block_context":{"text":"Circuito Cerrado","link":"https:\/\/www.conape.org\/tvconape\/category\/circuito-cerrado\/"},"img":{"alt_text":"","src":"https:\/\/i0.wp.com\/www.conape.org\/tvconape\/wp-content\/uploads\/2015\/12\/tv-conape-circuito-cerrado-149-e.jpg?resize=350%2C200&ssl=1","width":350,"height":200,"srcset":"https:\/\/i0.wp.com\/www.conape.org\/tvconape\/wp-content\/uploads\/2015\/12\/tv-conape-circuito-cerrado-149-e.jpg?resize=350%2C200&ssl=1 1x, https:\/\/i0.wp.com\/www.conape.org\/tvconape\/wp-content\/uploads\/2015\/12\/tv-conape-circuito-cerrado-149-e.jpg?resize=525%2C300&ssl=1 1.5x, https:\/\/i0.wp.com\/www.conape.org\/tvconape\/wp-content\/uploads\/2015\/12\/tv-conape-circuito-cerrado-149-e.jpg?resize=700%2C400&ssl=1 2x, https:\/\/i0.wp.com\/www.conape.org\/tvconape\/wp-content\/uploads\/2015\/12\/tv-conape-circuito-cerrado-149-e.jpg?resize=1050%2C600&ssl=1 3x, https:\/\/i0.wp.com\/www.conape.org\/tvconape\/wp-content\/uploads\/2015\/12\/tv-conape-circuito-cerrado-149-e.jpg?resize=1400%2C800&ssl=1 4x"},"classes":[]},{"id":956,"url":"https:\/\/www.conape.org\/tvconape\/agrupaciones-de-periodistas-como-corpecoe-y-uptex-forman-alianza-con-conape-tvconape-182\/","url_meta":{"origin":952,"position":1},"title":"Agrupaciones de periodistas como CORPECOE y UPTEX forman alianza con CONAPE &#8211; #TVCONAPE 182","author":"TV CONAPE","date":"18 agosto, 2016","format":false,"excerpt":"En este programa de Circuito Cerrado transmitido en TV CONAPE, podr\u00e1s ver un an\u00e1lisis de las noticias mas sobresalientes del \u00e1mbito internacional, nacional y local: * Ver\u00e1s los trabajos de la Diputada Local del Distrito 45, Aide Flores Delgados, quien sigue apoyando a los ciudadanos a\u00fan cuando tiene ocho meses\u2026","rel":"","context":"En &quot;Circuito Cerrado&quot;","block_context":{"text":"Circuito Cerrado","link":"https:\/\/www.conape.org\/tvconape\/category\/circuito-cerrado\/"},"img":{"alt_text":"","src":"https:\/\/i0.wp.com\/www.conape.org\/tvconape\/wp-content\/uploads\/2016\/08\/agrupaciones-de-periodistas-como.jpg?resize=350%2C200&ssl=1","width":350,"height":200,"srcset":"https:\/\/i0.wp.com\/www.conape.org\/tvconape\/wp-content\/uploads\/2016\/08\/agrupaciones-de-periodistas-como.jpg?resize=350%2C200&ssl=1 1x, https:\/\/i0.wp.com\/www.conape.org\/tvconape\/wp-content\/uploads\/2016\/08\/agrupaciones-de-periodistas-como.jpg?resize=525%2C300&ssl=1 1.5x, https:\/\/i0.wp.com\/www.conape.org\/tvconape\/wp-content\/uploads\/2016\/08\/agrupaciones-de-periodistas-como.jpg?resize=700%2C400&ssl=1 2x, https:\/\/i0.wp.com\/www.conape.org\/tvconape\/wp-content\/uploads\/2016\/08\/agrupaciones-de-periodistas-como.jpg?resize=1050%2C600&ssl=1 3x"},"classes":[]},{"id":438,"url":"https:\/\/www.conape.org\/tvconape\/tv-conape-circuito-cerrado-128-congreso-de-concaam-conoce-a-ariam-diesel-y-entrevista-en-el-uris\/","url_meta":{"origin":952,"position":2},"title":"TV CONAPE &#8211; Circuito Cerrado 128: CONGRESO DE CONCAAM, CONOCE A ARIAM DIESEL Y ENTREVISTA EN EL URIS","author":"TV CONAPE","date":"1 julio, 2015","format":false,"excerpt":"","rel":"","context":"En &quot;Circuito Cerrado&quot;","block_context":{"text":"Circuito Cerrado","link":"https:\/\/www.conape.org\/tvconape\/category\/circuito-cerrado\/"},"img":{"alt_text":"","src":"https:\/\/i0.wp.com\/www.conape.org\/tvconape\/wp-content\/uploads\/2015\/07\/tv-conape-circuito-cerrado-128-c.jpg?resize=350%2C200&ssl=1","width":350,"height":200,"srcset":"https:\/\/i0.wp.com\/www.conape.org\/tvconape\/wp-content\/uploads\/2015\/07\/tv-conape-circuito-cerrado-128-c.jpg?resize=350%2C200&ssl=1 1x, https:\/\/i0.wp.com\/www.conape.org\/tvconape\/wp-content\/uploads\/2015\/07\/tv-conape-circuito-cerrado-128-c.jpg?resize=525%2C300&ssl=1 1.5x, https:\/\/i0.wp.com\/www.conape.org\/tvconape\/wp-content\/uploads\/2015\/07\/tv-conape-circuito-cerrado-128-c.jpg?resize=700%2C400&ssl=1 2x, https:\/\/i0.wp.com\/www.conape.org\/tvconape\/wp-content\/uploads\/2015\/07\/tv-conape-circuito-cerrado-128-c.jpg?resize=1050%2C600&ssl=1 3x"},"classes":[]},{"id":305,"url":"https:\/\/www.conape.org\/tvconape\/tv-conape-circuito-cerrado-93-firma-de-convenio-entre-concaam-y-cndh\/","url_meta":{"origin":952,"position":3},"title":"TV CONAPE &#8211; Circuito Cerrado 93: FIRMA DE CONVENIO ENTRE CONCAAM Y CNDH","author":"TV CONAPE","date":"8 junio, 2015","format":false,"excerpt":"","rel":"","context":"En &quot;Circuito Cerrado&quot;","block_context":{"text":"Circuito Cerrado","link":"https:\/\/www.conape.org\/tvconape\/category\/circuito-cerrado\/"},"img":{"alt_text":"","src":"https:\/\/i0.wp.com\/www.conape.org\/tvconape\/wp-content\/uploads\/2015\/07\/tv-conape-circuito-cerrado-93-fi.jpg?resize=350%2C200&ssl=1","width":350,"height":200,"srcset":"https:\/\/i0.wp.com\/www.conape.org\/tvconape\/wp-content\/uploads\/2015\/07\/tv-conape-circuito-cerrado-93-fi.jpg?resize=350%2C200&ssl=1 1x, https:\/\/i0.wp.com\/www.conape.org\/tvconape\/wp-content\/uploads\/2015\/07\/tv-conape-circuito-cerrado-93-fi.jpg?resize=525%2C300&ssl=1 1.5x, https:\/\/i0.wp.com\/www.conape.org\/tvconape\/wp-content\/uploads\/2015\/07\/tv-conape-circuito-cerrado-93-fi.jpg?resize=700%2C400&ssl=1 2x, https:\/\/i0.wp.com\/www.conape.org\/tvconape\/wp-content\/uploads\/2015\/07\/tv-conape-circuito-cerrado-93-fi.jpg?resize=1050%2C600&ssl=1 3x"},"classes":[]},{"id":888,"url":"https:\/\/www.conape.org\/tvconape\/2da-asamblea-estatal-de-conape-en-colima-tv-conape-165\/","url_meta":{"origin":952,"position":4},"title":"2da Asamblea Estatal de CONAPE en Colima &#8211; TV CONAPE 165","author":"TV CONAPE","date":"14 abril, 2016","format":false,"excerpt":"ESTE PROGRAMA ES CIRCUITO CERRADO TRANSMITIDO EN #TVCONAPE. EN ESTA OCASI\u00d3N PODR\u00c1S OBSERVAR UN AN\u00c1LISIS DE LAS NOTICIAS M\u00c1S SOBRESALIENTES DEL \u00c1MBITO NACIONAL, INTERNACIONAL Y LOCAL: * PALABRAS DEL PRESIDENTE JUR\u00cdDICO INTERNACIONAL DE CONAPE, JOS\u00c9 DE JES\u00daS NAVEJA MACIAS EN SU VISITA AL PRESIDENTE MUNICIPAL DE CUERNAVACA, CUAUHT\u00c9MOC BLANCO. *\u2026","rel":"","context":"En &quot;Circuito Cerrado&quot;","block_context":{"text":"Circuito Cerrado","link":"https:\/\/www.conape.org\/tvconape\/category\/circuito-cerrado\/"},"img":{"alt_text":"","src":"https:\/\/i0.wp.com\/www.conape.org\/tvconape\/wp-content\/uploads\/2016\/04\/2da-asamblea-estatal-de-conape-e.jpg?resize=350%2C200&ssl=1","width":350,"height":200,"srcset":"https:\/\/i0.wp.com\/www.conape.org\/tvconape\/wp-content\/uploads\/2016\/04\/2da-asamblea-estatal-de-conape-e.jpg?resize=350%2C200&ssl=1 1x, https:\/\/i0.wp.com\/www.conape.org\/tvconape\/wp-content\/uploads\/2016\/04\/2da-asamblea-estatal-de-conape-e.jpg?resize=525%2C300&ssl=1 1.5x, https:\/\/i0.wp.com\/www.conape.org\/tvconape\/wp-content\/uploads\/2016\/04\/2da-asamblea-estatal-de-conape-e.jpg?resize=700%2C400&ssl=1 2x, https:\/\/i0.wp.com\/www.conape.org\/tvconape\/wp-content\/uploads\/2016\/04\/2da-asamblea-estatal-de-conape-e.jpg?resize=1050%2C600&ssl=1 3x"},"classes":[]},{"id":756,"url":"https:\/\/www.conape.org\/tvconape\/tv-conape-circuito-cerrado-137-toma-de-protesta-de-la-concaam\/","url_meta":{"origin":952,"position":5},"title":"TV CONAPE &#8211; Circuito Cerrado 137: TOMA DE PROTESTA DE LA CONCAAM","author":"TV CONAPE","date":"17 septiembre, 2015","format":false,"excerpt":"","rel":"","context":"En &quot;Circuito Cerrado&quot;","block_context":{"text":"Circuito Cerrado","link":"https:\/\/www.conape.org\/tvconape\/category\/circuito-cerrado\/"},"img":{"alt_text":"","src":"https:\/\/i0.wp.com\/www.conape.org\/tvconape\/wp-content\/uploads\/2015\/09\/tv-conape-circuito-cerrado-137-t.jpg?resize=350%2C200&ssl=1","width":350,"height":200,"srcset":"https:\/\/i0.wp.com\/www.conape.org\/tvconape\/wp-content\/uploads\/2015\/09\/tv-conape-circuito-cerrado-137-t.jpg?resize=350%2C200&ssl=1 1x, https:\/\/i0.wp.com\/www.conape.org\/tvconape\/wp-content\/uploads\/2015\/09\/tv-conape-circuito-cerrado-137-t.jpg?resize=525%2C300&ssl=1 1.5x, https:\/\/i0.wp.com\/www.conape.org\/tvconape\/wp-content\/uploads\/2015\/09\/tv-conape-circuito-cerrado-137-t.jpg?resize=700%2C400&ssl=1 2x, https:\/\/i0.wp.com\/www.conape.org\/tvconape\/wp-content\/uploads\/2015\/09\/tv-conape-circuito-cerrado-137-t.jpg?resize=1050%2C600&ssl=1 3x, https:\/\/i0.wp.com\/www.conape.org\/tvconape\/wp-content\/uploads\/2015\/09\/tv-conape-circuito-cerrado-137-t.jpg?resize=1400%2C800&ssl=1 4x"},"classes":[]}],"_links":{"self":[{"href":"https:\/\/www.conape.org\/tvconape\/wp-json\/wp\/v2\/posts\/952"}],"collection":[{"href":"https:\/\/www.conape.org\/tvconape\/wp-json\/wp\/v2\/posts"}],"about":[{"href":"https:\/\/www.conape.org\/tvconape\/wp-json\/wp\/v2\/types\/post"}],"author":[{"embeddable":true,"href":"https:\/\/www.conape.org\/tvconape\/wp-json\/wp\/v2\/users\/1"}],"replies":[{"embeddable":true,"href":"https:\/\/www.conape.org\/tvconape\/wp-json\/wp\/v2\/comments?post=952"}],"version-history":[{"count":1,"href":"https:\/\/www.conape.org\/tvconape\/wp-json\/wp\/v2\/posts\/952\/revisions"}],"predecessor-version":[{"id":953,"href":"https:\/\/www.conape.org\/tvconape\/wp-json\/wp\/v2\/posts\/952\/revisions\/953"}],"wp:featuredmedia":[{"embeddable":true,"href":"https:\/\/www.conape.org\/tvconape\/wp-json\/wp\/v2\/media\/954"}],"wp:attachment":[{"href":"https:\/\/www.conape.org\/tvconape\/wp-json\/wp\/v2\/media?parent=952"}],"wp:term":[{"taxonomy":"category","embeddable":true,"href":"https:\/\/www.conape.org\/tvconape\/wp-json\/wp\/v2\/categories?post=952"},{"taxonomy":"post_tag","embeddable":true,"href":"https:\/\/www.conape.org\/tvconape\/wp-json\/wp\/v2\/tags?post=952"}],"curies":[{"name":"wp","href":"https:\/\/api.w.org\/{rel}","templated":true}]}}