{"id":949,"date":"2016-08-05T07:40:30","date_gmt":"2016-08-05T12:40:30","guid":{"rendered":"http:\/\/www.conape.org\/tvconape\/?p=949"},"modified":"2016-08-05T07:40:30","modified_gmt":"2016-08-05T12:40:30","slug":"otro-gasolinazo-en-mexico-tvconape-180","status":"publish","type":"post","link":"https:\/\/www.conape.org\/tvconape\/otro-gasolinazo-en-mexico-tvconape-180\/","title":{"rendered":"Otro gasolinazo en M\u00e9xico &#8211; #TVCONAPE 180"},"content":{"rendered":"<p>En este programa de Circuito Cerrado transmitido en TV CONAPE, podr\u00e1s ver un an\u00e1lisis de las noticias mas sobresalientes del \u00e1mbito internacional, nacional y local:<\/p>\n<p>* Conoce la 4a Feria del Marisco en Zinacantepec, Estado de M\u00e9xico.<\/p>\n<p>* Andr\u00e9s Manuel L\u00f3pez Obrador hablando sobre el incremento de la gasolina en M\u00e9xico.<\/p>\n<p>* Recordamos a Enrique Pe\u00f1a Nieto diciendo que la gasolina y la luz bajar\u00edan de precios, cosa que no ha sucedido.<\/p>\n<p>* Comparaci\u00f3n de precios entre la gasolina que vende Pemex en M\u00e9xico y la que vende en Estados Unidos.<\/p>\n<p>* Diviertete con un video titulado &#8220;Lo que callamos los locutores&#8221;.<\/p>\n<p>* Una charla entre la Diputada Local por el Distrito 45 del Estado de M\u00e9xico, Aide Flores Delgado y ciudadanos.<\/p>\n<p>* Invitaci\u00f3n a la 3ra Cumbre Internacional de Periodismo (#Cumbre CONAPE2016) por parte del Delegado de CONAPE en Tijuana, Baja California Norte, M\u00e9xico, Jorge Tinoco G\u00f3mez.<\/p>\n<p>* Un resumen de noticias del estado de Jalisco.<\/p>\n<p>* Risas, cr\u00edticas, comentarios, opiniones, denuncias, humor, magia y mucho m\u00e1s s\u00f3lo en TV CONAPE&#8230;<\/p>\n<p><span class=\"embed-youtube\" style=\"text-align:center; display: block;\"><iframe loading=\"lazy\" class=\"youtube-player\" width=\"648\" height=\"365\" src=\"https:\/\/www.youtube.com\/embed\/8MtVxFLdlHg?version=3&#038;rel=1&#038;showsearch=0&#038;showinfo=1&#038;iv_load_policy=1&#038;fs=1&#038;hl=es-MX&#038;autohide=2&#038;wmode=transparent\" allowfullscreen=\"true\" style=\"border:0;\" sandbox=\"allow-scripts allow-same-origin allow-popups allow-presentation allow-popups-to-escape-sandbox\"><\/iframe><\/span><\/p>\n","protected":false},"excerpt":{"rendered":"<p>En este programa de Circuito Cerrado transmitido en TV CONAPE, podr\u00e1s ver un an\u00e1lisis de las noticias mas sobresalientes del \u00e1mbito internacional, nacional y local: * Conoce la 4a Feria del Marisco en Zinacantepec, Estado de M\u00e9xico. * Andr\u00e9s Manuel L\u00f3pez Obrador hablando sobre el incremento de la gasolina en M\u00e9xico. * Recordamos a Enrique [&hellip;]<\/p>\n","protected":false},"author":1,"featured_media":951,"comment_status":"open","ping_status":"open","sticky":false,"template":"","format":"standard","meta":{"_exactmetrics_skip_tracking":false,"_exactmetrics_sitenote_active":false,"_exactmetrics_sitenote_note":"","_exactmetrics_sitenote_category":0,"jetpack_post_was_ever_published":false,"_jetpack_newsletter_access":"","_jetpack_newsletter_tier_id":0,"footnotes":"","jetpack_publicize_message":"","jetpack_is_tweetstorm":false,"jetpack_publicize_feature_enabled":true,"jetpack_social_post_already_shared":false,"jetpack_social_options":{"image_generator_settings":{"template":"highway","enabled":false}}},"categories":[4],"tags":[],"jetpack_publicize_connections":[],"jetpack_featured_media_url":"https:\/\/www.conape.org\/tvconape\/wp-content\/uploads\/2016\/08\/otro-gasolinazo-en-mexico-tvcona.jpg","jetpack_sharing_enabled":true,"jetpack_shortlink":"https:\/\/wp.me\/p6jC0G-fj","jetpack-related-posts":[{"id":960,"url":"https:\/\/www.conape.org\/tvconape\/recuerdos-de-la-cumbre-internacional-de-periodismo-en-colombia-tvconape-183\/","url_meta":{"origin":949,"position":0},"title":"Recuerdos de la Cumbre Internacional de Periodismo en Colombia &#8211; #TVCONAPE 183","author":"TV CONAPE","date":"25 agosto, 2016","format":false,"excerpt":"En este programa de Circuito Cerrado transmitido en TV CONAPE, podr\u00e1s ver un an\u00e1lisis de las noticias mas sobresalientes del \u00e1mbito internacional, nacional y local: * Hablaremos sobre la polic\u00eda federal, estatal y municipal. * Recordaremos un poco de lo sucedido en la Segunda Cumbre Internacional de Periodismo que se\u2026","rel":"","context":"En &quot;Circuito Cerrado&quot;","block_context":{"text":"Circuito Cerrado","link":"https:\/\/www.conape.org\/tvconape\/category\/circuito-cerrado\/"},"img":{"alt_text":"","src":"https:\/\/i0.wp.com\/www.conape.org\/tvconape\/wp-content\/uploads\/2016\/08\/recuerdos-de-la-cumbre-internaci.jpg?resize=350%2C200&ssl=1","width":350,"height":200,"srcset":"https:\/\/i0.wp.com\/www.conape.org\/tvconape\/wp-content\/uploads\/2016\/08\/recuerdos-de-la-cumbre-internaci.jpg?resize=350%2C200&ssl=1 1x, https:\/\/i0.wp.com\/www.conape.org\/tvconape\/wp-content\/uploads\/2016\/08\/recuerdos-de-la-cumbre-internaci.jpg?resize=525%2C300&ssl=1 1.5x, https:\/\/i0.wp.com\/www.conape.org\/tvconape\/wp-content\/uploads\/2016\/08\/recuerdos-de-la-cumbre-internaci.jpg?resize=700%2C400&ssl=1 2x, https:\/\/i0.wp.com\/www.conape.org\/tvconape\/wp-content\/uploads\/2016\/08\/recuerdos-de-la-cumbre-internaci.jpg?resize=1050%2C600&ssl=1 3x"},"classes":[]},{"id":924,"url":"https:\/\/www.conape.org\/tvconape\/conape-entrega-certificados-y-conoce-los-problemas-del-magisterio-tv-conape-174\/","url_meta":{"origin":949,"position":1},"title":"CONAPE ENTREGA CERTIFICADOS Y CONOCE LOS PROBLEMAS DEL MAGISTERIO &#8211; TV CONAPE 174","author":"TV CONAPE","date":"24 junio, 2016","format":false,"excerpt":"ESTE PROGRAMA ES CIRCUITO CERRADO TRANSMITIDO EN #TVCONAPE. EN ESTA OCASI\u00d3N PODR\u00c1S OBSERVAR UN AN\u00c1LISIS DE LAS NOTICIAS M\u00c1S SOBRESALIENTES DEL \u00c1MBITO NACIONAL, INTERNACIONAL Y LOCAL: * CONOCEREMOS LO QUE ESTA SUCEDIENDO CON EL MAGISTERIO EN LA REP\u00daBLICA MEXICANA, VIDEOS DONDE POLIC\u00cdAS FEDERALES DISPARAN A LOS MANIFESTANTES Y M\u00c1S... *\u2026","rel":"","context":"En &quot;Circuito Cerrado&quot;","block_context":{"text":"Circuito Cerrado","link":"https:\/\/www.conape.org\/tvconape\/category\/circuito-cerrado\/"},"img":{"alt_text":"","src":"https:\/\/i0.wp.com\/www.conape.org\/tvconape\/wp-content\/uploads\/2016\/06\/conape-entrega-certificados-y-co.jpg?resize=350%2C200&ssl=1","width":350,"height":200,"srcset":"https:\/\/i0.wp.com\/www.conape.org\/tvconape\/wp-content\/uploads\/2016\/06\/conape-entrega-certificados-y-co.jpg?resize=350%2C200&ssl=1 1x, https:\/\/i0.wp.com\/www.conape.org\/tvconape\/wp-content\/uploads\/2016\/06\/conape-entrega-certificados-y-co.jpg?resize=525%2C300&ssl=1 1.5x, https:\/\/i0.wp.com\/www.conape.org\/tvconape\/wp-content\/uploads\/2016\/06\/conape-entrega-certificados-y-co.jpg?resize=700%2C400&ssl=1 2x, https:\/\/i0.wp.com\/www.conape.org\/tvconape\/wp-content\/uploads\/2016\/06\/conape-entrega-certificados-y-co.jpg?resize=1050%2C600&ssl=1 3x"},"classes":[]},{"id":899,"url":"https:\/\/www.conape.org\/tvconape\/suspension-de-la-tercera-cumbre-internacional-de-periodismo-en-ecuador-tv-conape-167\/","url_meta":{"origin":949,"position":2},"title":"Suspensi\u00f3n de la Tercera Cumbre Internacional de Periodismo en Ecuador &#8211; TV CONAPE 167","author":"TV CONAPE","date":"1 mayo, 2016","format":false,"excerpt":"ESTE PROGRAMA ES CIRCUITO CERRADO TRANSMITIDO EN #TVCONAPE. EN ESTA OCASI\u00d3N PODR\u00c1S OBSERVAR UN AN\u00c1LISIS DE LAS NOTICIAS M\u00c1S SOBRESALIENTES DEL \u00c1MBITO NACIONAL, INTERNACIONAL Y LOCAL: * SUSPENSI\u00d3N DE LA TERCERA CUMBRE DE PERIODISMO QUE SE LLEVAR\u00cdA ACABO EN QUITO, ECUADOR. * TENDREMOS ENTREVISTAS QUE SE REALIZARON EN LA ASAMBLEA\u2026","rel":"","context":"En &quot;Circuito Cerrado&quot;","block_context":{"text":"Circuito Cerrado","link":"https:\/\/www.conape.org\/tvconape\/category\/circuito-cerrado\/"},"img":{"alt_text":"","src":"https:\/\/i0.wp.com\/www.conape.org\/tvconape\/wp-content\/uploads\/2016\/05\/suspension-de-la-tercera-cumbre.jpg?resize=350%2C200&ssl=1","width":350,"height":200,"srcset":"https:\/\/i0.wp.com\/www.conape.org\/tvconape\/wp-content\/uploads\/2016\/05\/suspension-de-la-tercera-cumbre.jpg?resize=350%2C200&ssl=1 1x, https:\/\/i0.wp.com\/www.conape.org\/tvconape\/wp-content\/uploads\/2016\/05\/suspension-de-la-tercera-cumbre.jpg?resize=525%2C300&ssl=1 1.5x, https:\/\/i0.wp.com\/www.conape.org\/tvconape\/wp-content\/uploads\/2016\/05\/suspension-de-la-tercera-cumbre.jpg?resize=700%2C400&ssl=1 2x, https:\/\/i0.wp.com\/www.conape.org\/tvconape\/wp-content\/uploads\/2016\/05\/suspension-de-la-tercera-cumbre.jpg?resize=1050%2C600&ssl=1 3x"},"classes":[]},{"id":952,"url":"https:\/\/www.conape.org\/tvconape\/declaraciones-del-gobernador-javier-duarte-tvconape-181\/","url_meta":{"origin":949,"position":3},"title":"Declaraciones del Gobernador Javier Duarte &#8211; #TVCONAPE 181","author":"TV CONAPE","date":"11 agosto, 2016","format":false,"excerpt":"En este programa de Circuito Cerrado transmitido en TV CONAPE, podr\u00e1s ver un an\u00e1lisis de las noticias mas sobresalientes del \u00e1mbito internacional, nacional y local: * Ver\u00e1s las palabras de Jos\u00e9 de Jes\u00fas Naveja Macias en Mazatlan, con motivo de la asamblea de la Confederaciones de Colegios y Asociaciones de\u2026","rel":"","context":"En &quot;Circuito Cerrado&quot;","block_context":{"text":"Circuito Cerrado","link":"https:\/\/www.conape.org\/tvconape\/category\/circuito-cerrado\/"},"img":{"alt_text":"","src":"https:\/\/i0.wp.com\/www.conape.org\/tvconape\/wp-content\/uploads\/2016\/08\/declaraciones-del-gobernador-jav.jpg?resize=350%2C200&ssl=1","width":350,"height":200,"srcset":"https:\/\/i0.wp.com\/www.conape.org\/tvconape\/wp-content\/uploads\/2016\/08\/declaraciones-del-gobernador-jav.jpg?resize=350%2C200&ssl=1 1x, https:\/\/i0.wp.com\/www.conape.org\/tvconape\/wp-content\/uploads\/2016\/08\/declaraciones-del-gobernador-jav.jpg?resize=525%2C300&ssl=1 1.5x, https:\/\/i0.wp.com\/www.conape.org\/tvconape\/wp-content\/uploads\/2016\/08\/declaraciones-del-gobernador-jav.jpg?resize=700%2C400&ssl=1 2x, https:\/\/i0.wp.com\/www.conape.org\/tvconape\/wp-content\/uploads\/2016\/08\/declaraciones-del-gobernador-jav.jpg?resize=1050%2C600&ssl=1 3x"},"classes":[]},{"id":974,"url":"https:\/\/www.conape.org\/tvconape\/conape-entrega-propuesta-de-ley-en-favor-de-los-periodistas-tvconape-187\/","url_meta":{"origin":949,"position":4},"title":"CONAPE entrega propuesta de Ley en favor de los periodistas &#8211; #TVCONAPE 187","author":"TV CONAPE","date":"22 septiembre, 2016","format":false,"excerpt":"En este programa de Circuito Cerrado transmitido en TV CONAPE, te contaremos sobre : * Hablamos sobre la propuesta de Ley en favor de los periodistas que CONAPE present\u00f3 ante la Legislatura del Estado de M\u00e9xico. * Polic\u00edas en Plaza Sendero del Estado de M\u00e9xico extorsionando y golpeando a un\u2026","rel":"","context":"En &quot;Circuito Cerrado&quot;","block_context":{"text":"Circuito Cerrado","link":"https:\/\/www.conape.org\/tvconape\/category\/circuito-cerrado\/"},"img":{"alt_text":"","src":"https:\/\/i0.wp.com\/www.conape.org\/tvconape\/wp-content\/uploads\/2016\/09\/conape-entrega-propuesta-de-ley.jpg?resize=350%2C200&ssl=1","width":350,"height":200,"srcset":"https:\/\/i0.wp.com\/www.conape.org\/tvconape\/wp-content\/uploads\/2016\/09\/conape-entrega-propuesta-de-ley.jpg?resize=350%2C200&ssl=1 1x, https:\/\/i0.wp.com\/www.conape.org\/tvconape\/wp-content\/uploads\/2016\/09\/conape-entrega-propuesta-de-ley.jpg?resize=525%2C300&ssl=1 1.5x, https:\/\/i0.wp.com\/www.conape.org\/tvconape\/wp-content\/uploads\/2016\/09\/conape-entrega-propuesta-de-ley.jpg?resize=700%2C400&ssl=1 2x, https:\/\/i0.wp.com\/www.conape.org\/tvconape\/wp-content\/uploads\/2016\/09\/conape-entrega-propuesta-de-ley.jpg?resize=1050%2C600&ssl=1 3x"},"classes":[]},{"id":989,"url":"https:\/\/www.conape.org\/tvconape\/conape-visita-estudiantes-en-guatemala-tvconape-191\/","url_meta":{"origin":949,"position":5},"title":"CONAPE visita estudiantes en Guatemala &#8211; #TVCONAPE 191","author":"TV CONAPE","date":"28 octubre, 2016","format":false,"excerpt":"En este programa de Circuito Cerrado transmitido en TV CONAPE, te contaremos sobre: * Autoridades municipales de Toluca golpean a ciudadano. * Presentaci\u00f3n del libro \"Hijos de Perra\" escrito por el Asesor Internacional de CONAPE, Rafael Loret de Mola, en el Zocalo de la Ciudad de M\u00e9xico. * Polic\u00edas que\u2026","rel":"","context":"En &quot;Circuito Cerrado&quot;","block_context":{"text":"Circuito Cerrado","link":"https:\/\/www.conape.org\/tvconape\/category\/circuito-cerrado\/"},"img":{"alt_text":"","src":"https:\/\/i0.wp.com\/www.conape.org\/tvconape\/wp-content\/uploads\/2016\/10\/conape-visita-estudiantes-en-gua.jpg?resize=350%2C200&ssl=1","width":350,"height":200,"srcset":"https:\/\/i0.wp.com\/www.conape.org\/tvconape\/wp-content\/uploads\/2016\/10\/conape-visita-estudiantes-en-gua.jpg?resize=350%2C200&ssl=1 1x, https:\/\/i0.wp.com\/www.conape.org\/tvconape\/wp-content\/uploads\/2016\/10\/conape-visita-estudiantes-en-gua.jpg?resize=525%2C300&ssl=1 1.5x, https:\/\/i0.wp.com\/www.conape.org\/tvconape\/wp-content\/uploads\/2016\/10\/conape-visita-estudiantes-en-gua.jpg?resize=700%2C400&ssl=1 2x, https:\/\/i0.wp.com\/www.conape.org\/tvconape\/wp-content\/uploads\/2016\/10\/conape-visita-estudiantes-en-gua.jpg?resize=1050%2C600&ssl=1 3x"},"classes":[]}],"_links":{"self":[{"href":"https:\/\/www.conape.org\/tvconape\/wp-json\/wp\/v2\/posts\/949"}],"collection":[{"href":"https:\/\/www.conape.org\/tvconape\/wp-json\/wp\/v2\/posts"}],"about":[{"href":"https:\/\/www.conape.org\/tvconape\/wp-json\/wp\/v2\/types\/post"}],"author":[{"embeddable":true,"href":"https:\/\/www.conape.org\/tvconape\/wp-json\/wp\/v2\/users\/1"}],"replies":[{"embeddable":true,"href":"https:\/\/www.conape.org\/tvconape\/wp-json\/wp\/v2\/comments?post=949"}],"version-history":[{"count":1,"href":"https:\/\/www.conape.org\/tvconape\/wp-json\/wp\/v2\/posts\/949\/revisions"}],"predecessor-version":[{"id":950,"href":"https:\/\/www.conape.org\/tvconape\/wp-json\/wp\/v2\/posts\/949\/revisions\/950"}],"wp:featuredmedia":[{"embeddable":true,"href":"https:\/\/www.conape.org\/tvconape\/wp-json\/wp\/v2\/media\/951"}],"wp:attachment":[{"href":"https:\/\/www.conape.org\/tvconape\/wp-json\/wp\/v2\/media?parent=949"}],"wp:term":[{"taxonomy":"category","embeddable":true,"href":"https:\/\/www.conape.org\/tvconape\/wp-json\/wp\/v2\/categories?post=949"},{"taxonomy":"post_tag","embeddable":true,"href":"https:\/\/www.conape.org\/tvconape\/wp-json\/wp\/v2\/tags?post=949"}],"curies":[{"name":"wp","href":"https:\/\/api.w.org\/{rel}","templated":true}]}}