{"id":1265,"date":"2017-08-30T13:32:42","date_gmt":"2017-08-30T18:32:42","guid":{"rendered":"http:\/\/www.conape.org\/tvconape\/?p=1265"},"modified":"2017-08-30T13:32:42","modified_gmt":"2017-08-30T18:32:42","slug":"la-verdad-de-la-batalla-de-puebla-tvconape","status":"publish","type":"post","link":"https:\/\/www.conape.org\/tvconape\/la-verdad-de-la-batalla-de-puebla-tvconape\/","title":{"rendered":"La verdad de la batalla de Puebla &#8211; #TVCONAPE"},"content":{"rendered":"<div class=\"\" style=\"text-align: left;\" data-block=\"true\" data-editor=\"dv7lt\" data-offset-key=\"9ba0n-0-0\">\n<div class=\"_1mf _1mj\" data-offset-key=\"9ba0n-0-0\"><span style=\"color: #000000;\">La verdad de la batalla de Puebla &#8211; <span class=\"_5zk7\" spellcheck=\"false\" data-offset-key=\"9ba0n-1-0\">#TVCONAPE<\/span><\/span><\/div>\n<\/div>\n<div class=\"\" style=\"text-align: left;\" data-block=\"true\" data-editor=\"dv7lt\" data-offset-key=\"5gdhh-0-0\">\n<div class=\"_1mf _1mj\" data-offset-key=\"5gdhh-0-0\"><span style=\"color: #000000;\" data-offset-key=\"5gdhh-0-0\">\u00a0<\/span><\/div>\n<\/div>\n<div class=\"\" style=\"text-align: left;\" data-block=\"true\" data-editor=\"dv7lt\" data-offset-key=\"f06vs-0-0\">\n<div class=\"_1mf _1mj\" data-offset-key=\"f06vs-0-0\"><span style=\"color: #000000;\" data-offset-key=\"f06vs-0-0\">La verdad de la batalla de Puebla, la gran haza\u00f1a de haber vencido al ej\u00e9rcito m\u00e1s poderoso del mundo, a trav\u00e9s de la pintura de Patricio Ramos.<\/span><\/div>\n<\/div>\n<div style=\"text-align: left;\" data-offset-key=\"f06vs-0-0\"><\/div>\n<div style=\"text-align: left;\" data-offset-key=\"f06vs-0-0\"><\/div>\n<p><iframe loading=\"lazy\" src=\"https:\/\/www.youtube.com\/embed\/htEbF8kMySg\" width=\"560\" height=\"315\" frameborder=\"0\" allowfullscreen=\"allowfullscreen\"><\/iframe><\/p>\n","protected":false},"excerpt":{"rendered":"<p>La verdad de la batalla de Puebla &#8211; #TVCONAPE \u00a0 La verdad de la batalla de Puebla, la gran haza\u00f1a de haber vencido al ej\u00e9rcito m\u00e1s poderoso del mundo, a trav\u00e9s de la pintura de Patricio Ramos.<\/p>\n","protected":false},"author":1,"featured_media":1268,"comment_status":"open","ping_status":"open","sticky":false,"template":"","format":"standard","meta":{"_exactmetrics_skip_tracking":false,"_exactmetrics_sitenote_active":false,"_exactmetrics_sitenote_note":"","_exactmetrics_sitenote_category":0,"jetpack_post_was_ever_published":false,"_jetpack_newsletter_access":"","_jetpack_newsletter_tier_id":0,"footnotes":"","jetpack_publicize_message":"","jetpack_is_tweetstorm":false,"jetpack_publicize_feature_enabled":true,"jetpack_social_post_already_shared":true,"jetpack_social_options":{"image_generator_settings":{"template":"highway","enabled":false}}},"categories":[4],"tags":[],"jetpack_publicize_connections":[],"jetpack_featured_media_url":"https:\/\/www.conape.org\/tvconape\/wp-content\/uploads\/2017\/08\/la-verdad-de-la-batalla-de-puebl.jpg","jetpack_sharing_enabled":true,"jetpack_shortlink":"https:\/\/wp.me\/p6jC0G-kp","jetpack-related-posts":[{"id":1251,"url":"https:\/\/www.conape.org\/tvconape\/san-andres-calpan-puebla-un-delicioso-destino-turistico-tvconape\/","url_meta":{"origin":1265,"position":0},"title":"San Andr\u00e9s Calpan, Puebla, un delicioso destino tur\u00edstico &#8211; #TVCONAPE","author":"TV CONAPE","date":"14 agosto, 2017","format":false,"excerpt":"Entrevista al presidente municipal de San Andr\u00e9s Calpan, Puebla, Leonardo L\u00e1zaro Jim\u00e9nez, en la que nos platica sobre la oferta tur\u00edstica de su municipio, entre las que destaca la Feria del Chile en Nogada. https:\/\/www.youtube.com\/watch?v=W3k8Y90IR5s","rel":"","context":"En &quot;Circuito Cerrado&quot;","block_context":{"text":"Circuito Cerrado","link":"https:\/\/www.conape.org\/tvconape\/category\/circuito-cerrado\/"},"img":{"alt_text":"","src":"https:\/\/i0.wp.com\/www.conape.org\/tvconape\/wp-content\/uploads\/2017\/08\/san-andres-calpan-puebla-un-deli.jpg?resize=350%2C200&ssl=1","width":350,"height":200,"srcset":"https:\/\/i0.wp.com\/www.conape.org\/tvconape\/wp-content\/uploads\/2017\/08\/san-andres-calpan-puebla-un-deli.jpg?resize=350%2C200&ssl=1 1x, https:\/\/i0.wp.com\/www.conape.org\/tvconape\/wp-content\/uploads\/2017\/08\/san-andres-calpan-puebla-un-deli.jpg?resize=525%2C300&ssl=1 1.5x, https:\/\/i0.wp.com\/www.conape.org\/tvconape\/wp-content\/uploads\/2017\/08\/san-andres-calpan-puebla-un-deli.jpg?resize=700%2C400&ssl=1 2x, https:\/\/i0.wp.com\/www.conape.org\/tvconape\/wp-content\/uploads\/2017\/08\/san-andres-calpan-puebla-un-deli.jpg?resize=1050%2C600&ssl=1 3x"},"classes":[]},{"id":1261,"url":"https:\/\/www.conape.org\/tvconape\/conape-realiza-toma-de-protesta-a-vicepresidencia-de-puebla-tvconape\/","url_meta":{"origin":1265,"position":1},"title":"CONAPE realiza toma de protesta a Vicepresidencia de Puebla &#8211; #TVCONAPE","author":"TV CONAPE","date":"22 agosto, 2017","format":false,"excerpt":"CONAPE contin\u00faa su marcha, en esta ocasi\u00f3n realiz\u00f3 la toma de protesta de la Vicepresidencia de Puebla, un estado lleno de tradiciones y de periodistas comprometidos con esta noble profesi\u00f3n. https:\/\/www.youtube.com\/watch?v=wZ-aCAai1Qo \u00a0","rel":"","context":"En &quot;Circuito Cerrado&quot;","block_context":{"text":"Circuito Cerrado","link":"https:\/\/www.conape.org\/tvconape\/category\/circuito-cerrado\/"},"img":{"alt_text":"","src":"https:\/\/i0.wp.com\/www.conape.org\/tvconape\/wp-content\/uploads\/2017\/08\/conape-realiza-toma-de-protesta.jpg?resize=350%2C200&ssl=1","width":350,"height":200,"srcset":"https:\/\/i0.wp.com\/www.conape.org\/tvconape\/wp-content\/uploads\/2017\/08\/conape-realiza-toma-de-protesta.jpg?resize=350%2C200&ssl=1 1x, https:\/\/i0.wp.com\/www.conape.org\/tvconape\/wp-content\/uploads\/2017\/08\/conape-realiza-toma-de-protesta.jpg?resize=525%2C300&ssl=1 1.5x, https:\/\/i0.wp.com\/www.conape.org\/tvconape\/wp-content\/uploads\/2017\/08\/conape-realiza-toma-de-protesta.jpg?resize=700%2C400&ssl=1 2x, https:\/\/i0.wp.com\/www.conape.org\/tvconape\/wp-content\/uploads\/2017\/08\/conape-realiza-toma-de-protesta.jpg?resize=1050%2C600&ssl=1 3x"},"classes":[]},{"id":1254,"url":"https:\/\/www.conape.org\/tvconape\/tlahuapan-puebla-criadores-de-truchas-y-guardianes-de-las-luciernagas-tvconape\/","url_meta":{"origin":1265,"position":2},"title":"Tlahuapan, Puebla, criadores de truchas y guardianes de las luci\u00e9rnagas &#8211; #TVCONAPE","author":"TV CONAPE","date":"15 agosto, 2017","format":false,"excerpt":"\"Vivir del bosque sin devastarlo\", el mensaje de los habitantes de Santa Rita Tlahuapan, Puebla; hombres y mujeres que son criadores de truchas y guardianes de las luci\u00e9rnagas. https:\/\/www.youtube.com\/watch?v=96p1z-KanY8","rel":"","context":"En &quot;Circuito Cerrado&quot;","block_context":{"text":"Circuito Cerrado","link":"https:\/\/www.conape.org\/tvconape\/category\/circuito-cerrado\/"},"img":{"alt_text":"","src":"https:\/\/i0.wp.com\/www.conape.org\/tvconape\/wp-content\/uploads\/2017\/08\/tlahuapan-puebla-criadores-de-tr.jpg?resize=350%2C200&ssl=1","width":350,"height":200,"srcset":"https:\/\/i0.wp.com\/www.conape.org\/tvconape\/wp-content\/uploads\/2017\/08\/tlahuapan-puebla-criadores-de-tr.jpg?resize=350%2C200&ssl=1 1x, https:\/\/i0.wp.com\/www.conape.org\/tvconape\/wp-content\/uploads\/2017\/08\/tlahuapan-puebla-criadores-de-tr.jpg?resize=525%2C300&ssl=1 1.5x, https:\/\/i0.wp.com\/www.conape.org\/tvconape\/wp-content\/uploads\/2017\/08\/tlahuapan-puebla-criadores-de-tr.jpg?resize=700%2C400&ssl=1 2x, https:\/\/i0.wp.com\/www.conape.org\/tvconape\/wp-content\/uploads\/2017\/08\/tlahuapan-puebla-criadores-de-tr.jpg?resize=1050%2C600&ssl=1 3x"},"classes":[]},{"id":1258,"url":"https:\/\/www.conape.org\/tvconape\/la-ruta-de-las-luciernagas-en-tlahuapan-puebla-tvconape\/","url_meta":{"origin":1265,"position":3},"title":"La ruta de las luci\u00e9rnagas en Tlahuapan, Puebla &#8211; #TVCONAPE","author":"TV CONAPE","date":"18 agosto, 2017","format":false,"excerpt":"Ellos son guardianes del bosque y cuidadores de las luci\u00e9rnagas, un equipo de adolescentes que se prepara d\u00eda a d\u00eda para conducirte a trav\u00e9s de las entra\u00f1as del bosque para ser testigo de un espect\u00e1culo natural sin igual. https:\/\/www.youtube.com\/watch?v=pl6HoWza4U4","rel":"","context":"En &quot;Circuito Cerrado&quot;","block_context":{"text":"Circuito Cerrado","link":"https:\/\/www.conape.org\/tvconape\/category\/circuito-cerrado\/"},"img":{"alt_text":"","src":"https:\/\/i0.wp.com\/www.conape.org\/tvconape\/wp-content\/uploads\/2017\/08\/la-ruta-de-las-luciernagas-en-tl.jpg?resize=350%2C200&ssl=1","width":350,"height":200,"srcset":"https:\/\/i0.wp.com\/www.conape.org\/tvconape\/wp-content\/uploads\/2017\/08\/la-ruta-de-las-luciernagas-en-tl.jpg?resize=350%2C200&ssl=1 1x, https:\/\/i0.wp.com\/www.conape.org\/tvconape\/wp-content\/uploads\/2017\/08\/la-ruta-de-las-luciernagas-en-tl.jpg?resize=525%2C300&ssl=1 1.5x, https:\/\/i0.wp.com\/www.conape.org\/tvconape\/wp-content\/uploads\/2017\/08\/la-ruta-de-las-luciernagas-en-tl.jpg?resize=700%2C400&ssl=1 2x, https:\/\/i0.wp.com\/www.conape.org\/tvconape\/wp-content\/uploads\/2017\/08\/la-ruta-de-las-luciernagas-en-tl.jpg?resize=1050%2C600&ssl=1 3x"},"classes":[]},{"id":212,"url":"https:\/\/www.conape.org\/tvconape\/tv-conape-circuito-cerrado-64-tercera-asamblea-de-conape-en-acatlan-puebla\/","url_meta":{"origin":1265,"position":4},"title":"TV CONAPE &#8211; Circuito Cerrado 64: TERCERA ASAMBLEA DE CONAPE EN ACATL\u00c1N, PUEBLA","author":"TV CONAPE","date":"5 junio, 2015","format":false,"excerpt":"","rel":"","context":"En &quot;Circuito Cerrado&quot;","block_context":{"text":"Circuito Cerrado","link":"https:\/\/www.conape.org\/tvconape\/category\/circuito-cerrado\/"},"img":{"alt_text":"","src":"https:\/\/i0.wp.com\/www.conape.org\/tvconape\/wp-content\/uploads\/2015\/07\/tv-conape-circuito-cerrado-64-te.jpg?resize=350%2C200&ssl=1","width":350,"height":200,"srcset":"https:\/\/i0.wp.com\/www.conape.org\/tvconape\/wp-content\/uploads\/2015\/07\/tv-conape-circuito-cerrado-64-te.jpg?resize=350%2C200&ssl=1 1x, https:\/\/i0.wp.com\/www.conape.org\/tvconape\/wp-content\/uploads\/2015\/07\/tv-conape-circuito-cerrado-64-te.jpg?resize=525%2C300&ssl=1 1.5x, https:\/\/i0.wp.com\/www.conape.org\/tvconape\/wp-content\/uploads\/2015\/07\/tv-conape-circuito-cerrado-64-te.jpg?resize=700%2C400&ssl=1 2x, https:\/\/i0.wp.com\/www.conape.org\/tvconape\/wp-content\/uploads\/2015\/07\/tv-conape-circuito-cerrado-64-te.jpg?resize=1050%2C600&ssl=1 3x"},"classes":[]},{"id":218,"url":"https:\/\/www.conape.org\/tvconape\/tv-conape-circuito-cerrado-66-danza-raices-del-pueblo-en-acatlan-puebla\/","url_meta":{"origin":1265,"position":5},"title":"TV CONAPE &#8211; Circuito Cerrado 66: DANZA RA\u00cdCES DEL PUEBLO EN ACATL\u00c1N, PUEBLA","author":"TV CONAPE","date":"5 junio, 2015","format":false,"excerpt":"","rel":"","context":"En &quot;Circuito Cerrado&quot;","block_context":{"text":"Circuito Cerrado","link":"https:\/\/www.conape.org\/tvconape\/category\/circuito-cerrado\/"},"img":{"alt_text":"","src":"https:\/\/i0.wp.com\/www.conape.org\/tvconape\/wp-content\/uploads\/2015\/07\/tv-conape-circuito-cerrado-66-da.jpg?resize=350%2C200&ssl=1","width":350,"height":200,"srcset":"https:\/\/i0.wp.com\/www.conape.org\/tvconape\/wp-content\/uploads\/2015\/07\/tv-conape-circuito-cerrado-66-da.jpg?resize=350%2C200&ssl=1 1x, https:\/\/i0.wp.com\/www.conape.org\/tvconape\/wp-content\/uploads\/2015\/07\/tv-conape-circuito-cerrado-66-da.jpg?resize=525%2C300&ssl=1 1.5x, https:\/\/i0.wp.com\/www.conape.org\/tvconape\/wp-content\/uploads\/2015\/07\/tv-conape-circuito-cerrado-66-da.jpg?resize=700%2C400&ssl=1 2x, https:\/\/i0.wp.com\/www.conape.org\/tvconape\/wp-content\/uploads\/2015\/07\/tv-conape-circuito-cerrado-66-da.jpg?resize=1050%2C600&ssl=1 3x"},"classes":[]}],"_links":{"self":[{"href":"https:\/\/www.conape.org\/tvconape\/wp-json\/wp\/v2\/posts\/1265"}],"collection":[{"href":"https:\/\/www.conape.org\/tvconape\/wp-json\/wp\/v2\/posts"}],"about":[{"href":"https:\/\/www.conape.org\/tvconape\/wp-json\/wp\/v2\/types\/post"}],"author":[{"embeddable":true,"href":"https:\/\/www.conape.org\/tvconape\/wp-json\/wp\/v2\/users\/1"}],"replies":[{"embeddable":true,"href":"https:\/\/www.conape.org\/tvconape\/wp-json\/wp\/v2\/comments?post=1265"}],"version-history":[{"count":2,"href":"https:\/\/www.conape.org\/tvconape\/wp-json\/wp\/v2\/posts\/1265\/revisions"}],"predecessor-version":[{"id":1267,"href":"https:\/\/www.conape.org\/tvconape\/wp-json\/wp\/v2\/posts\/1265\/revisions\/1267"}],"wp:featuredmedia":[{"embeddable":true,"href":"https:\/\/www.conape.org\/tvconape\/wp-json\/wp\/v2\/media\/1268"}],"wp:attachment":[{"href":"https:\/\/www.conape.org\/tvconape\/wp-json\/wp\/v2\/media?parent=1265"}],"wp:term":[{"taxonomy":"category","embeddable":true,"href":"https:\/\/www.conape.org\/tvconape\/wp-json\/wp\/v2\/categories?post=1265"},{"taxonomy":"post_tag","embeddable":true,"href":"https:\/\/www.conape.org\/tvconape\/wp-json\/wp\/v2\/tags?post=1265"}],"curies":[{"name":"wp","href":"https:\/\/api.w.org\/{rel}","templated":true}]}}