{"id":1261,"date":"2017-08-22T23:24:45","date_gmt":"2017-08-23T04:24:45","guid":{"rendered":"http:\/\/www.conape.org\/tvconape\/?p=1261"},"modified":"2017-08-22T23:24:45","modified_gmt":"2017-08-23T04:24:45","slug":"conape-realiza-toma-de-protesta-a-vicepresidencia-de-puebla-tvconape","status":"publish","type":"post","link":"https:\/\/www.conape.org\/tvconape\/conape-realiza-toma-de-protesta-a-vicepresidencia-de-puebla-tvconape\/","title":{"rendered":"CONAPE realiza toma de protesta a Vicepresidencia de Puebla &#8211; #TVCONAPE"},"content":{"rendered":"<p style=\"text-align: left;\"><span style=\"color: #000000;\">CONAPE contin\u00faa su marcha, en esta ocasi\u00f3n realiz\u00f3 la toma de protesta de la Vicepresidencia de Puebla, un estado lleno de tradiciones y de periodistas comprometidos con esta noble profesi\u00f3n.<\/span><\/p>\n<p><span class=\"embed-youtube\" style=\"text-align:center; display: block;\"><iframe loading=\"lazy\" class=\"youtube-player\" width=\"648\" height=\"365\" src=\"https:\/\/www.youtube.com\/embed\/wZ-aCAai1Qo?version=3&#038;rel=1&#038;showsearch=0&#038;showinfo=1&#038;iv_load_policy=1&#038;fs=1&#038;hl=es-MX&#038;autohide=2&#038;wmode=transparent\" allowfullscreen=\"true\" style=\"border:0;\" sandbox=\"allow-scripts allow-same-origin allow-popups allow-presentation allow-popups-to-escape-sandbox\"><\/iframe><\/span><\/p>\n<p>&nbsp;<\/p>\n","protected":false},"excerpt":{"rendered":"<p>CONAPE contin\u00faa su marcha, en esta ocasi\u00f3n realiz\u00f3 la toma de protesta de la Vicepresidencia de Puebla, un estado lleno de tradiciones y de periodistas comprometidos con esta noble profesi\u00f3n. &nbsp;<\/p>\n","protected":false},"author":1,"featured_media":1263,"comment_status":"open","ping_status":"open","sticky":false,"template":"","format":"standard","meta":{"_exactmetrics_skip_tracking":false,"_exactmetrics_sitenote_active":false,"_exactmetrics_sitenote_note":"","_exactmetrics_sitenote_category":0,"jetpack_post_was_ever_published":false,"_jetpack_newsletter_access":"","_jetpack_newsletter_tier_id":0,"footnotes":"","jetpack_publicize_message":"","jetpack_is_tweetstorm":false,"jetpack_publicize_feature_enabled":true,"jetpack_social_post_already_shared":true,"jetpack_social_options":{"image_generator_settings":{"template":"highway","enabled":false}}},"categories":[4],"tags":[],"jetpack_publicize_connections":[],"jetpack_featured_media_url":"https:\/\/www.conape.org\/tvconape\/wp-content\/uploads\/2017\/08\/conape-realiza-toma-de-protesta.jpg","jetpack_sharing_enabled":true,"jetpack_shortlink":"https:\/\/wp.me\/p6jC0G-kl","jetpack-related-posts":[{"id":1233,"url":"https:\/\/www.conape.org\/tvconape\/christian-gonzalez-realiza-toma-de-protesta-a-los-nuevos-integrantes-en-chiapas\/","url_meta":{"origin":1261,"position":0},"title":"Christian Gonz\u00e1lez realiza toma de protesta a los nuevos integrantes en Chiapas","author":"TV CONAPE","date":"26 junio, 2017","format":false,"excerpt":"El Vicepresidente de Imagen Institucional, Radio y TV CONAPE, el Mtro. Christian Gonz\u00e1lez Murillo, realiz\u00f3 la Toma de Protesta a los nuevos integrantes de la Vicepresidencia de CONAPE e Chiapas - Zona Sur. https:\/\/www.youtube.com\/watch?v=bHZnlVH9g8I","rel":"","context":"En &quot;Eventos&quot;","block_context":{"text":"Eventos","link":"https:\/\/www.conape.org\/tvconape\/category\/eventos\/"},"img":{"alt_text":"","src":"https:\/\/i0.wp.com\/www.conape.org\/tvconape\/wp-content\/uploads\/2017\/06\/christian-gonzalez-realiza-toma.jpg?resize=350%2C200&ssl=1","width":350,"height":200,"srcset":"https:\/\/i0.wp.com\/www.conape.org\/tvconape\/wp-content\/uploads\/2017\/06\/christian-gonzalez-realiza-toma.jpg?resize=350%2C200&ssl=1 1x, https:\/\/i0.wp.com\/www.conape.org\/tvconape\/wp-content\/uploads\/2017\/06\/christian-gonzalez-realiza-toma.jpg?resize=525%2C300&ssl=1 1.5x, https:\/\/i0.wp.com\/www.conape.org\/tvconape\/wp-content\/uploads\/2017\/06\/christian-gonzalez-realiza-toma.jpg?resize=700%2C400&ssl=1 2x, https:\/\/i0.wp.com\/www.conape.org\/tvconape\/wp-content\/uploads\/2017\/06\/christian-gonzalez-realiza-toma.jpg?resize=1050%2C600&ssl=1 3x"},"classes":[]},{"id":1230,"url":"https:\/\/www.conape.org\/tvconape\/la-gran-familia-conape-sigue-creciendo-y-fortaleciendose\/","url_meta":{"origin":1261,"position":1},"title":"La gran familia CONAPE sigue creciendo y fortaleci\u00e9ndose","author":"TV CONAPE","date":"26 junio, 2017","format":false,"excerpt":"Durante la Toma de Protesta de la estructura que conformar\u00e1 la Vicepresidencia de CONAPE en Chiapas - Zona Sur, el Vicepresidente Internacional de CONAPE, Alfredo Hern\u00e1ndez Alvarado, expres\u00f3 la importancia de la uni\u00f3n en el gremio period\u00edstico y destaco que el trabajo en equipo ha sido lo que ha hecho\u2026","rel":"","context":"En &quot;Eventos&quot;","block_context":{"text":"Eventos","link":"https:\/\/www.conape.org\/tvconape\/category\/eventos\/"},"img":{"alt_text":"","src":"https:\/\/i0.wp.com\/www.conape.org\/tvconape\/wp-content\/uploads\/2017\/06\/la-gran-familia-conape-sigue-cre.jpg?resize=350%2C200&ssl=1","width":350,"height":200,"srcset":"https:\/\/i0.wp.com\/www.conape.org\/tvconape\/wp-content\/uploads\/2017\/06\/la-gran-familia-conape-sigue-cre.jpg?resize=350%2C200&ssl=1 1x, https:\/\/i0.wp.com\/www.conape.org\/tvconape\/wp-content\/uploads\/2017\/06\/la-gran-familia-conape-sigue-cre.jpg?resize=525%2C300&ssl=1 1.5x, https:\/\/i0.wp.com\/www.conape.org\/tvconape\/wp-content\/uploads\/2017\/06\/la-gran-familia-conape-sigue-cre.jpg?resize=700%2C400&ssl=1 2x, https:\/\/i0.wp.com\/www.conape.org\/tvconape\/wp-content\/uploads\/2017\/06\/la-gran-familia-conape-sigue-cre.jpg?resize=1050%2C600&ssl=1 3x"},"classes":[]},{"id":1226,"url":"https:\/\/www.conape.org\/tvconape\/el-gremio-periodistico-tendra-fuerza-cuando-este-unido-raul-gonzalez\/","url_meta":{"origin":1261,"position":2},"title":"El gremio period\u00edstico tendr\u00e1 fuerza cuando este unido, Ra\u00fal Gonz\u00e1lez","author":"TV CONAPE","date":"26 junio, 2017","format":false,"excerpt":"Durante la Toma de Protesta de la estructura que conformar\u00e1 la Vicepresidencia de CONAPE en Chiapas - Zona Sur, el Presidente Internacional de CONAPE, Ra\u00fal Gonz\u00e1lez Nova expres\u00f3 durante su discurso lo importante de crear una ley en favor de los periodistas adem\u00e1s de fomentar la uni\u00f3n en el gremio\u2026","rel":"","context":"En &quot;Eventos&quot;","block_context":{"text":"Eventos","link":"https:\/\/www.conape.org\/tvconape\/category\/eventos\/"},"img":{"alt_text":"","src":"https:\/\/i0.wp.com\/www.conape.org\/tvconape\/wp-content\/uploads\/2017\/06\/el-gremio-periodistico-tendra-fu.jpg?resize=350%2C200&ssl=1","width":350,"height":200,"srcset":"https:\/\/i0.wp.com\/www.conape.org\/tvconape\/wp-content\/uploads\/2017\/06\/el-gremio-periodistico-tendra-fu.jpg?resize=350%2C200&ssl=1 1x, https:\/\/i0.wp.com\/www.conape.org\/tvconape\/wp-content\/uploads\/2017\/06\/el-gremio-periodistico-tendra-fu.jpg?resize=525%2C300&ssl=1 1.5x, https:\/\/i0.wp.com\/www.conape.org\/tvconape\/wp-content\/uploads\/2017\/06\/el-gremio-periodistico-tendra-fu.jpg?resize=700%2C400&ssl=1 2x, https:\/\/i0.wp.com\/www.conape.org\/tvconape\/wp-content\/uploads\/2017\/06\/el-gremio-periodistico-tendra-fu.jpg?resize=1050%2C600&ssl=1 3x"},"classes":[]},{"id":865,"url":"https:\/\/www.conape.org\/tvconape\/primera-asamblea-estatal-de-conape-en-puebla-tv-conape-circuito-cerrado-159\/","url_meta":{"origin":1261,"position":3},"title":"PRIMERA ASAMBLEA ESTATAL DE CONAPE EN PUEBLA &#8211; TV CONAPE &#8211; Circuito Cerrado 159","author":"TV CONAPE","date":"3 marzo, 2016","format":false,"excerpt":"ESTE PROGRAMA ES CIRCUITO CERRADO TRANSMITIDO EN #TVCONAPE. EN ESTA OCASI\u00d3N PODR\u00c1S OBSERVAR UN AN\u00c1LISIS DE LAS NOTICIAS M\u00c1S SOBRESALIENTES DEL \u00c1MBITO NACIONAL, INTERNACIONAL Y LOCAL: * COMERCIANTES DENUNCIAN AMENAZAS DEL PRESIDENTE MUNICIPAL DE ALMOLOYA DE JU\u00c1REZ, ADOLFO SOL\u00cdS G\u00d3MEZ Y LO RESPONSABILIZAN DE LO QUE LES PUEDA PASAR, TEMEN\u2026","rel":"","context":"En &quot;Circuito Cerrado&quot;","block_context":{"text":"Circuito Cerrado","link":"https:\/\/www.conape.org\/tvconape\/category\/circuito-cerrado\/"},"img":{"alt_text":"","src":"https:\/\/i0.wp.com\/www.conape.org\/tvconape\/wp-content\/uploads\/2016\/03\/primera-asamblea-estatal-de-cona.jpg?resize=350%2C200&ssl=1","width":350,"height":200},"classes":[]},{"id":756,"url":"https:\/\/www.conape.org\/tvconape\/tv-conape-circuito-cerrado-137-toma-de-protesta-de-la-concaam\/","url_meta":{"origin":1261,"position":4},"title":"TV CONAPE &#8211; Circuito Cerrado 137: TOMA DE PROTESTA DE LA CONCAAM","author":"TV CONAPE","date":"17 septiembre, 2015","format":false,"excerpt":"","rel":"","context":"En &quot;Circuito Cerrado&quot;","block_context":{"text":"Circuito Cerrado","link":"https:\/\/www.conape.org\/tvconape\/category\/circuito-cerrado\/"},"img":{"alt_text":"","src":"https:\/\/i0.wp.com\/www.conape.org\/tvconape\/wp-content\/uploads\/2015\/09\/tv-conape-circuito-cerrado-137-t.jpg?resize=350%2C200&ssl=1","width":350,"height":200,"srcset":"https:\/\/i0.wp.com\/www.conape.org\/tvconape\/wp-content\/uploads\/2015\/09\/tv-conape-circuito-cerrado-137-t.jpg?resize=350%2C200&ssl=1 1x, https:\/\/i0.wp.com\/www.conape.org\/tvconape\/wp-content\/uploads\/2015\/09\/tv-conape-circuito-cerrado-137-t.jpg?resize=525%2C300&ssl=1 1.5x, https:\/\/i0.wp.com\/www.conape.org\/tvconape\/wp-content\/uploads\/2015\/09\/tv-conape-circuito-cerrado-137-t.jpg?resize=700%2C400&ssl=1 2x, https:\/\/i0.wp.com\/www.conape.org\/tvconape\/wp-content\/uploads\/2015\/09\/tv-conape-circuito-cerrado-137-t.jpg?resize=1050%2C600&ssl=1 3x, https:\/\/i0.wp.com\/www.conape.org\/tvconape\/wp-content\/uploads\/2015\/09\/tv-conape-circuito-cerrado-137-t.jpg?resize=1400%2C800&ssl=1 4x"},"classes":[]},{"id":209,"url":"https:\/\/www.conape.org\/tvconape\/tv-conape-circuito-cerrado-63-toma-de-protesta-de-la-estructura-de-conape-colima\/","url_meta":{"origin":1261,"position":5},"title":"TV CONAPE &#8211; Circuito Cerrado 63: TOMA DE PROTESTA DE LA ESTRUCTURA DE CONAPE &#8211; COLIMA","author":"TV CONAPE","date":"5 junio, 2015","format":false,"excerpt":"","rel":"","context":"En &quot;Circuito Cerrado&quot;","block_context":{"text":"Circuito Cerrado","link":"https:\/\/www.conape.org\/tvconape\/category\/circuito-cerrado\/"},"img":{"alt_text":"","src":"https:\/\/i0.wp.com\/www.conape.org\/tvconape\/wp-content\/uploads\/2015\/07\/tv-conape-circuito-cerrado-63-to.jpg?resize=350%2C200&ssl=1","width":350,"height":200,"srcset":"https:\/\/i0.wp.com\/www.conape.org\/tvconape\/wp-content\/uploads\/2015\/07\/tv-conape-circuito-cerrado-63-to.jpg?resize=350%2C200&ssl=1 1x, https:\/\/i0.wp.com\/www.conape.org\/tvconape\/wp-content\/uploads\/2015\/07\/tv-conape-circuito-cerrado-63-to.jpg?resize=525%2C300&ssl=1 1.5x, https:\/\/i0.wp.com\/www.conape.org\/tvconape\/wp-content\/uploads\/2015\/07\/tv-conape-circuito-cerrado-63-to.jpg?resize=700%2C400&ssl=1 2x, https:\/\/i0.wp.com\/www.conape.org\/tvconape\/wp-content\/uploads\/2015\/07\/tv-conape-circuito-cerrado-63-to.jpg?resize=1050%2C600&ssl=1 3x"},"classes":[]}],"_links":{"self":[{"href":"https:\/\/www.conape.org\/tvconape\/wp-json\/wp\/v2\/posts\/1261"}],"collection":[{"href":"https:\/\/www.conape.org\/tvconape\/wp-json\/wp\/v2\/posts"}],"about":[{"href":"https:\/\/www.conape.org\/tvconape\/wp-json\/wp\/v2\/types\/post"}],"author":[{"embeddable":true,"href":"https:\/\/www.conape.org\/tvconape\/wp-json\/wp\/v2\/users\/1"}],"replies":[{"embeddable":true,"href":"https:\/\/www.conape.org\/tvconape\/wp-json\/wp\/v2\/comments?post=1261"}],"version-history":[{"count":1,"href":"https:\/\/www.conape.org\/tvconape\/wp-json\/wp\/v2\/posts\/1261\/revisions"}],"predecessor-version":[{"id":1262,"href":"https:\/\/www.conape.org\/tvconape\/wp-json\/wp\/v2\/posts\/1261\/revisions\/1262"}],"wp:featuredmedia":[{"embeddable":true,"href":"https:\/\/www.conape.org\/tvconape\/wp-json\/wp\/v2\/media\/1263"}],"wp:attachment":[{"href":"https:\/\/www.conape.org\/tvconape\/wp-json\/wp\/v2\/media?parent=1261"}],"wp:term":[{"taxonomy":"category","embeddable":true,"href":"https:\/\/www.conape.org\/tvconape\/wp-json\/wp\/v2\/categories?post=1261"},{"taxonomy":"post_tag","embeddable":true,"href":"https:\/\/www.conape.org\/tvconape\/wp-json\/wp\/v2\/tags?post=1261"}],"curies":[{"name":"wp","href":"https:\/\/api.w.org\/{rel}","templated":true}]}}