{"id":1254,"date":"2017-08-15T22:10:27","date_gmt":"2017-08-16T03:10:27","guid":{"rendered":"http:\/\/www.conape.org\/tvconape\/?p=1254"},"modified":"2017-08-15T22:10:27","modified_gmt":"2017-08-16T03:10:27","slug":"tlahuapan-puebla-criadores-de-truchas-y-guardianes-de-las-luciernagas-tvconape","status":"publish","type":"post","link":"https:\/\/www.conape.org\/tvconape\/tlahuapan-puebla-criadores-de-truchas-y-guardianes-de-las-luciernagas-tvconape\/","title":{"rendered":"Tlahuapan, Puebla, criadores de truchas y guardianes de las luci\u00e9rnagas &#8211; #TVCONAPE"},"content":{"rendered":"<p style=\"text-align: left;\"><span style=\"color: #000000;\">&#8220;Vivir del bosque sin devastarlo&#8221;, el mensaje de los habitantes de Santa Rita Tlahuapan, Puebla; hombres y mujeres que son criadores de truchas y guardianes de las luci\u00e9rnagas.<\/span><\/p>\n<p><span class=\"embed-youtube\" style=\"text-align:center; display: block;\"><iframe loading=\"lazy\" class=\"youtube-player\" width=\"648\" height=\"365\" src=\"https:\/\/www.youtube.com\/embed\/96p1z-KanY8?version=3&#038;rel=1&#038;showsearch=0&#038;showinfo=1&#038;iv_load_policy=1&#038;fs=1&#038;hl=es-MX&#038;autohide=2&#038;wmode=transparent\" allowfullscreen=\"true\" style=\"border:0;\" sandbox=\"allow-scripts allow-same-origin allow-popups allow-presentation allow-popups-to-escape-sandbox\"><\/iframe><\/span><\/p>\n","protected":false},"excerpt":{"rendered":"<p>&#8220;Vivir del bosque sin devastarlo&#8221;, el mensaje de los habitantes de Santa Rita Tlahuapan, Puebla; hombres y mujeres que son criadores de truchas y guardianes de las luci\u00e9rnagas.<\/p>\n","protected":false},"author":1,"featured_media":1256,"comment_status":"open","ping_status":"open","sticky":false,"template":"","format":"standard","meta":{"_exactmetrics_skip_tracking":false,"_exactmetrics_sitenote_active":false,"_exactmetrics_sitenote_note":"","_exactmetrics_sitenote_category":0,"jetpack_post_was_ever_published":false,"_jetpack_newsletter_access":"","_jetpack_newsletter_tier_id":0,"footnotes":"","jetpack_publicize_message":"","jetpack_is_tweetstorm":false,"jetpack_publicize_feature_enabled":true,"jetpack_social_post_already_shared":true,"jetpack_social_options":{"image_generator_settings":{"template":"highway","enabled":false}}},"categories":[4],"tags":[],"jetpack_publicize_connections":[],"jetpack_featured_media_url":"https:\/\/www.conape.org\/tvconape\/wp-content\/uploads\/2017\/08\/tlahuapan-puebla-criadores-de-tr.jpg","jetpack_sharing_enabled":true,"jetpack_shortlink":"https:\/\/wp.me\/p6jC0G-ke","jetpack-related-posts":[{"id":1258,"url":"https:\/\/www.conape.org\/tvconape\/la-ruta-de-las-luciernagas-en-tlahuapan-puebla-tvconape\/","url_meta":{"origin":1254,"position":0},"title":"La ruta de las luci\u00e9rnagas en Tlahuapan, Puebla &#8211; #TVCONAPE","author":"TV CONAPE","date":"18 agosto, 2017","format":false,"excerpt":"Ellos son guardianes del bosque y cuidadores de las luci\u00e9rnagas, un equipo de adolescentes que se prepara d\u00eda a d\u00eda para conducirte a trav\u00e9s de las entra\u00f1as del bosque para ser testigo de un espect\u00e1culo natural sin igual. https:\/\/www.youtube.com\/watch?v=pl6HoWza4U4","rel":"","context":"En &quot;Circuito Cerrado&quot;","block_context":{"text":"Circuito Cerrado","link":"https:\/\/www.conape.org\/tvconape\/category\/circuito-cerrado\/"},"img":{"alt_text":"","src":"https:\/\/i0.wp.com\/www.conape.org\/tvconape\/wp-content\/uploads\/2017\/08\/la-ruta-de-las-luciernagas-en-tl.jpg?resize=350%2C200&ssl=1","width":350,"height":200,"srcset":"https:\/\/i0.wp.com\/www.conape.org\/tvconape\/wp-content\/uploads\/2017\/08\/la-ruta-de-las-luciernagas-en-tl.jpg?resize=350%2C200&ssl=1 1x, https:\/\/i0.wp.com\/www.conape.org\/tvconape\/wp-content\/uploads\/2017\/08\/la-ruta-de-las-luciernagas-en-tl.jpg?resize=525%2C300&ssl=1 1.5x, https:\/\/i0.wp.com\/www.conape.org\/tvconape\/wp-content\/uploads\/2017\/08\/la-ruta-de-las-luciernagas-en-tl.jpg?resize=700%2C400&ssl=1 2x, https:\/\/i0.wp.com\/www.conape.org\/tvconape\/wp-content\/uploads\/2017\/08\/la-ruta-de-las-luciernagas-en-tl.jpg?resize=1050%2C600&ssl=1 3x"},"classes":[]},{"id":870,"url":"https:\/\/www.conape.org\/tvconape\/entrevista-en-chile-puebla-edomex-y-llamada-desde-argentina-tv-conape-circuito-cerrado-160\/","url_meta":{"origin":1254,"position":1},"title":"ENTREVISTA EN CHILE, PUEBLA, EDOM\u00c9X Y LLAMADA DESDE ARGENTINA &#8211; TV CONAPE &#8211; Circuito Cerrado 160","author":"TV CONAPE","date":"11 marzo, 2016","format":false,"excerpt":"ESTE PROGRAMA ES CIRCUITO CERRADO TRANSMITIDO EN #TVCONAPE. EN ESTA OCASI\u00d3N PODR\u00c1S OBSERVAR UN AN\u00c1LISIS DE LAS NOTICIAS M\u00c1S SOBRESALIENTES DEL \u00c1MBITO NACIONAL, INTERNACIONAL Y LOCAL: * PETICI\u00d3N DE RENDICI\u00d3N DE CUENTAS REALIZADA POR LA SENADORA LAYDA SANSORES CON RESPECTO A LA VISITA DEL PAPA FRANCISCO A M\u00c9XICO. * ENTREVISTA\u2026","rel":"","context":"En &quot;Circuito Cerrado&quot;","block_context":{"text":"Circuito Cerrado","link":"https:\/\/www.conape.org\/tvconape\/category\/circuito-cerrado\/"},"img":{"alt_text":"","src":"https:\/\/i0.wp.com\/www.conape.org\/tvconape\/wp-content\/uploads\/2016\/03\/entrevista-en-chile-puebla-edome.jpg?resize=350%2C200&ssl=1","width":350,"height":200,"srcset":"https:\/\/i0.wp.com\/www.conape.org\/tvconape\/wp-content\/uploads\/2016\/03\/entrevista-en-chile-puebla-edome.jpg?resize=350%2C200&ssl=1 1x, https:\/\/i0.wp.com\/www.conape.org\/tvconape\/wp-content\/uploads\/2016\/03\/entrevista-en-chile-puebla-edome.jpg?resize=525%2C300&ssl=1 1.5x, https:\/\/i0.wp.com\/www.conape.org\/tvconape\/wp-content\/uploads\/2016\/03\/entrevista-en-chile-puebla-edome.jpg?resize=700%2C400&ssl=1 2x, https:\/\/i0.wp.com\/www.conape.org\/tvconape\/wp-content\/uploads\/2016\/03\/entrevista-en-chile-puebla-edome.jpg?resize=1050%2C600&ssl=1 3x, https:\/\/i0.wp.com\/www.conape.org\/tvconape\/wp-content\/uploads\/2016\/03\/entrevista-en-chile-puebla-edome.jpg?resize=1400%2C800&ssl=1 4x"},"classes":[]},{"id":865,"url":"https:\/\/www.conape.org\/tvconape\/primera-asamblea-estatal-de-conape-en-puebla-tv-conape-circuito-cerrado-159\/","url_meta":{"origin":1254,"position":2},"title":"PRIMERA ASAMBLEA ESTATAL DE CONAPE EN PUEBLA &#8211; TV CONAPE &#8211; Circuito Cerrado 159","author":"TV CONAPE","date":"3 marzo, 2016","format":false,"excerpt":"ESTE PROGRAMA ES CIRCUITO CERRADO TRANSMITIDO EN #TVCONAPE. EN ESTA OCASI\u00d3N PODR\u00c1S OBSERVAR UN AN\u00c1LISIS DE LAS NOTICIAS M\u00c1S SOBRESALIENTES DEL \u00c1MBITO NACIONAL, INTERNACIONAL Y LOCAL: * COMERCIANTES DENUNCIAN AMENAZAS DEL PRESIDENTE MUNICIPAL DE ALMOLOYA DE JU\u00c1REZ, ADOLFO SOL\u00cdS G\u00d3MEZ Y LO RESPONSABILIZAN DE LO QUE LES PUEDA PASAR, TEMEN\u2026","rel":"","context":"En &quot;Circuito Cerrado&quot;","block_context":{"text":"Circuito Cerrado","link":"https:\/\/www.conape.org\/tvconape\/category\/circuito-cerrado\/"},"img":{"alt_text":"","src":"https:\/\/i0.wp.com\/www.conape.org\/tvconape\/wp-content\/uploads\/2016\/03\/primera-asamblea-estatal-de-cona.jpg?resize=350%2C200&ssl=1","width":350,"height":200},"classes":[]},{"id":1261,"url":"https:\/\/www.conape.org\/tvconape\/conape-realiza-toma-de-protesta-a-vicepresidencia-de-puebla-tvconape\/","url_meta":{"origin":1254,"position":3},"title":"CONAPE realiza toma de protesta a Vicepresidencia de Puebla &#8211; #TVCONAPE","author":"TV CONAPE","date":"22 agosto, 2017","format":false,"excerpt":"CONAPE contin\u00faa su marcha, en esta ocasi\u00f3n realiz\u00f3 la toma de protesta de la Vicepresidencia de Puebla, un estado lleno de tradiciones y de periodistas comprometidos con esta noble profesi\u00f3n. https:\/\/www.youtube.com\/watch?v=wZ-aCAai1Qo \u00a0","rel":"","context":"En &quot;Circuito Cerrado&quot;","block_context":{"text":"Circuito Cerrado","link":"https:\/\/www.conape.org\/tvconape\/category\/circuito-cerrado\/"},"img":{"alt_text":"","src":"https:\/\/i0.wp.com\/www.conape.org\/tvconape\/wp-content\/uploads\/2017\/08\/conape-realiza-toma-de-protesta.jpg?resize=350%2C200&ssl=1","width":350,"height":200,"srcset":"https:\/\/i0.wp.com\/www.conape.org\/tvconape\/wp-content\/uploads\/2017\/08\/conape-realiza-toma-de-protesta.jpg?resize=350%2C200&ssl=1 1x, https:\/\/i0.wp.com\/www.conape.org\/tvconape\/wp-content\/uploads\/2017\/08\/conape-realiza-toma-de-protesta.jpg?resize=525%2C300&ssl=1 1.5x, https:\/\/i0.wp.com\/www.conape.org\/tvconape\/wp-content\/uploads\/2017\/08\/conape-realiza-toma-de-protesta.jpg?resize=700%2C400&ssl=1 2x, https:\/\/i0.wp.com\/www.conape.org\/tvconape\/wp-content\/uploads\/2017\/08\/conape-realiza-toma-de-protesta.jpg?resize=1050%2C600&ssl=1 3x"},"classes":[]},{"id":1251,"url":"https:\/\/www.conape.org\/tvconape\/san-andres-calpan-puebla-un-delicioso-destino-turistico-tvconape\/","url_meta":{"origin":1254,"position":4},"title":"San Andr\u00e9s Calpan, Puebla, un delicioso destino tur\u00edstico &#8211; #TVCONAPE","author":"TV CONAPE","date":"14 agosto, 2017","format":false,"excerpt":"Entrevista al presidente municipal de San Andr\u00e9s Calpan, Puebla, Leonardo L\u00e1zaro Jim\u00e9nez, en la que nos platica sobre la oferta tur\u00edstica de su municipio, entre las que destaca la Feria del Chile en Nogada. https:\/\/www.youtube.com\/watch?v=W3k8Y90IR5s","rel":"","context":"En &quot;Circuito Cerrado&quot;","block_context":{"text":"Circuito Cerrado","link":"https:\/\/www.conape.org\/tvconape\/category\/circuito-cerrado\/"},"img":{"alt_text":"","src":"https:\/\/i0.wp.com\/www.conape.org\/tvconape\/wp-content\/uploads\/2017\/08\/san-andres-calpan-puebla-un-deli.jpg?resize=350%2C200&ssl=1","width":350,"height":200,"srcset":"https:\/\/i0.wp.com\/www.conape.org\/tvconape\/wp-content\/uploads\/2017\/08\/san-andres-calpan-puebla-un-deli.jpg?resize=350%2C200&ssl=1 1x, https:\/\/i0.wp.com\/www.conape.org\/tvconape\/wp-content\/uploads\/2017\/08\/san-andres-calpan-puebla-un-deli.jpg?resize=525%2C300&ssl=1 1.5x, https:\/\/i0.wp.com\/www.conape.org\/tvconape\/wp-content\/uploads\/2017\/08\/san-andres-calpan-puebla-un-deli.jpg?resize=700%2C400&ssl=1 2x, https:\/\/i0.wp.com\/www.conape.org\/tvconape\/wp-content\/uploads\/2017\/08\/san-andres-calpan-puebla-un-deli.jpg?resize=1050%2C600&ssl=1 3x"},"classes":[]},{"id":874,"url":"https:\/\/www.conape.org\/tvconape\/conoce-lo-que-es-el-icadep-entrevistas-y-giraustral-desde-chile-tv-conape-circuito-cerrado-161\/","url_meta":{"origin":1254,"position":5},"title":"CONOCE LO QUE ES EL ICADEP, ENTREVISTAS Y GIRAUSTRAL DESDE CHILE &#8211; TV CONAPE &#8211; Circuito Cerrado 161","author":"TV CONAPE","date":"17 marzo, 2016","format":false,"excerpt":"ESTE PROGRAMA ES CIRCUITO CERRADO TRANSMITIDO EN #TVCONAPE. EN ESTA OCASI\u00d3N PODR\u00c1S OBSERVAR UN AN\u00c1LISIS DE LAS NOTICIAS M\u00c1S SOBRESALIENTES DEL \u00c1MBITO NACIONAL, INTERNACIONAL Y LOCAL: * ENTREVISTA AL NUEVO VICEPRESIDENTE DE CONAPE EN PUEBLA, IGNACIO SARMIENTO CANSECO, DURANTE LA PRIMERA ASAMBLEA ESTATAL EN SAN MART\u00cdN TEXMELUCAN, PUEBLA. * ENTREVISTA\u2026","rel":"","context":"En &quot;Circuito Cerrado&quot;","block_context":{"text":"Circuito Cerrado","link":"https:\/\/www.conape.org\/tvconape\/category\/circuito-cerrado\/"},"img":{"alt_text":"","src":"https:\/\/i0.wp.com\/www.conape.org\/tvconape\/wp-content\/uploads\/2016\/03\/conoce-lo-que-es-el-icadep-entre.jpg?resize=350%2C200&ssl=1","width":350,"height":200,"srcset":"https:\/\/i0.wp.com\/www.conape.org\/tvconape\/wp-content\/uploads\/2016\/03\/conoce-lo-que-es-el-icadep-entre.jpg?resize=350%2C200&ssl=1 1x, https:\/\/i0.wp.com\/www.conape.org\/tvconape\/wp-content\/uploads\/2016\/03\/conoce-lo-que-es-el-icadep-entre.jpg?resize=525%2C300&ssl=1 1.5x, https:\/\/i0.wp.com\/www.conape.org\/tvconape\/wp-content\/uploads\/2016\/03\/conoce-lo-que-es-el-icadep-entre.jpg?resize=700%2C400&ssl=1 2x, https:\/\/i0.wp.com\/www.conape.org\/tvconape\/wp-content\/uploads\/2016\/03\/conoce-lo-que-es-el-icadep-entre.jpg?resize=1050%2C600&ssl=1 3x, https:\/\/i0.wp.com\/www.conape.org\/tvconape\/wp-content\/uploads\/2016\/03\/conoce-lo-que-es-el-icadep-entre.jpg?resize=1400%2C800&ssl=1 4x"},"classes":[]}],"_links":{"self":[{"href":"https:\/\/www.conape.org\/tvconape\/wp-json\/wp\/v2\/posts\/1254"}],"collection":[{"href":"https:\/\/www.conape.org\/tvconape\/wp-json\/wp\/v2\/posts"}],"about":[{"href":"https:\/\/www.conape.org\/tvconape\/wp-json\/wp\/v2\/types\/post"}],"author":[{"embeddable":true,"href":"https:\/\/www.conape.org\/tvconape\/wp-json\/wp\/v2\/users\/1"}],"replies":[{"embeddable":true,"href":"https:\/\/www.conape.org\/tvconape\/wp-json\/wp\/v2\/comments?post=1254"}],"version-history":[{"count":1,"href":"https:\/\/www.conape.org\/tvconape\/wp-json\/wp\/v2\/posts\/1254\/revisions"}],"predecessor-version":[{"id":1255,"href":"https:\/\/www.conape.org\/tvconape\/wp-json\/wp\/v2\/posts\/1254\/revisions\/1255"}],"wp:featuredmedia":[{"embeddable":true,"href":"https:\/\/www.conape.org\/tvconape\/wp-json\/wp\/v2\/media\/1256"}],"wp:attachment":[{"href":"https:\/\/www.conape.org\/tvconape\/wp-json\/wp\/v2\/media?parent=1254"}],"wp:term":[{"taxonomy":"category","embeddable":true,"href":"https:\/\/www.conape.org\/tvconape\/wp-json\/wp\/v2\/categories?post=1254"},{"taxonomy":"post_tag","embeddable":true,"href":"https:\/\/www.conape.org\/tvconape\/wp-json\/wp\/v2\/tags?post=1254"}],"curies":[{"name":"wp","href":"https:\/\/api.w.org\/{rel}","templated":true}]}}