{"id":1246,"date":"2017-08-10T20:38:50","date_gmt":"2017-08-11T01:38:50","guid":{"rendered":"http:\/\/www.conape.org\/tvconape\/?p=1246"},"modified":"2017-08-11T13:04:46","modified_gmt":"2017-08-11T18:04:46","slug":"primer-conversatorio-sobre-educacion-inclusiva-santa-maria-2017-tvconape","status":"publish","type":"post","link":"https:\/\/www.conape.org\/tvconape\/primer-conversatorio-sobre-educacion-inclusiva-santa-maria-2017-tvconape\/","title":{"rendered":"Primer Conversatorio sobre Educaci\u00f3n Inclusiva Santa Mar\u00eda 2017 &#8211; #TVCONAPE"},"content":{"rendered":"<p><span style=\"color: #000000;\">Empresa LifeWare Chile present\u00f3 el cintillo cef\u00e1lico a expertos en temas de Discapacidad. Evento organizado por Helmut Kauffmann Chivano. ESCUELA DE EDUCACI\u00d3N ESPECIAL MAR\u00cdA ESP\u00cdNOLA. C\u00e1maras, Gui\u00f3n y Edici\u00f3n: Roberto Gonz\u00e1lez Short.<\/span><\/p>\n<p style=\"text-align: center;\"><iframe loading=\"lazy\" style=\"border: none; overflow: hidden;\" src=\"https:\/\/www.facebook.com\/plugins\/video.php?href=https%3A%2F%2Fwww.facebook.com%2FperiodistasCONAPE%2Fvideos%2F1477001839043922%2F&amp;show_text=0&amp;width=560\" width=\"560\" height=\"315\" frameborder=\"0\" scrolling=\"no\" allowfullscreen=\"allowfullscreen\"><\/iframe><\/p>\n","protected":false},"excerpt":{"rendered":"<p>Empresa LifeWare Chile present\u00f3 el cintillo cef\u00e1lico a expertos en temas de Discapacidad. Evento organizado por Helmut Kauffmann Chivano. ESCUELA DE EDUCACI\u00d3N ESPECIAL MAR\u00cdA ESP\u00cdNOLA. C\u00e1maras, Gui\u00f3n y Edici\u00f3n: Roberto Gonz\u00e1lez Short.<\/p>\n","protected":false},"author":1,"featured_media":1248,"comment_status":"open","ping_status":"open","sticky":false,"template":"","format":"standard","meta":{"_exactmetrics_skip_tracking":false,"_exactmetrics_sitenote_active":false,"_exactmetrics_sitenote_note":"","_exactmetrics_sitenote_category":0,"jetpack_post_was_ever_published":false,"_jetpack_newsletter_access":"","_jetpack_newsletter_tier_id":0,"footnotes":"","jetpack_publicize_message":"","jetpack_is_tweetstorm":false,"jetpack_publicize_feature_enabled":true,"jetpack_social_post_already_shared":true,"jetpack_social_options":{"image_generator_settings":{"template":"highway","enabled":false}}},"categories":[4],"tags":[],"jetpack_publicize_connections":[],"jetpack_featured_media_url":"https:\/\/www.conape.org\/tvconape\/wp-content\/uploads\/2017\/08\/primer-conversatorio-sobre-educa.jpg","jetpack_sharing_enabled":true,"jetpack_shortlink":"https:\/\/wp.me\/p6jC0G-k6","jetpack-related-posts":[{"id":967,"url":"https:\/\/www.conape.org\/tvconape\/un-verdadero-apoyo-a-la-educacion-en-cuauhtemoc-colima-tvconape-185\/","url_meta":{"origin":1246,"position":0},"title":"Un verdadero apoyo a la educaci\u00f3n en Cuauht\u00e9moc, Colima &#8211; #TVCONAPE 185","author":"TV CONAPE","date":"8 septiembre, 2016","format":false,"excerpt":"En este programa de Circuito Cerrado transmitido en TV CONAPE, podr\u00e1s ver un an\u00e1lisis de las noticias mas sobresalientes del \u00e1mbito internacional, nacional y local: * Podr\u00e1s ver la invitaci\u00f3n del destacado periodista y escritor, Andr\u00e9s A. Sol\u00eds \u00c1lvarez, a la Tercera Cumbre Internacional de Periodismo (#CumbreCONAPE2016) que se llevar\u00e1\u2026","rel":"","context":"En &quot;Circuito Cerrado&quot;","block_context":{"text":"Circuito Cerrado","link":"https:\/\/www.conape.org\/tvconape\/category\/circuito-cerrado\/"},"img":{"alt_text":"","src":"https:\/\/i0.wp.com\/www.conape.org\/tvconape\/wp-content\/uploads\/2016\/09\/un-verdadero-apoyo-a-la-educacio.jpg?resize=350%2C200&ssl=1","width":350,"height":200,"srcset":"https:\/\/i0.wp.com\/www.conape.org\/tvconape\/wp-content\/uploads\/2016\/09\/un-verdadero-apoyo-a-la-educacio.jpg?resize=350%2C200&ssl=1 1x, https:\/\/i0.wp.com\/www.conape.org\/tvconape\/wp-content\/uploads\/2016\/09\/un-verdadero-apoyo-a-la-educacio.jpg?resize=525%2C300&ssl=1 1.5x, https:\/\/i0.wp.com\/www.conape.org\/tvconape\/wp-content\/uploads\/2016\/09\/un-verdadero-apoyo-a-la-educacio.jpg?resize=700%2C400&ssl=1 2x, https:\/\/i0.wp.com\/www.conape.org\/tvconape\/wp-content\/uploads\/2016\/09\/un-verdadero-apoyo-a-la-educacio.jpg?resize=1050%2C600&ssl=1 3x"},"classes":[]},{"id":1291,"url":"https:\/\/www.conape.org\/tvconape\/i-encuentro-latinoamericano-de-educacion-jose-roullion-delgado-tvconape\/","url_meta":{"origin":1246,"position":1},"title":"I Encuentro Latinoamericano de Educaci\u00f3n &#8220;Jos\u00e9 Roulli\u00f3n Delgado&#8221; &#8211; #TVCONAPE","author":"TV CONAPE","date":"23 noviembre, 2017","format":false,"excerpt":"Conoce m\u00e1s detalles sobre el Primer Encuentro Latinoamericano de Educaci\u00f3n \"Jos\u00e9 Roulli\u00f3n Delgado\" que se llevar\u00e1 acabo en #Lima, #Per\u00fa, los d\u00edas 24 y 25 de noviembre de 2017, organizado por el Foro Latinoamericano Paulo Freire. https:\/\/www.youtube.com\/watch?v=cy_-gbYaiEM","rel":"","context":"En &quot;Circuito Cerrado&quot;","block_context":{"text":"Circuito Cerrado","link":"https:\/\/www.conape.org\/tvconape\/category\/circuito-cerrado\/"},"img":{"alt_text":"","src":"https:\/\/i0.wp.com\/www.conape.org\/tvconape\/wp-content\/uploads\/2017\/11\/i-encuentro-latinoamericano-de-e.jpg?resize=350%2C200&ssl=1","width":350,"height":200,"srcset":"https:\/\/i0.wp.com\/www.conape.org\/tvconape\/wp-content\/uploads\/2017\/11\/i-encuentro-latinoamericano-de-e.jpg?resize=350%2C200&ssl=1 1x, https:\/\/i0.wp.com\/www.conape.org\/tvconape\/wp-content\/uploads\/2017\/11\/i-encuentro-latinoamericano-de-e.jpg?resize=525%2C300&ssl=1 1.5x, https:\/\/i0.wp.com\/www.conape.org\/tvconape\/wp-content\/uploads\/2017\/11\/i-encuentro-latinoamericano-de-e.jpg?resize=700%2C400&ssl=1 2x, https:\/\/i0.wp.com\/www.conape.org\/tvconape\/wp-content\/uploads\/2017\/11\/i-encuentro-latinoamericano-de-e.jpg?resize=1050%2C600&ssl=1 3x"},"classes":[]},{"id":143,"url":"https:\/\/www.conape.org\/tvconape\/tv-conape-circuito-cerrado-41-debate-sobre-la-educacion-en-mexico\/","url_meta":{"origin":1246,"position":2},"title":"TV CONAPE &#8211; Circuito Cerrado 41: DEBATE SOBRE LA EDUCACI\u00d3N EN M\u00c9XICO","author":"TV CONAPE","date":"5 junio, 2015","format":false,"excerpt":"","rel":"","context":"En &quot;Circuito Cerrado&quot;","block_context":{"text":"Circuito Cerrado","link":"https:\/\/www.conape.org\/tvconape\/category\/circuito-cerrado\/"},"img":{"alt_text":"","src":"https:\/\/i0.wp.com\/www.conape.org\/tvconape\/wp-content\/uploads\/2015\/07\/tv-conape-circuito-cerrado-41-de.jpg?resize=350%2C200&ssl=1","width":350,"height":200,"srcset":"https:\/\/i0.wp.com\/www.conape.org\/tvconape\/wp-content\/uploads\/2015\/07\/tv-conape-circuito-cerrado-41-de.jpg?resize=350%2C200&ssl=1 1x, https:\/\/i0.wp.com\/www.conape.org\/tvconape\/wp-content\/uploads\/2015\/07\/tv-conape-circuito-cerrado-41-de.jpg?resize=525%2C300&ssl=1 1.5x, https:\/\/i0.wp.com\/www.conape.org\/tvconape\/wp-content\/uploads\/2015\/07\/tv-conape-circuito-cerrado-41-de.jpg?resize=700%2C400&ssl=1 2x, https:\/\/i0.wp.com\/www.conape.org\/tvconape\/wp-content\/uploads\/2015\/07\/tv-conape-circuito-cerrado-41-de.jpg?resize=1050%2C600&ssl=1 3x"},"classes":[]},{"id":264,"url":"https:\/\/www.conape.org\/tvconape\/tv-conape-circuito-cerrado-82-debate-sobre-la-reforma-energetica-educacion-y-seguridad\/","url_meta":{"origin":1246,"position":3},"title":"TV CONAPE &#8211; Circuito Cerrado 82: DEBATE SOBRE LA REFORMA ENERG\u00c9TICA, EDUCACI\u00d3N Y SEGURIDAD","author":"TV CONAPE","date":"5 junio, 2015","format":false,"excerpt":"","rel":"","context":"En &quot;Circuito Cerrado&quot;","block_context":{"text":"Circuito Cerrado","link":"https:\/\/www.conape.org\/tvconape\/category\/circuito-cerrado\/"},"img":{"alt_text":"","src":"https:\/\/i0.wp.com\/www.conape.org\/tvconape\/wp-content\/uploads\/2015\/07\/tv-conape-circuito-cerrado-82-de.jpg?resize=350%2C200&ssl=1","width":350,"height":200,"srcset":"https:\/\/i0.wp.com\/www.conape.org\/tvconape\/wp-content\/uploads\/2015\/07\/tv-conape-circuito-cerrado-82-de.jpg?resize=350%2C200&ssl=1 1x, https:\/\/i0.wp.com\/www.conape.org\/tvconape\/wp-content\/uploads\/2015\/07\/tv-conape-circuito-cerrado-82-de.jpg?resize=525%2C300&ssl=1 1.5x, https:\/\/i0.wp.com\/www.conape.org\/tvconape\/wp-content\/uploads\/2015\/07\/tv-conape-circuito-cerrado-82-de.jpg?resize=700%2C400&ssl=1 2x, https:\/\/i0.wp.com\/www.conape.org\/tvconape\/wp-content\/uploads\/2015\/07\/tv-conape-circuito-cerrado-82-de.jpg?resize=1050%2C600&ssl=1 3x, https:\/\/i0.wp.com\/www.conape.org\/tvconape\/wp-content\/uploads\/2015\/07\/tv-conape-circuito-cerrado-82-de.jpg?resize=1400%2C800&ssl=1 4x"},"classes":[]},{"id":1674,"url":"https:\/\/www.conape.org\/tvconape\/radioconape-entrevista-con-maria-antonieta-hernandez-aspirante-a-representante-indigena\/","url_meta":{"origin":1246,"position":4},"title":"#RadioCONAPE &#8211; Entrevista con Mar\u00eda Antonieta Hern\u00e1ndez, aspirante a representante ind\u00edgena","author":"TV CONAPE","date":"24 abril, 2019","format":false,"excerpt":"#RadioCONAPE\u00a0- Entrevista con Mar\u00eda Antonieta Hern\u00e1ndez Carmona, aspirante a representante ind\u00edgena en el\u00a0Ayuntamiento de Almoloya de Ju\u00e1rez 2019-2021.","rel":"","context":"En &quot;#RadioCONAPE&quot;","block_context":{"text":"#RadioCONAPE","link":"https:\/\/www.conape.org\/tvconape\/category\/radioconape\/"},"img":{"alt_text":"","src":"https:\/\/i0.wp.com\/www.conape.org\/tvconape\/wp-content\/uploads\/2019\/04\/RadioCONAPE-Entrevista-con-Mar\u00eda-Antonieta-Hern\u00e1ndez-aspirante-a-representante-ind\u00edgena.jpg?resize=350%2C200&ssl=1","width":350,"height":200,"srcset":"https:\/\/i0.wp.com\/www.conape.org\/tvconape\/wp-content\/uploads\/2019\/04\/RadioCONAPE-Entrevista-con-Mar\u00eda-Antonieta-Hern\u00e1ndez-aspirante-a-representante-ind\u00edgena.jpg?resize=350%2C200&ssl=1 1x, https:\/\/i0.wp.com\/www.conape.org\/tvconape\/wp-content\/uploads\/2019\/04\/RadioCONAPE-Entrevista-con-Mar\u00eda-Antonieta-Hern\u00e1ndez-aspirante-a-representante-ind\u00edgena.jpg?resize=525%2C300&ssl=1 1.5x, https:\/\/i0.wp.com\/www.conape.org\/tvconape\/wp-content\/uploads\/2019\/04\/RadioCONAPE-Entrevista-con-Mar\u00eda-Antonieta-Hern\u00e1ndez-aspirante-a-representante-ind\u00edgena.jpg?resize=700%2C400&ssl=1 2x, https:\/\/i0.wp.com\/www.conape.org\/tvconape\/wp-content\/uploads\/2019\/04\/RadioCONAPE-Entrevista-con-Mar\u00eda-Antonieta-Hern\u00e1ndez-aspirante-a-representante-ind\u00edgena.jpg?resize=1050%2C600&ssl=1 3x, https:\/\/i0.wp.com\/www.conape.org\/tvconape\/wp-content\/uploads\/2019\/04\/RadioCONAPE-Entrevista-con-Mar\u00eda-Antonieta-Hern\u00e1ndez-aspirante-a-representante-ind\u00edgena.jpg?resize=1400%2C800&ssl=1 4x"},"classes":[]},{"id":1073,"url":"https:\/\/www.conape.org\/tvconape\/la-incapacidad-para-gobernar-de-fernando-zamora-en-toluca-tvconape\/","url_meta":{"origin":1246,"position":5},"title":"La incapacidad para gobernar de Fernando Zamora en Toluca &#8211; #TVCONAPE","author":"TV CONAPE","date":"11 enero, 2017","format":false,"excerpt":"En esta edici\u00f3n de TV CONAPE puedes ver las injusticias y la mala administraci\u00f3n del Presidente Municipal de Toluca, Fernando Zamora, ciudadanos y comerciantes de la capital del Estado de M\u00e9xico carecen de servicios, seguridad, educaci\u00f3n e incluso son maltratados por los elementos de la polic\u00eda municipal, motivo por el\u2026","rel":"","context":"En &quot;Circuito Cerrado&quot;","block_context":{"text":"Circuito Cerrado","link":"https:\/\/www.conape.org\/tvconape\/category\/circuito-cerrado\/"},"img":{"alt_text":"","src":"https:\/\/i0.wp.com\/www.conape.org\/tvconape\/wp-content\/uploads\/2017\/01\/la-incapacidad-para-gobernar-de.jpg?resize=350%2C200&ssl=1","width":350,"height":200},"classes":[]}],"_links":{"self":[{"href":"https:\/\/www.conape.org\/tvconape\/wp-json\/wp\/v2\/posts\/1246"}],"collection":[{"href":"https:\/\/www.conape.org\/tvconape\/wp-json\/wp\/v2\/posts"}],"about":[{"href":"https:\/\/www.conape.org\/tvconape\/wp-json\/wp\/v2\/types\/post"}],"author":[{"embeddable":true,"href":"https:\/\/www.conape.org\/tvconape\/wp-json\/wp\/v2\/users\/1"}],"replies":[{"embeddable":true,"href":"https:\/\/www.conape.org\/tvconape\/wp-json\/wp\/v2\/comments?post=1246"}],"version-history":[{"count":3,"href":"https:\/\/www.conape.org\/tvconape\/wp-json\/wp\/v2\/posts\/1246\/revisions"}],"predecessor-version":[{"id":1250,"href":"https:\/\/www.conape.org\/tvconape\/wp-json\/wp\/v2\/posts\/1246\/revisions\/1250"}],"wp:featuredmedia":[{"embeddable":true,"href":"https:\/\/www.conape.org\/tvconape\/wp-json\/wp\/v2\/media\/1248"}],"wp:attachment":[{"href":"https:\/\/www.conape.org\/tvconape\/wp-json\/wp\/v2\/media?parent=1246"}],"wp:term":[{"taxonomy":"category","embeddable":true,"href":"https:\/\/www.conape.org\/tvconape\/wp-json\/wp\/v2\/categories?post=1246"},{"taxonomy":"post_tag","embeddable":true,"href":"https:\/\/www.conape.org\/tvconape\/wp-json\/wp\/v2\/tags?post=1246"}],"curies":[{"name":"wp","href":"https:\/\/api.w.org\/{rel}","templated":true}]}}