{"id":1233,"date":"2017-06-26T15:36:12","date_gmt":"2017-06-26T20:36:12","guid":{"rendered":"http:\/\/www.conape.org\/tvconape\/?p=1233"},"modified":"2017-06-26T15:36:12","modified_gmt":"2017-06-26T20:36:12","slug":"christian-gonzalez-realiza-toma-de-protesta-a-los-nuevos-integrantes-en-chiapas","status":"publish","type":"post","link":"https:\/\/www.conape.org\/tvconape\/christian-gonzalez-realiza-toma-de-protesta-a-los-nuevos-integrantes-en-chiapas\/","title":{"rendered":"Christian Gonz\u00e1lez realiza toma de protesta a los nuevos integrantes en Chiapas"},"content":{"rendered":"<p style=\"text-align: left;\"><span style=\"color: #000000;\">El Vicepresidente de Imagen Institucional, Radio y TV CONAPE, el Mtro. Christian Gonz\u00e1lez Murillo, realiz\u00f3 la Toma de Protesta a los nuevos integrantes de la Vicepresidencia de CONAPE e Chiapas &#8211; Zona Sur.<\/span><\/p>\n<p><span class=\"embed-youtube\" style=\"text-align:center; display: block;\"><iframe loading=\"lazy\" class=\"youtube-player\" width=\"648\" height=\"365\" src=\"https:\/\/www.youtube.com\/embed\/bHZnlVH9g8I?version=3&#038;rel=1&#038;showsearch=0&#038;showinfo=1&#038;iv_load_policy=1&#038;fs=1&#038;hl=es-MX&#038;autohide=2&#038;wmode=transparent\" allowfullscreen=\"true\" style=\"border:0;\" sandbox=\"allow-scripts allow-same-origin allow-popups allow-presentation allow-popups-to-escape-sandbox\"><\/iframe><\/span><\/p>\n","protected":false},"excerpt":{"rendered":"<p>El Vicepresidente de Imagen Institucional, Radio y TV CONAPE, el Mtro. Christian Gonz\u00e1lez Murillo, realiz\u00f3 la Toma de Protesta a los nuevos integrantes de la Vicepresidencia de CONAPE e Chiapas &#8211; Zona Sur.<\/p>\n","protected":false},"author":1,"featured_media":1235,"comment_status":"open","ping_status":"open","sticky":false,"template":"","format":"standard","meta":{"_exactmetrics_skip_tracking":false,"_exactmetrics_sitenote_active":false,"_exactmetrics_sitenote_note":"","_exactmetrics_sitenote_category":0,"jetpack_post_was_ever_published":false,"_jetpack_newsletter_access":"","_jetpack_newsletter_tier_id":0,"footnotes":"","jetpack_publicize_message":"","jetpack_is_tweetstorm":false,"jetpack_publicize_feature_enabled":true,"jetpack_social_post_already_shared":true,"jetpack_social_options":{"image_generator_settings":{"template":"highway","enabled":false}}},"categories":[11],"tags":[],"jetpack_publicize_connections":[],"jetpack_featured_media_url":"https:\/\/www.conape.org\/tvconape\/wp-content\/uploads\/2017\/06\/christian-gonzalez-realiza-toma.jpg","jetpack_sharing_enabled":true,"jetpack_shortlink":"https:\/\/wp.me\/p6jC0G-jT","jetpack-related-posts":[{"id":1226,"url":"https:\/\/www.conape.org\/tvconape\/el-gremio-periodistico-tendra-fuerza-cuando-este-unido-raul-gonzalez\/","url_meta":{"origin":1233,"position":0},"title":"El gremio period\u00edstico tendr\u00e1 fuerza cuando este unido, Ra\u00fal Gonz\u00e1lez","author":"TV CONAPE","date":"26 junio, 2017","format":false,"excerpt":"Durante la Toma de Protesta de la estructura que conformar\u00e1 la Vicepresidencia de CONAPE en Chiapas - Zona Sur, el Presidente Internacional de CONAPE, Ra\u00fal Gonz\u00e1lez Nova expres\u00f3 durante su discurso lo importante de crear una ley en favor de los periodistas adem\u00e1s de fomentar la uni\u00f3n en el gremio\u2026","rel":"","context":"En &quot;Eventos&quot;","block_context":{"text":"Eventos","link":"https:\/\/www.conape.org\/tvconape\/category\/eventos\/"},"img":{"alt_text":"","src":"https:\/\/i0.wp.com\/www.conape.org\/tvconape\/wp-content\/uploads\/2017\/06\/el-gremio-periodistico-tendra-fu.jpg?resize=350%2C200&ssl=1","width":350,"height":200,"srcset":"https:\/\/i0.wp.com\/www.conape.org\/tvconape\/wp-content\/uploads\/2017\/06\/el-gremio-periodistico-tendra-fu.jpg?resize=350%2C200&ssl=1 1x, https:\/\/i0.wp.com\/www.conape.org\/tvconape\/wp-content\/uploads\/2017\/06\/el-gremio-periodistico-tendra-fu.jpg?resize=525%2C300&ssl=1 1.5x, https:\/\/i0.wp.com\/www.conape.org\/tvconape\/wp-content\/uploads\/2017\/06\/el-gremio-periodistico-tendra-fu.jpg?resize=700%2C400&ssl=1 2x, https:\/\/i0.wp.com\/www.conape.org\/tvconape\/wp-content\/uploads\/2017\/06\/el-gremio-periodistico-tendra-fu.jpg?resize=1050%2C600&ssl=1 3x"},"classes":[]},{"id":1219,"url":"https:\/\/www.conape.org\/tvconape\/conape-esta-buscando-que-se-defina-la-palabra-periodista\/","url_meta":{"origin":1233,"position":1},"title":"&#8220;CONAPE esta buscando que se defina la palabra periodista&#8221;","author":"TV CONAPE","date":"12 junio, 2017","format":false,"excerpt":"\"CONAPE esta buscando que se defina la palabra periodista\", expres\u00f3 el Presidente Internacional de CONAPE, Raul Gonzalez Nova\u200b durante la Asamblea Estatal de CONAPE en Tabasco\u200b, M\u00e9xico, donde se tom\u00f3 protesta a nuevos integrantes de la familia #CONAPEInternacional. https:\/\/www.youtube.com\/watch?v=IO581R5bicA","rel":"","context":"En &quot;Circuito Cerrado&quot;","block_context":{"text":"Circuito Cerrado","link":"https:\/\/www.conape.org\/tvconape\/category\/circuito-cerrado\/"},"img":{"alt_text":"","src":"https:\/\/i0.wp.com\/www.conape.org\/tvconape\/wp-content\/uploads\/2017\/06\/conape-esta-buscando-que-se-defi.jpg?resize=350%2C200&ssl=1","width":350,"height":200,"srcset":"https:\/\/i0.wp.com\/www.conape.org\/tvconape\/wp-content\/uploads\/2017\/06\/conape-esta-buscando-que-se-defi.jpg?resize=350%2C200&ssl=1 1x, https:\/\/i0.wp.com\/www.conape.org\/tvconape\/wp-content\/uploads\/2017\/06\/conape-esta-buscando-que-se-defi.jpg?resize=525%2C300&ssl=1 1.5x, https:\/\/i0.wp.com\/www.conape.org\/tvconape\/wp-content\/uploads\/2017\/06\/conape-esta-buscando-que-se-defi.jpg?resize=700%2C400&ssl=1 2x, https:\/\/i0.wp.com\/www.conape.org\/tvconape\/wp-content\/uploads\/2017\/06\/conape-esta-buscando-que-se-defi.jpg?resize=1050%2C600&ssl=1 3x"},"classes":[]},{"id":1230,"url":"https:\/\/www.conape.org\/tvconape\/la-gran-familia-conape-sigue-creciendo-y-fortaleciendose\/","url_meta":{"origin":1233,"position":2},"title":"La gran familia CONAPE sigue creciendo y fortaleci\u00e9ndose","author":"TV CONAPE","date":"26 junio, 2017","format":false,"excerpt":"Durante la Toma de Protesta de la estructura que conformar\u00e1 la Vicepresidencia de CONAPE en Chiapas - Zona Sur, el Vicepresidente Internacional de CONAPE, Alfredo Hern\u00e1ndez Alvarado, expres\u00f3 la importancia de la uni\u00f3n en el gremio period\u00edstico y destaco que el trabajo en equipo ha sido lo que ha hecho\u2026","rel":"","context":"En &quot;Eventos&quot;","block_context":{"text":"Eventos","link":"https:\/\/www.conape.org\/tvconape\/category\/eventos\/"},"img":{"alt_text":"","src":"https:\/\/i0.wp.com\/www.conape.org\/tvconape\/wp-content\/uploads\/2017\/06\/la-gran-familia-conape-sigue-cre.jpg?resize=350%2C200&ssl=1","width":350,"height":200,"srcset":"https:\/\/i0.wp.com\/www.conape.org\/tvconape\/wp-content\/uploads\/2017\/06\/la-gran-familia-conape-sigue-cre.jpg?resize=350%2C200&ssl=1 1x, https:\/\/i0.wp.com\/www.conape.org\/tvconape\/wp-content\/uploads\/2017\/06\/la-gran-familia-conape-sigue-cre.jpg?resize=525%2C300&ssl=1 1.5x, https:\/\/i0.wp.com\/www.conape.org\/tvconape\/wp-content\/uploads\/2017\/06\/la-gran-familia-conape-sigue-cre.jpg?resize=700%2C400&ssl=1 2x, https:\/\/i0.wp.com\/www.conape.org\/tvconape\/wp-content\/uploads\/2017\/06\/la-gran-familia-conape-sigue-cre.jpg?resize=1050%2C600&ssl=1 3x"},"classes":[]},{"id":1216,"url":"https:\/\/www.conape.org\/tvconape\/vicepresidente-de-conape-en-tabasco-da-la-bienvenida-a-la-toma-de-protesta-ese-estado\/","url_meta":{"origin":1233,"position":3},"title":"Vicepresidente de CONAPE en Tabasco da la bienvenida a la toma de protesta ese estado","author":"TV CONAPE","date":"9 junio, 2017","format":false,"excerpt":"Nuestro Vicepresidente de CONAPE en #Tabasco, Carlos Torres\u200b expres\u00f3 un poco de las acciones que ha realizado #CONAPEInternacional y dio la bienvenida a todos los periodistas a los integrantes de Comit\u00e9 Directivo Internacional de nuestra asociaci\u00f3n en #Villahermosa. https:\/\/www.youtube.com\/watch?v=rzDJCU04vhU","rel":"","context":"En &quot;Circuito Cerrado&quot;","block_context":{"text":"Circuito Cerrado","link":"https:\/\/www.conape.org\/tvconape\/category\/circuito-cerrado\/"},"img":{"alt_text":"","src":"https:\/\/i0.wp.com\/www.conape.org\/tvconape\/wp-content\/uploads\/2017\/06\/vicepresidente-de-conape-en-taba.jpg?resize=350%2C200&ssl=1","width":350,"height":200,"srcset":"https:\/\/i0.wp.com\/www.conape.org\/tvconape\/wp-content\/uploads\/2017\/06\/vicepresidente-de-conape-en-taba.jpg?resize=350%2C200&ssl=1 1x, https:\/\/i0.wp.com\/www.conape.org\/tvconape\/wp-content\/uploads\/2017\/06\/vicepresidente-de-conape-en-taba.jpg?resize=525%2C300&ssl=1 1.5x, https:\/\/i0.wp.com\/www.conape.org\/tvconape\/wp-content\/uploads\/2017\/06\/vicepresidente-de-conape-en-taba.jpg?resize=700%2C400&ssl=1 2x, https:\/\/i0.wp.com\/www.conape.org\/tvconape\/wp-content\/uploads\/2017\/06\/vicepresidente-de-conape-en-taba.jpg?resize=1050%2C600&ssl=1 3x"},"classes":[]},{"id":1554,"url":"https:\/\/www.conape.org\/tvconape\/radioconape-en-vivo-programa-del-6-de-febrero-de-2019\/","url_meta":{"origin":1233,"position":4},"title":"#RadioCONAPE en vivo &#8211; Programa del 6 de Febrero de 2019","author":"TV CONAPE","date":"6 febrero, 2019","format":false,"excerpt":"#Nacional: \u27a1\u00a0Ivan M. Riebeling\u00a0presenta denuncia en contra del ex presidente Carlos Salinas de Gortari. \u27a1\u00a0Toma de protesta de los nuevos integrantes de\u00a0#CONAPE\u00a0en\u00a0#Oaxaca. \u27a1\u00a0Andr\u00e9s Manuel L\u00f3pez Obrador\u00a0anuncia descuentos de hasta 55% para reducir deuda de\u00a0Infonavit. #Edom\u00e9x: \u27a1\u00a0Tenemos en la l\u00ednea telef\u00f3nica a uno de los Delegados de\u00a0#AlmoloyaDeJu\u00e1rez\u00a0y nos confirma que no\u2026","rel":"","context":"En &quot;#RadioCONAPE&quot;","block_context":{"text":"#RadioCONAPE","link":"https:\/\/www.conape.org\/tvconape\/category\/radioconape\/"},"img":{"alt_text":"","src":"","width":0,"height":0},"classes":[]},{"id":1647,"url":"https:\/\/www.conape.org\/tvconape\/radioconape-en-vivo-programa-del-20-de-marzo-de-2019\/","url_meta":{"origin":1233,"position":5},"title":"#RadioCONAPE en vivo &#8211; Programa del 20 de Marzo de 2019","author":"TV CONAPE","date":"21 marzo, 2019","format":false,"excerpt":"#Internacional: \u27a1\u00a0En\u00a0#Yamasa\u00a0municipio de\u00a0#Rep\u00fablicaDominicana, destruyen local comercial porque la comunidad no quiere mas bancas de Loteka en estos poblados por afectar sus intereses. \u27a1\u00a0Te mostramos un video con luces extra\u00f1as en el cielo, saca tus propias conclusiones... \u27a1\u00a0Est\u00e1n desviando las aguas paras las minas por eso es la sequ\u00eda de los\u2026","rel":"","context":"En &quot;#RadioCONAPE&quot;","block_context":{"text":"#RadioCONAPE","link":"https:\/\/www.conape.org\/tvconape\/category\/radioconape\/"},"img":{"alt_text":"","src":"https:\/\/i0.wp.com\/www.conape.org\/tvconape\/wp-content\/uploads\/2019\/03\/gente-armada-2.jpg?resize=350%2C200&ssl=1","width":350,"height":200,"srcset":"https:\/\/i0.wp.com\/www.conape.org\/tvconape\/wp-content\/uploads\/2019\/03\/gente-armada-2.jpg?resize=350%2C200&ssl=1 1x, https:\/\/i0.wp.com\/www.conape.org\/tvconape\/wp-content\/uploads\/2019\/03\/gente-armada-2.jpg?resize=525%2C300&ssl=1 1.5x, https:\/\/i0.wp.com\/www.conape.org\/tvconape\/wp-content\/uploads\/2019\/03\/gente-armada-2.jpg?resize=700%2C400&ssl=1 2x, https:\/\/i0.wp.com\/www.conape.org\/tvconape\/wp-content\/uploads\/2019\/03\/gente-armada-2.jpg?resize=1050%2C600&ssl=1 3x, https:\/\/i0.wp.com\/www.conape.org\/tvconape\/wp-content\/uploads\/2019\/03\/gente-armada-2.jpg?resize=1400%2C800&ssl=1 4x"},"classes":[]}],"_links":{"self":[{"href":"https:\/\/www.conape.org\/tvconape\/wp-json\/wp\/v2\/posts\/1233"}],"collection":[{"href":"https:\/\/www.conape.org\/tvconape\/wp-json\/wp\/v2\/posts"}],"about":[{"href":"https:\/\/www.conape.org\/tvconape\/wp-json\/wp\/v2\/types\/post"}],"author":[{"embeddable":true,"href":"https:\/\/www.conape.org\/tvconape\/wp-json\/wp\/v2\/users\/1"}],"replies":[{"embeddable":true,"href":"https:\/\/www.conape.org\/tvconape\/wp-json\/wp\/v2\/comments?post=1233"}],"version-history":[{"count":1,"href":"https:\/\/www.conape.org\/tvconape\/wp-json\/wp\/v2\/posts\/1233\/revisions"}],"predecessor-version":[{"id":1234,"href":"https:\/\/www.conape.org\/tvconape\/wp-json\/wp\/v2\/posts\/1233\/revisions\/1234"}],"wp:featuredmedia":[{"embeddable":true,"href":"https:\/\/www.conape.org\/tvconape\/wp-json\/wp\/v2\/media\/1235"}],"wp:attachment":[{"href":"https:\/\/www.conape.org\/tvconape\/wp-json\/wp\/v2\/media?parent=1233"}],"wp:term":[{"taxonomy":"category","embeddable":true,"href":"https:\/\/www.conape.org\/tvconape\/wp-json\/wp\/v2\/categories?post=1233"},{"taxonomy":"post_tag","embeddable":true,"href":"https:\/\/www.conape.org\/tvconape\/wp-json\/wp\/v2\/tags?post=1233"}],"curies":[{"name":"wp","href":"https:\/\/api.w.org\/{rel}","templated":true}]}}