{"id":1230,"date":"2017-06-26T15:17:56","date_gmt":"2017-06-26T20:17:56","guid":{"rendered":"http:\/\/www.conape.org\/tvconape\/?p=1230"},"modified":"2017-06-26T15:17:56","modified_gmt":"2017-06-26T20:17:56","slug":"la-gran-familia-conape-sigue-creciendo-y-fortaleciendose","status":"publish","type":"post","link":"https:\/\/www.conape.org\/tvconape\/la-gran-familia-conape-sigue-creciendo-y-fortaleciendose\/","title":{"rendered":"La gran familia CONAPE sigue creciendo y fortaleci\u00e9ndose"},"content":{"rendered":"<p style=\"text-align: left;\"><span style=\"color: #000000;\">Durante la Toma de Protesta de la estructura que conformar\u00e1 la Vicepresidencia de CONAPE en Chiapas &#8211; Zona Sur, el Vicepresidente Internacional de CONAPE, Alfredo Hern\u00e1ndez Alvarado, expres\u00f3 la importancia de la uni\u00f3n en el gremio period\u00edstico y destaco que el trabajo en equipo ha sido lo que ha hecho crecer a CONAPE a nivel internacional.<\/span><\/p>\n<p><span class=\"embed-youtube\" style=\"text-align:center; display: block;\"><iframe loading=\"lazy\" class=\"youtube-player\" width=\"648\" height=\"365\" src=\"https:\/\/www.youtube.com\/embed\/EnDuoRa3Ck8?version=3&#038;rel=1&#038;showsearch=0&#038;showinfo=1&#038;iv_load_policy=1&#038;fs=1&#038;hl=es-MX&#038;autohide=2&#038;wmode=transparent\" allowfullscreen=\"true\" style=\"border:0;\" sandbox=\"allow-scripts allow-same-origin allow-popups allow-presentation allow-popups-to-escape-sandbox\"><\/iframe><\/span><\/p>\n","protected":false},"excerpt":{"rendered":"<p>Durante la Toma de Protesta de la estructura que conformar\u00e1 la Vicepresidencia de CONAPE en Chiapas &#8211; Zona Sur, el Vicepresidente Internacional de CONAPE, Alfredo Hern\u00e1ndez Alvarado, expres\u00f3 la importancia de la uni\u00f3n en el gremio period\u00edstico y destaco que el trabajo en equipo ha sido lo que ha hecho crecer a CONAPE a nivel [&hellip;]<\/p>\n","protected":false},"author":1,"featured_media":1232,"comment_status":"open","ping_status":"open","sticky":false,"template":"","format":"standard","meta":{"_exactmetrics_skip_tracking":false,"_exactmetrics_sitenote_active":false,"_exactmetrics_sitenote_note":"","_exactmetrics_sitenote_category":0,"jetpack_post_was_ever_published":false,"_jetpack_newsletter_access":"","_jetpack_newsletter_tier_id":0,"footnotes":"","jetpack_publicize_message":"","jetpack_is_tweetstorm":false,"jetpack_publicize_feature_enabled":true,"jetpack_social_post_already_shared":true,"jetpack_social_options":{"image_generator_settings":{"template":"highway","enabled":false}}},"categories":[11],"tags":[],"jetpack_publicize_connections":[],"jetpack_featured_media_url":"https:\/\/www.conape.org\/tvconape\/wp-content\/uploads\/2017\/06\/la-gran-familia-conape-sigue-cre.jpg","jetpack_sharing_enabled":true,"jetpack_shortlink":"https:\/\/wp.me\/p6jC0G-jQ","jetpack-related-posts":[{"id":888,"url":"https:\/\/www.conape.org\/tvconape\/2da-asamblea-estatal-de-conape-en-colima-tv-conape-165\/","url_meta":{"origin":1230,"position":0},"title":"2da Asamblea Estatal de CONAPE en Colima &#8211; TV CONAPE 165","author":"TV CONAPE","date":"14 abril, 2016","format":false,"excerpt":"ESTE PROGRAMA ES CIRCUITO CERRADO TRANSMITIDO EN #TVCONAPE. EN ESTA OCASI\u00d3N PODR\u00c1S OBSERVAR UN AN\u00c1LISIS DE LAS NOTICIAS M\u00c1S SOBRESALIENTES DEL \u00c1MBITO NACIONAL, INTERNACIONAL Y LOCAL: * PALABRAS DEL PRESIDENTE JUR\u00cdDICO INTERNACIONAL DE CONAPE, JOS\u00c9 DE JES\u00daS NAVEJA MACIAS EN SU VISITA AL PRESIDENTE MUNICIPAL DE CUERNAVACA, CUAUHT\u00c9MOC BLANCO. *\u2026","rel":"","context":"En &quot;Circuito Cerrado&quot;","block_context":{"text":"Circuito Cerrado","link":"https:\/\/www.conape.org\/tvconape\/category\/circuito-cerrado\/"},"img":{"alt_text":"","src":"https:\/\/i0.wp.com\/www.conape.org\/tvconape\/wp-content\/uploads\/2016\/04\/2da-asamblea-estatal-de-conape-e.jpg?resize=350%2C200&ssl=1","width":350,"height":200,"srcset":"https:\/\/i0.wp.com\/www.conape.org\/tvconape\/wp-content\/uploads\/2016\/04\/2da-asamblea-estatal-de-conape-e.jpg?resize=350%2C200&ssl=1 1x, https:\/\/i0.wp.com\/www.conape.org\/tvconape\/wp-content\/uploads\/2016\/04\/2da-asamblea-estatal-de-conape-e.jpg?resize=525%2C300&ssl=1 1.5x, https:\/\/i0.wp.com\/www.conape.org\/tvconape\/wp-content\/uploads\/2016\/04\/2da-asamblea-estatal-de-conape-e.jpg?resize=700%2C400&ssl=1 2x, https:\/\/i0.wp.com\/www.conape.org\/tvconape\/wp-content\/uploads\/2016\/04\/2da-asamblea-estatal-de-conape-e.jpg?resize=1050%2C600&ssl=1 3x"},"classes":[]},{"id":924,"url":"https:\/\/www.conape.org\/tvconape\/conape-entrega-certificados-y-conoce-los-problemas-del-magisterio-tv-conape-174\/","url_meta":{"origin":1230,"position":1},"title":"CONAPE ENTREGA CERTIFICADOS Y CONOCE LOS PROBLEMAS DEL MAGISTERIO &#8211; TV CONAPE 174","author":"TV CONAPE","date":"24 junio, 2016","format":false,"excerpt":"ESTE PROGRAMA ES CIRCUITO CERRADO TRANSMITIDO EN #TVCONAPE. EN ESTA OCASI\u00d3N PODR\u00c1S OBSERVAR UN AN\u00c1LISIS DE LAS NOTICIAS M\u00c1S SOBRESALIENTES DEL \u00c1MBITO NACIONAL, INTERNACIONAL Y LOCAL: * CONOCEREMOS LO QUE ESTA SUCEDIENDO CON EL MAGISTERIO EN LA REP\u00daBLICA MEXICANA, VIDEOS DONDE POLIC\u00cdAS FEDERALES DISPARAN A LOS MANIFESTANTES Y M\u00c1S... *\u2026","rel":"","context":"En &quot;Circuito Cerrado&quot;","block_context":{"text":"Circuito Cerrado","link":"https:\/\/www.conape.org\/tvconape\/category\/circuito-cerrado\/"},"img":{"alt_text":"","src":"https:\/\/i0.wp.com\/www.conape.org\/tvconape\/wp-content\/uploads\/2016\/06\/conape-entrega-certificados-y-co.jpg?resize=350%2C200&ssl=1","width":350,"height":200,"srcset":"https:\/\/i0.wp.com\/www.conape.org\/tvconape\/wp-content\/uploads\/2016\/06\/conape-entrega-certificados-y-co.jpg?resize=350%2C200&ssl=1 1x, https:\/\/i0.wp.com\/www.conape.org\/tvconape\/wp-content\/uploads\/2016\/06\/conape-entrega-certificados-y-co.jpg?resize=525%2C300&ssl=1 1.5x, https:\/\/i0.wp.com\/www.conape.org\/tvconape\/wp-content\/uploads\/2016\/06\/conape-entrega-certificados-y-co.jpg?resize=700%2C400&ssl=1 2x, https:\/\/i0.wp.com\/www.conape.org\/tvconape\/wp-content\/uploads\/2016\/06\/conape-entrega-certificados-y-co.jpg?resize=1050%2C600&ssl=1 3x"},"classes":[]},{"id":899,"url":"https:\/\/www.conape.org\/tvconape\/suspension-de-la-tercera-cumbre-internacional-de-periodismo-en-ecuador-tv-conape-167\/","url_meta":{"origin":1230,"position":2},"title":"Suspensi\u00f3n de la Tercera Cumbre Internacional de Periodismo en Ecuador &#8211; TV CONAPE 167","author":"TV CONAPE","date":"1 mayo, 2016","format":false,"excerpt":"ESTE PROGRAMA ES CIRCUITO CERRADO TRANSMITIDO EN #TVCONAPE. EN ESTA OCASI\u00d3N PODR\u00c1S OBSERVAR UN AN\u00c1LISIS DE LAS NOTICIAS M\u00c1S SOBRESALIENTES DEL \u00c1MBITO NACIONAL, INTERNACIONAL Y LOCAL: * SUSPENSI\u00d3N DE LA TERCERA CUMBRE DE PERIODISMO QUE SE LLEVAR\u00cdA ACABO EN QUITO, ECUADOR. * TENDREMOS ENTREVISTAS QUE SE REALIZARON EN LA ASAMBLEA\u2026","rel":"","context":"En &quot;Circuito Cerrado&quot;","block_context":{"text":"Circuito Cerrado","link":"https:\/\/www.conape.org\/tvconape\/category\/circuito-cerrado\/"},"img":{"alt_text":"","src":"https:\/\/i0.wp.com\/www.conape.org\/tvconape\/wp-content\/uploads\/2016\/05\/suspension-de-la-tercera-cumbre.jpg?resize=350%2C200&ssl=1","width":350,"height":200,"srcset":"https:\/\/i0.wp.com\/www.conape.org\/tvconape\/wp-content\/uploads\/2016\/05\/suspension-de-la-tercera-cumbre.jpg?resize=350%2C200&ssl=1 1x, https:\/\/i0.wp.com\/www.conape.org\/tvconape\/wp-content\/uploads\/2016\/05\/suspension-de-la-tercera-cumbre.jpg?resize=525%2C300&ssl=1 1.5x, https:\/\/i0.wp.com\/www.conape.org\/tvconape\/wp-content\/uploads\/2016\/05\/suspension-de-la-tercera-cumbre.jpg?resize=700%2C400&ssl=1 2x, https:\/\/i0.wp.com\/www.conape.org\/tvconape\/wp-content\/uploads\/2016\/05\/suspension-de-la-tercera-cumbre.jpg?resize=1050%2C600&ssl=1 3x"},"classes":[]},{"id":916,"url":"https:\/\/www.conape.org\/tvconape\/escuela-de-robotica-conape-en-tabasco-campanas-electorales-entrevistas-tv-conape-172\/","url_meta":{"origin":1230,"position":3},"title":"ESCUELA DE ROB\u00d3TICA, CONAPE EN TABASCO, CAMPA\u00d1AS ELECTORALES, ENTREVISTAS &#8211; TV CONAPE 172","author":"TV CONAPE","date":"2 junio, 2016","format":false,"excerpt":"ESTE PROGRAMA ES CIRCUITO CERRADO TRANSMITIDO EN #TVCONAPE. EN ESTA OCASI\u00d3N PODR\u00c1S OBSERVAR UN AN\u00c1LISIS DE LAS NOTICIAS M\u00c1S SOBRESALIENTES DEL \u00c1MBITO NACIONAL, INTERNACIONAL Y LOCAL: * CONOCEREMOS UNA ESCUELA DE ROB\u00d3TICA DEL ESTADO DE M\u00c9XICO QUE HA DESTACADO A NIVEL INTERNACIONAL, GANANDO VARIOS PREMIOS EN DIFERENTES PA\u00cdSES. * ENTREVISTA\u2026","rel":"","context":"En &quot;Circuito Cerrado&quot;","block_context":{"text":"Circuito Cerrado","link":"https:\/\/www.conape.org\/tvconape\/category\/circuito-cerrado\/"},"img":{"alt_text":"","src":"https:\/\/i0.wp.com\/www.conape.org\/tvconape\/wp-content\/uploads\/2016\/06\/escuela-de-robotica-conape-en-ta.jpg?resize=350%2C200&ssl=1","width":350,"height":200,"srcset":"https:\/\/i0.wp.com\/www.conape.org\/tvconape\/wp-content\/uploads\/2016\/06\/escuela-de-robotica-conape-en-ta.jpg?resize=350%2C200&ssl=1 1x, https:\/\/i0.wp.com\/www.conape.org\/tvconape\/wp-content\/uploads\/2016\/06\/escuela-de-robotica-conape-en-ta.jpg?resize=525%2C300&ssl=1 1.5x, https:\/\/i0.wp.com\/www.conape.org\/tvconape\/wp-content\/uploads\/2016\/06\/escuela-de-robotica-conape-en-ta.jpg?resize=700%2C400&ssl=1 2x, https:\/\/i0.wp.com\/www.conape.org\/tvconape\/wp-content\/uploads\/2016\/06\/escuela-de-robotica-conape-en-ta.jpg?resize=1050%2C600&ssl=1 3x, https:\/\/i0.wp.com\/www.conape.org\/tvconape\/wp-content\/uploads\/2016\/06\/escuela-de-robotica-conape-en-ta.jpg?resize=1400%2C800&ssl=1 4x"},"classes":[]},{"id":797,"url":"https:\/\/www.conape.org\/tvconape\/tv-conape-circuito-cerrado-145-la-importancia-del-trabajo-social-en-el-periodismo\/","url_meta":{"origin":1230,"position":4},"title":"TV CONAPE &#8211; Circuito Cerrado 145: La importancia del trabajo social en el periodismo","author":"TV CONAPE","date":"22 noviembre, 2015","format":false,"excerpt":"ESTE PROGRAMA ES CIRCUITO CERRADO TRANSMITIDO EN #TVCONAPE. EN ESTA OCASI\u00d3N PODR\u00c1S OBSERVAR UN AN\u00c1LISIS DE LAS NOTICIAS M\u00c1S SOBRESALIENTES DEL \u00c1MBITO NACIONAL, INTERNACIONAL Y LOCAL: * CONOCE INFORMACI\u00d3N IMPORTANTE SOBRE LA TERCERA CUMBRE INTERNACIONAL DE PERIODISMO QUE SE LLEVAR\u00c1 ACABO EN ECUADOR EN 2016. * OBSERVA LA ENTREVISTA QUE\u2026","rel":"","context":"En &quot;Circuito Cerrado&quot;","block_context":{"text":"Circuito Cerrado","link":"https:\/\/www.conape.org\/tvconape\/category\/circuito-cerrado\/"},"img":{"alt_text":"","src":"https:\/\/i0.wp.com\/www.conape.org\/tvconape\/wp-content\/uploads\/2015\/11\/tv-conape-circuito-cerrado-145-l.jpg?resize=350%2C200&ssl=1","width":350,"height":200,"srcset":"https:\/\/i0.wp.com\/www.conape.org\/tvconape\/wp-content\/uploads\/2015\/11\/tv-conape-circuito-cerrado-145-l.jpg?resize=350%2C200&ssl=1 1x, https:\/\/i0.wp.com\/www.conape.org\/tvconape\/wp-content\/uploads\/2015\/11\/tv-conape-circuito-cerrado-145-l.jpg?resize=525%2C300&ssl=1 1.5x, https:\/\/i0.wp.com\/www.conape.org\/tvconape\/wp-content\/uploads\/2015\/11\/tv-conape-circuito-cerrado-145-l.jpg?resize=700%2C400&ssl=1 2x, https:\/\/i0.wp.com\/www.conape.org\/tvconape\/wp-content\/uploads\/2015\/11\/tv-conape-circuito-cerrado-145-l.jpg?resize=1050%2C600&ssl=1 3x, https:\/\/i0.wp.com\/www.conape.org\/tvconape\/wp-content\/uploads\/2015\/11\/tv-conape-circuito-cerrado-145-l.jpg?resize=1400%2C800&ssl=1 4x"},"classes":[]},{"id":865,"url":"https:\/\/www.conape.org\/tvconape\/primera-asamblea-estatal-de-conape-en-puebla-tv-conape-circuito-cerrado-159\/","url_meta":{"origin":1230,"position":5},"title":"PRIMERA ASAMBLEA ESTATAL DE CONAPE EN PUEBLA &#8211; TV CONAPE &#8211; Circuito Cerrado 159","author":"TV CONAPE","date":"3 marzo, 2016","format":false,"excerpt":"ESTE PROGRAMA ES CIRCUITO CERRADO TRANSMITIDO EN #TVCONAPE. EN ESTA OCASI\u00d3N PODR\u00c1S OBSERVAR UN AN\u00c1LISIS DE LAS NOTICIAS M\u00c1S SOBRESALIENTES DEL \u00c1MBITO NACIONAL, INTERNACIONAL Y LOCAL: * COMERCIANTES DENUNCIAN AMENAZAS DEL PRESIDENTE MUNICIPAL DE ALMOLOYA DE JU\u00c1REZ, ADOLFO SOL\u00cdS G\u00d3MEZ Y LO RESPONSABILIZAN DE LO QUE LES PUEDA PASAR, TEMEN\u2026","rel":"","context":"En &quot;Circuito Cerrado&quot;","block_context":{"text":"Circuito Cerrado","link":"https:\/\/www.conape.org\/tvconape\/category\/circuito-cerrado\/"},"img":{"alt_text":"","src":"https:\/\/i0.wp.com\/www.conape.org\/tvconape\/wp-content\/uploads\/2016\/03\/primera-asamblea-estatal-de-cona.jpg?resize=350%2C200&ssl=1","width":350,"height":200},"classes":[]}],"_links":{"self":[{"href":"https:\/\/www.conape.org\/tvconape\/wp-json\/wp\/v2\/posts\/1230"}],"collection":[{"href":"https:\/\/www.conape.org\/tvconape\/wp-json\/wp\/v2\/posts"}],"about":[{"href":"https:\/\/www.conape.org\/tvconape\/wp-json\/wp\/v2\/types\/post"}],"author":[{"embeddable":true,"href":"https:\/\/www.conape.org\/tvconape\/wp-json\/wp\/v2\/users\/1"}],"replies":[{"embeddable":true,"href":"https:\/\/www.conape.org\/tvconape\/wp-json\/wp\/v2\/comments?post=1230"}],"version-history":[{"count":1,"href":"https:\/\/www.conape.org\/tvconape\/wp-json\/wp\/v2\/posts\/1230\/revisions"}],"predecessor-version":[{"id":1231,"href":"https:\/\/www.conape.org\/tvconape\/wp-json\/wp\/v2\/posts\/1230\/revisions\/1231"}],"wp:featuredmedia":[{"embeddable":true,"href":"https:\/\/www.conape.org\/tvconape\/wp-json\/wp\/v2\/media\/1232"}],"wp:attachment":[{"href":"https:\/\/www.conape.org\/tvconape\/wp-json\/wp\/v2\/media?parent=1230"}],"wp:term":[{"taxonomy":"category","embeddable":true,"href":"https:\/\/www.conape.org\/tvconape\/wp-json\/wp\/v2\/categories?post=1230"},{"taxonomy":"post_tag","embeddable":true,"href":"https:\/\/www.conape.org\/tvconape\/wp-json\/wp\/v2\/tags?post=1230"}],"curies":[{"name":"wp","href":"https:\/\/api.w.org\/{rel}","templated":true}]}}