{"id":1226,"date":"2017-06-26T14:12:15","date_gmt":"2017-06-26T19:12:15","guid":{"rendered":"http:\/\/www.conape.org\/tvconape\/?p=1226"},"modified":"2017-06-26T14:12:15","modified_gmt":"2017-06-26T19:12:15","slug":"el-gremio-periodistico-tendra-fuerza-cuando-este-unido-raul-gonzalez","status":"publish","type":"post","link":"https:\/\/www.conape.org\/tvconape\/el-gremio-periodistico-tendra-fuerza-cuando-este-unido-raul-gonzalez\/","title":{"rendered":"El gremio period\u00edstico tendr\u00e1 fuerza cuando este unido, Ra\u00fal Gonz\u00e1lez"},"content":{"rendered":"<p>Durante la Toma de Protesta de la estructura que conformar\u00e1 la Vicepresidencia de CONAPE en Chiapas &#8211; Zona Sur, el Presidente Internacional de CONAPE, Ra\u00fal Gonz\u00e1lez Nova expres\u00f3 durante su discurso lo importante de crear una ley en favor de los periodistas adem\u00e1s de fomentar la uni\u00f3n en el gremio period\u00edstico.<\/p>\n<p><span class=\"embed-youtube\" style=\"text-align:center; display: block;\"><iframe loading=\"lazy\" class=\"youtube-player\" width=\"648\" height=\"365\" src=\"https:\/\/www.youtube.com\/embed\/aJ2VQiEfbZU?version=3&#038;rel=1&#038;showsearch=0&#038;showinfo=1&#038;iv_load_policy=1&#038;fs=1&#038;hl=es-MX&#038;autohide=2&#038;wmode=transparent\" allowfullscreen=\"true\" style=\"border:0;\" sandbox=\"allow-scripts allow-same-origin allow-popups allow-presentation allow-popups-to-escape-sandbox\"><\/iframe><\/span><\/p>\n","protected":false},"excerpt":{"rendered":"<p>Durante la Toma de Protesta de la estructura que conformar\u00e1 la Vicepresidencia de CONAPE en Chiapas &#8211; Zona Sur, el Presidente Internacional de CONAPE, Ra\u00fal Gonz\u00e1lez Nova expres\u00f3 durante su discurso lo importante de crear una ley en favor de los periodistas adem\u00e1s de fomentar la uni\u00f3n en el gremio period\u00edstico.<\/p>\n","protected":false},"author":1,"featured_media":1228,"comment_status":"open","ping_status":"open","sticky":false,"template":"","format":"standard","meta":{"_exactmetrics_skip_tracking":false,"_exactmetrics_sitenote_active":false,"_exactmetrics_sitenote_note":"","_exactmetrics_sitenote_category":0,"jetpack_post_was_ever_published":false,"_jetpack_newsletter_access":"","_jetpack_newsletter_tier_id":0,"footnotes":"","jetpack_publicize_message":"","jetpack_is_tweetstorm":false,"jetpack_publicize_feature_enabled":true,"jetpack_social_post_already_shared":true,"jetpack_social_options":{"image_generator_settings":{"template":"highway","enabled":false}}},"categories":[11],"tags":[],"jetpack_publicize_connections":[],"jetpack_featured_media_url":"https:\/\/www.conape.org\/tvconape\/wp-content\/uploads\/2017\/06\/el-gremio-periodistico-tendra-fu.jpg","jetpack_sharing_enabled":true,"jetpack_shortlink":"https:\/\/wp.me\/p6jC0G-jM","jetpack-related-posts":[{"id":1076,"url":"https:\/\/www.conape.org\/tvconape\/entrevista-con-el-ganador-de-la-presea-al-merito-periodistico-en-michoacan-tvconape\/","url_meta":{"origin":1226,"position":0},"title":"Entrevista con el Ganador de la Presea al M\u00e9rito Period\u00edstico en Michoac\u00e1n &#8211; #TVCONAPE","author":"TV CONAPE","date":"16 enero, 2017","format":false,"excerpt":"En esta edici\u00f3n de TV CONAPE, podr\u00e1s conocer a Sergio Ortega Solorio, ganador de la Presea al M\u00e9rito Period\u00edstico en Michoac\u00e1n 2016, con m\u00e1s de 50 a\u00f1os de experiencia ejerciendo el periodismo, tambi\u00e9n, escucha el mensaje de fin de a\u00f1o del Presidente Internacional de CONAPE, Ra\u00fal Gonz\u00e1lez Nova. https:\/\/www.youtube.com\/watch?v=GLr-cPQy4Kk","rel":"","context":"En &quot;Circuito Cerrado&quot;","block_context":{"text":"Circuito Cerrado","link":"https:\/\/www.conape.org\/tvconape\/category\/circuito-cerrado\/"},"img":{"alt_text":"","src":"https:\/\/i0.wp.com\/www.conape.org\/tvconape\/wp-content\/uploads\/2017\/01\/entrevista-con-el-ganador-de-la.jpg?resize=350%2C200&ssl=1","width":350,"height":200},"classes":[]},{"id":888,"url":"https:\/\/www.conape.org\/tvconape\/2da-asamblea-estatal-de-conape-en-colima-tv-conape-165\/","url_meta":{"origin":1226,"position":1},"title":"2da Asamblea Estatal de CONAPE en Colima &#8211; TV CONAPE 165","author":"TV CONAPE","date":"14 abril, 2016","format":false,"excerpt":"ESTE PROGRAMA ES CIRCUITO CERRADO TRANSMITIDO EN #TVCONAPE. EN ESTA OCASI\u00d3N PODR\u00c1S OBSERVAR UN AN\u00c1LISIS DE LAS NOTICIAS M\u00c1S SOBRESALIENTES DEL \u00c1MBITO NACIONAL, INTERNACIONAL Y LOCAL: * PALABRAS DEL PRESIDENTE JUR\u00cdDICO INTERNACIONAL DE CONAPE, JOS\u00c9 DE JES\u00daS NAVEJA MACIAS EN SU VISITA AL PRESIDENTE MUNICIPAL DE CUERNAVACA, CUAUHT\u00c9MOC BLANCO. *\u2026","rel":"","context":"En &quot;Circuito Cerrado&quot;","block_context":{"text":"Circuito Cerrado","link":"https:\/\/www.conape.org\/tvconape\/category\/circuito-cerrado\/"},"img":{"alt_text":"","src":"https:\/\/i0.wp.com\/www.conape.org\/tvconape\/wp-content\/uploads\/2016\/04\/2da-asamblea-estatal-de-conape-e.jpg?resize=350%2C200&ssl=1","width":350,"height":200,"srcset":"https:\/\/i0.wp.com\/www.conape.org\/tvconape\/wp-content\/uploads\/2016\/04\/2da-asamblea-estatal-de-conape-e.jpg?resize=350%2C200&ssl=1 1x, https:\/\/i0.wp.com\/www.conape.org\/tvconape\/wp-content\/uploads\/2016\/04\/2da-asamblea-estatal-de-conape-e.jpg?resize=525%2C300&ssl=1 1.5x, https:\/\/i0.wp.com\/www.conape.org\/tvconape\/wp-content\/uploads\/2016\/04\/2da-asamblea-estatal-de-conape-e.jpg?resize=700%2C400&ssl=1 2x, https:\/\/i0.wp.com\/www.conape.org\/tvconape\/wp-content\/uploads\/2016\/04\/2da-asamblea-estatal-de-conape-e.jpg?resize=1050%2C600&ssl=1 3x"},"classes":[]},{"id":410,"url":"https:\/\/www.conape.org\/tvconape\/tv-conape-circuito-cerrado-124-conape-trabajando-por-la-union-del-gremio-periodistico\/","url_meta":{"origin":1226,"position":2},"title":"TV CONAPE &#8211; Circuito Cerrado 124: CONAPE TRABAJANDO POR LA UNI\u00d3N DEL GREMIO PERIOD\u00cdSTICO","author":"TV CONAPE","date":"8 junio, 2015","format":false,"excerpt":"","rel":"","context":"En &quot;Circuito Cerrado&quot;","block_context":{"text":"Circuito Cerrado","link":"https:\/\/www.conape.org\/tvconape\/category\/circuito-cerrado\/"},"img":{"alt_text":"","src":"https:\/\/i0.wp.com\/www.conape.org\/tvconape\/wp-content\/uploads\/2015\/07\/tv-conape-circuito-cerrado-124-c.jpg?resize=350%2C200&ssl=1","width":350,"height":200,"srcset":"https:\/\/i0.wp.com\/www.conape.org\/tvconape\/wp-content\/uploads\/2015\/07\/tv-conape-circuito-cerrado-124-c.jpg?resize=350%2C200&ssl=1 1x, https:\/\/i0.wp.com\/www.conape.org\/tvconape\/wp-content\/uploads\/2015\/07\/tv-conape-circuito-cerrado-124-c.jpg?resize=525%2C300&ssl=1 1.5x, https:\/\/i0.wp.com\/www.conape.org\/tvconape\/wp-content\/uploads\/2015\/07\/tv-conape-circuito-cerrado-124-c.jpg?resize=700%2C400&ssl=1 2x, https:\/\/i0.wp.com\/www.conape.org\/tvconape\/wp-content\/uploads\/2015\/07\/tv-conape-circuito-cerrado-124-c.jpg?resize=1050%2C600&ssl=1 3x, https:\/\/i0.wp.com\/www.conape.org\/tvconape\/wp-content\/uploads\/2015\/07\/tv-conape-circuito-cerrado-124-c.jpg?resize=1400%2C800&ssl=1 4x"},"classes":[]},{"id":1184,"url":"https:\/\/www.conape.org\/tvconape\/vida-y-trayectoria-del-vicepresidente-de-conape-en-colombia-tvconape\/","url_meta":{"origin":1226,"position":3},"title":"Vida y trayectoria del Vicepresidente de CONAPE en Colombia &#8211; #TVCONAPE","author":"TV CONAPE","date":"6 abril, 2017","format":false,"excerpt":"En esta edici\u00f3n de TV CONAPE conoce un poco sobre la vida y la trayectoria period\u00edstica del Vicepresidente de CONAPE en Colombia, Pedro Pablo Polo Anaya, quien ha desempe\u00f1ado un papel importante en el desarrollo de nuestra asociaci\u00f3n, ya que \u00e9l fue el organizador de la Segunda Cumbre Internacional de\u2026","rel":"","context":"En &quot;Circuito Cerrado&quot;","block_context":{"text":"Circuito Cerrado","link":"https:\/\/www.conape.org\/tvconape\/category\/circuito-cerrado\/"},"img":{"alt_text":"","src":"https:\/\/i0.wp.com\/www.conape.org\/tvconape\/wp-content\/uploads\/2017\/04\/vida-y-trayectoria-del-vicepresi.jpg?resize=350%2C200&ssl=1","width":350,"height":200},"classes":[]},{"id":1230,"url":"https:\/\/www.conape.org\/tvconape\/la-gran-familia-conape-sigue-creciendo-y-fortaleciendose\/","url_meta":{"origin":1226,"position":4},"title":"La gran familia CONAPE sigue creciendo y fortaleci\u00e9ndose","author":"TV CONAPE","date":"26 junio, 2017","format":false,"excerpt":"Durante la Toma de Protesta de la estructura que conformar\u00e1 la Vicepresidencia de CONAPE en Chiapas - Zona Sur, el Vicepresidente Internacional de CONAPE, Alfredo Hern\u00e1ndez Alvarado, expres\u00f3 la importancia de la uni\u00f3n en el gremio period\u00edstico y destaco que el trabajo en equipo ha sido lo que ha hecho\u2026","rel":"","context":"En &quot;Eventos&quot;","block_context":{"text":"Eventos","link":"https:\/\/www.conape.org\/tvconape\/category\/eventos\/"},"img":{"alt_text":"","src":"https:\/\/i0.wp.com\/www.conape.org\/tvconape\/wp-content\/uploads\/2017\/06\/la-gran-familia-conape-sigue-cre.jpg?resize=350%2C200&ssl=1","width":350,"height":200,"srcset":"https:\/\/i0.wp.com\/www.conape.org\/tvconape\/wp-content\/uploads\/2017\/06\/la-gran-familia-conape-sigue-cre.jpg?resize=350%2C200&ssl=1 1x, https:\/\/i0.wp.com\/www.conape.org\/tvconape\/wp-content\/uploads\/2017\/06\/la-gran-familia-conape-sigue-cre.jpg?resize=525%2C300&ssl=1 1.5x, https:\/\/i0.wp.com\/www.conape.org\/tvconape\/wp-content\/uploads\/2017\/06\/la-gran-familia-conape-sigue-cre.jpg?resize=700%2C400&ssl=1 2x, https:\/\/i0.wp.com\/www.conape.org\/tvconape\/wp-content\/uploads\/2017\/06\/la-gran-familia-conape-sigue-cre.jpg?resize=1050%2C600&ssl=1 3x"},"classes":[]},{"id":1222,"url":"https:\/\/www.conape.org\/tvconape\/la-problematica-actual-del-periodismo-en-mexico\/","url_meta":{"origin":1226,"position":5},"title":"La problem\u00e1tica actual del periodismo en M\u00e9xico","author":"TV CONAPE","date":"13 junio, 2017","format":false,"excerpt":"En el marco de la Asamblea Estatal de CONAPE en #Tabasco, el Vicepresidente de #CONAPE en el #ValleDeToluca, Javier Martinez, expresa la problem\u00e1tica actual del periodismo en M\u00e9xico y datos escalofriantes sobre asesinatos y desapariciones de los integrantes del Gremio Period\u00edstico. https:\/\/www.youtube.com\/watch?v=brnUWDQH0nY","rel":"","context":"En &quot;Circuito Cerrado&quot;","block_context":{"text":"Circuito Cerrado","link":"https:\/\/www.conape.org\/tvconape\/category\/circuito-cerrado\/"},"img":{"alt_text":"","src":"https:\/\/i0.wp.com\/www.conape.org\/tvconape\/wp-content\/uploads\/2017\/06\/la-problematica-actual-del-perio.jpg?resize=350%2C200&ssl=1","width":350,"height":200,"srcset":"https:\/\/i0.wp.com\/www.conape.org\/tvconape\/wp-content\/uploads\/2017\/06\/la-problematica-actual-del-perio.jpg?resize=350%2C200&ssl=1 1x, https:\/\/i0.wp.com\/www.conape.org\/tvconape\/wp-content\/uploads\/2017\/06\/la-problematica-actual-del-perio.jpg?resize=525%2C300&ssl=1 1.5x, https:\/\/i0.wp.com\/www.conape.org\/tvconape\/wp-content\/uploads\/2017\/06\/la-problematica-actual-del-perio.jpg?resize=700%2C400&ssl=1 2x, https:\/\/i0.wp.com\/www.conape.org\/tvconape\/wp-content\/uploads\/2017\/06\/la-problematica-actual-del-perio.jpg?resize=1050%2C600&ssl=1 3x"},"classes":[]}],"_links":{"self":[{"href":"https:\/\/www.conape.org\/tvconape\/wp-json\/wp\/v2\/posts\/1226"}],"collection":[{"href":"https:\/\/www.conape.org\/tvconape\/wp-json\/wp\/v2\/posts"}],"about":[{"href":"https:\/\/www.conape.org\/tvconape\/wp-json\/wp\/v2\/types\/post"}],"author":[{"embeddable":true,"href":"https:\/\/www.conape.org\/tvconape\/wp-json\/wp\/v2\/users\/1"}],"replies":[{"embeddable":true,"href":"https:\/\/www.conape.org\/tvconape\/wp-json\/wp\/v2\/comments?post=1226"}],"version-history":[{"count":1,"href":"https:\/\/www.conape.org\/tvconape\/wp-json\/wp\/v2\/posts\/1226\/revisions"}],"predecessor-version":[{"id":1227,"href":"https:\/\/www.conape.org\/tvconape\/wp-json\/wp\/v2\/posts\/1226\/revisions\/1227"}],"wp:featuredmedia":[{"embeddable":true,"href":"https:\/\/www.conape.org\/tvconape\/wp-json\/wp\/v2\/media\/1228"}],"wp:attachment":[{"href":"https:\/\/www.conape.org\/tvconape\/wp-json\/wp\/v2\/media?parent=1226"}],"wp:term":[{"taxonomy":"category","embeddable":true,"href":"https:\/\/www.conape.org\/tvconape\/wp-json\/wp\/v2\/categories?post=1226"},{"taxonomy":"post_tag","embeddable":true,"href":"https:\/\/www.conape.org\/tvconape\/wp-json\/wp\/v2\/tags?post=1226"}],"curies":[{"name":"wp","href":"https:\/\/api.w.org\/{rel}","templated":true}]}}