{"id":1222,"date":"2017-06-13T06:22:20","date_gmt":"2017-06-13T11:22:20","guid":{"rendered":"http:\/\/www.conape.org\/tvconape\/?p=1222"},"modified":"2017-06-13T06:22:20","modified_gmt":"2017-06-13T11:22:20","slug":"la-problematica-actual-del-periodismo-en-mexico","status":"publish","type":"post","link":"https:\/\/www.conape.org\/tvconape\/la-problematica-actual-del-periodismo-en-mexico\/","title":{"rendered":"La problem\u00e1tica actual del periodismo en M\u00e9xico"},"content":{"rendered":"<p>En el marco de la Asamblea Estatal de CONAPE en #Tabasco, el Vicepresidente de #CONAPE en el #ValleDeToluca, Javier Martinez, expresa la problem\u00e1tica actual del periodismo en M\u00e9xico y datos escalofriantes sobre asesinatos y desapariciones de los integrantes del Gremio Period\u00edstico.<\/p>\n<p><span class=\"embed-youtube\" style=\"text-align:center; display: block;\"><iframe loading=\"lazy\" class=\"youtube-player\" width=\"648\" height=\"365\" src=\"https:\/\/www.youtube.com\/embed\/brnUWDQH0nY?version=3&#038;rel=1&#038;showsearch=0&#038;showinfo=1&#038;iv_load_policy=1&#038;fs=1&#038;hl=es-MX&#038;autohide=2&#038;wmode=transparent\" allowfullscreen=\"true\" style=\"border:0;\" sandbox=\"allow-scripts allow-same-origin allow-popups allow-presentation allow-popups-to-escape-sandbox\"><\/iframe><\/span><\/p>\n","protected":false},"excerpt":{"rendered":"<p>En el marco de la Asamblea Estatal de CONAPE en #Tabasco, el Vicepresidente de #CONAPE en el #ValleDeToluca, Javier Martinez, expresa la problem\u00e1tica actual del periodismo en M\u00e9xico y datos escalofriantes sobre asesinatos y desapariciones de los integrantes del Gremio Period\u00edstico.<\/p>\n","protected":false},"author":1,"featured_media":1224,"comment_status":"open","ping_status":"open","sticky":false,"template":"","format":"standard","meta":{"_exactmetrics_skip_tracking":false,"_exactmetrics_sitenote_active":false,"_exactmetrics_sitenote_note":"","_exactmetrics_sitenote_category":0,"jetpack_post_was_ever_published":false,"_jetpack_newsletter_access":"","_jetpack_newsletter_tier_id":0,"footnotes":"","jetpack_publicize_message":"","jetpack_is_tweetstorm":false,"jetpack_publicize_feature_enabled":true,"jetpack_social_post_already_shared":true,"jetpack_social_options":{"image_generator_settings":{"template":"highway","enabled":false}}},"categories":[4],"tags":[],"jetpack_publicize_connections":[],"jetpack_featured_media_url":"https:\/\/www.conape.org\/tvconape\/wp-content\/uploads\/2017\/06\/la-problematica-actual-del-perio.jpg","jetpack_sharing_enabled":true,"jetpack_shortlink":"https:\/\/wp.me\/p6jC0G-jI","jetpack-related-posts":[{"id":960,"url":"https:\/\/www.conape.org\/tvconape\/recuerdos-de-la-cumbre-internacional-de-periodismo-en-colombia-tvconape-183\/","url_meta":{"origin":1222,"position":0},"title":"Recuerdos de la Cumbre Internacional de Periodismo en Colombia &#8211; #TVCONAPE 183","author":"TV CONAPE","date":"25 agosto, 2016","format":false,"excerpt":"En este programa de Circuito Cerrado transmitido en TV CONAPE, podr\u00e1s ver un an\u00e1lisis de las noticias mas sobresalientes del \u00e1mbito internacional, nacional y local: * Hablaremos sobre la polic\u00eda federal, estatal y municipal. * Recordaremos un poco de lo sucedido en la Segunda Cumbre Internacional de Periodismo que se\u2026","rel":"","context":"En &quot;Circuito Cerrado&quot;","block_context":{"text":"Circuito Cerrado","link":"https:\/\/www.conape.org\/tvconape\/category\/circuito-cerrado\/"},"img":{"alt_text":"","src":"https:\/\/i0.wp.com\/www.conape.org\/tvconape\/wp-content\/uploads\/2016\/08\/recuerdos-de-la-cumbre-internaci.jpg?resize=350%2C200&ssl=1","width":350,"height":200,"srcset":"https:\/\/i0.wp.com\/www.conape.org\/tvconape\/wp-content\/uploads\/2016\/08\/recuerdos-de-la-cumbre-internaci.jpg?resize=350%2C200&ssl=1 1x, https:\/\/i0.wp.com\/www.conape.org\/tvconape\/wp-content\/uploads\/2016\/08\/recuerdos-de-la-cumbre-internaci.jpg?resize=525%2C300&ssl=1 1.5x, https:\/\/i0.wp.com\/www.conape.org\/tvconape\/wp-content\/uploads\/2016\/08\/recuerdos-de-la-cumbre-internaci.jpg?resize=700%2C400&ssl=1 2x, https:\/\/i0.wp.com\/www.conape.org\/tvconape\/wp-content\/uploads\/2016\/08\/recuerdos-de-la-cumbre-internaci.jpg?resize=1050%2C600&ssl=1 3x"},"classes":[]},{"id":899,"url":"https:\/\/www.conape.org\/tvconape\/suspension-de-la-tercera-cumbre-internacional-de-periodismo-en-ecuador-tv-conape-167\/","url_meta":{"origin":1222,"position":1},"title":"Suspensi\u00f3n de la Tercera Cumbre Internacional de Periodismo en Ecuador &#8211; TV CONAPE 167","author":"TV CONAPE","date":"1 mayo, 2016","format":false,"excerpt":"ESTE PROGRAMA ES CIRCUITO CERRADO TRANSMITIDO EN #TVCONAPE. EN ESTA OCASI\u00d3N PODR\u00c1S OBSERVAR UN AN\u00c1LISIS DE LAS NOTICIAS M\u00c1S SOBRESALIENTES DEL \u00c1MBITO NACIONAL, INTERNACIONAL Y LOCAL: * SUSPENSI\u00d3N DE LA TERCERA CUMBRE DE PERIODISMO QUE SE LLEVAR\u00cdA ACABO EN QUITO, ECUADOR. * TENDREMOS ENTREVISTAS QUE SE REALIZARON EN LA ASAMBLEA\u2026","rel":"","context":"En &quot;Circuito Cerrado&quot;","block_context":{"text":"Circuito Cerrado","link":"https:\/\/www.conape.org\/tvconape\/category\/circuito-cerrado\/"},"img":{"alt_text":"","src":"https:\/\/i0.wp.com\/www.conape.org\/tvconape\/wp-content\/uploads\/2016\/05\/suspension-de-la-tercera-cumbre.jpg?resize=350%2C200&ssl=1","width":350,"height":200,"srcset":"https:\/\/i0.wp.com\/www.conape.org\/tvconape\/wp-content\/uploads\/2016\/05\/suspension-de-la-tercera-cumbre.jpg?resize=350%2C200&ssl=1 1x, https:\/\/i0.wp.com\/www.conape.org\/tvconape\/wp-content\/uploads\/2016\/05\/suspension-de-la-tercera-cumbre.jpg?resize=525%2C300&ssl=1 1.5x, https:\/\/i0.wp.com\/www.conape.org\/tvconape\/wp-content\/uploads\/2016\/05\/suspension-de-la-tercera-cumbre.jpg?resize=700%2C400&ssl=1 2x, https:\/\/i0.wp.com\/www.conape.org\/tvconape\/wp-content\/uploads\/2016\/05\/suspension-de-la-tercera-cumbre.jpg?resize=1050%2C600&ssl=1 3x"},"classes":[]},{"id":856,"url":"https:\/\/www.conape.org\/tvconape\/criticas-de-la-visita-del-papa-francisco-a-mexico-tv-conape-circuito-cerrado-157\/","url_meta":{"origin":1222,"position":2},"title":"CR\u00cdTICAS DE LA VISITA DEL PAPA FRANCISCO A M\u00c9XICO &#8211; TV CONAPE &#8211; Circuito Cerrado 157","author":"TV CONAPE","date":"18 febrero, 2016","format":false,"excerpt":"ESTE PROGRAMA ES CIRCUITO CERRADO TRANSMITIDO EN #TVCONAPE. EN ESTA OCASI\u00d3N PODR\u00c1S OBSERVAR UN AN\u00c1LISIS DE LAS NOTICIAS M\u00c1S SOBRESALIENTES DEL \u00c1MBITO NACIONAL, INTERNACIONAL Y LOCAL: * S\u00c9PTIMO PROGRAMA DEL 2016. * OPINIONES, CR\u00cdTICAS Y COMENTARIOS DE LA VISITA DEL PAPA FRANCISCO A M\u00c9XICO. * CONOCE LOS QUE ESTA SUCEDIENDO\u2026","rel":"","context":"En &quot;Circuito Cerrado&quot;","block_context":{"text":"Circuito Cerrado","link":"https:\/\/www.conape.org\/tvconape\/category\/circuito-cerrado\/"},"img":{"alt_text":"","src":"https:\/\/i0.wp.com\/www.conape.org\/tvconape\/wp-content\/uploads\/2016\/02\/criticas-de-la-visita-del-papa-f.jpg?resize=350%2C200&ssl=1","width":350,"height":200},"classes":[]},{"id":963,"url":"https:\/\/www.conape.org\/tvconape\/definicion-del-periodista-y-profesionalizacion-del-gremio-es-fundamenta-tvconape-184\/","url_meta":{"origin":1222,"position":3},"title":"Definici\u00f3n del periodista y profesionalizaci\u00f3n del gremio es fundamenta &#8211; #TVCONAPE 184","author":"TV CONAPE","date":"1 septiembre, 2016","format":false,"excerpt":"En este programa de Circuito Cerrado transmitido en TV CONAPE, podr\u00e1s ver un an\u00e1lisis de las noticias mas sobresalientes del \u00e1mbito internacional, nacional y local: * Veremos las invitaciones a la Tercera Cumbre Internacional de Periodismo, realizada por la Asesora Jur\u00eddica de CONAPE en Tijuana, Baja Californcia, M\u00e9xico, Mar\u00eda Galaviz\u2026","rel":"","context":"En &quot;Circuito Cerrado&quot;","block_context":{"text":"Circuito Cerrado","link":"https:\/\/www.conape.org\/tvconape\/category\/circuito-cerrado\/"},"img":{"alt_text":"","src":"https:\/\/i0.wp.com\/www.conape.org\/tvconape\/wp-content\/uploads\/2016\/09\/definicion-del-periodista-y-prof.jpg?resize=350%2C200&ssl=1","width":350,"height":200,"srcset":"https:\/\/i0.wp.com\/www.conape.org\/tvconape\/wp-content\/uploads\/2016\/09\/definicion-del-periodista-y-prof.jpg?resize=350%2C200&ssl=1 1x, https:\/\/i0.wp.com\/www.conape.org\/tvconape\/wp-content\/uploads\/2016\/09\/definicion-del-periodista-y-prof.jpg?resize=525%2C300&ssl=1 1.5x, https:\/\/i0.wp.com\/www.conape.org\/tvconape\/wp-content\/uploads\/2016\/09\/definicion-del-periodista-y-prof.jpg?resize=700%2C400&ssl=1 2x, https:\/\/i0.wp.com\/www.conape.org\/tvconape\/wp-content\/uploads\/2016\/09\/definicion-del-periodista-y-prof.jpg?resize=1050%2C600&ssl=1 3x"},"classes":[]},{"id":797,"url":"https:\/\/www.conape.org\/tvconape\/tv-conape-circuito-cerrado-145-la-importancia-del-trabajo-social-en-el-periodismo\/","url_meta":{"origin":1222,"position":4},"title":"TV CONAPE &#8211; Circuito Cerrado 145: La importancia del trabajo social en el periodismo","author":"TV CONAPE","date":"22 noviembre, 2015","format":false,"excerpt":"ESTE PROGRAMA ES CIRCUITO CERRADO TRANSMITIDO EN #TVCONAPE. EN ESTA OCASI\u00d3N PODR\u00c1S OBSERVAR UN AN\u00c1LISIS DE LAS NOTICIAS M\u00c1S SOBRESALIENTES DEL \u00c1MBITO NACIONAL, INTERNACIONAL Y LOCAL: * CONOCE INFORMACI\u00d3N IMPORTANTE SOBRE LA TERCERA CUMBRE INTERNACIONAL DE PERIODISMO QUE SE LLEVAR\u00c1 ACABO EN ECUADOR EN 2016. * OBSERVA LA ENTREVISTA QUE\u2026","rel":"","context":"En &quot;Circuito Cerrado&quot;","block_context":{"text":"Circuito Cerrado","link":"https:\/\/www.conape.org\/tvconape\/category\/circuito-cerrado\/"},"img":{"alt_text":"","src":"https:\/\/i0.wp.com\/www.conape.org\/tvconape\/wp-content\/uploads\/2015\/11\/tv-conape-circuito-cerrado-145-l.jpg?resize=350%2C200&ssl=1","width":350,"height":200,"srcset":"https:\/\/i0.wp.com\/www.conape.org\/tvconape\/wp-content\/uploads\/2015\/11\/tv-conape-circuito-cerrado-145-l.jpg?resize=350%2C200&ssl=1 1x, https:\/\/i0.wp.com\/www.conape.org\/tvconape\/wp-content\/uploads\/2015\/11\/tv-conape-circuito-cerrado-145-l.jpg?resize=525%2C300&ssl=1 1.5x, https:\/\/i0.wp.com\/www.conape.org\/tvconape\/wp-content\/uploads\/2015\/11\/tv-conape-circuito-cerrado-145-l.jpg?resize=700%2C400&ssl=1 2x, https:\/\/i0.wp.com\/www.conape.org\/tvconape\/wp-content\/uploads\/2015\/11\/tv-conape-circuito-cerrado-145-l.jpg?resize=1050%2C600&ssl=1 3x, https:\/\/i0.wp.com\/www.conape.org\/tvconape\/wp-content\/uploads\/2015\/11\/tv-conape-circuito-cerrado-145-l.jpg?resize=1400%2C800&ssl=1 4x"},"classes":[]},{"id":989,"url":"https:\/\/www.conape.org\/tvconape\/conape-visita-estudiantes-en-guatemala-tvconape-191\/","url_meta":{"origin":1222,"position":5},"title":"CONAPE visita estudiantes en Guatemala &#8211; #TVCONAPE 191","author":"TV CONAPE","date":"28 octubre, 2016","format":false,"excerpt":"En este programa de Circuito Cerrado transmitido en TV CONAPE, te contaremos sobre: * Autoridades municipales de Toluca golpean a ciudadano. * Presentaci\u00f3n del libro \"Hijos de Perra\" escrito por el Asesor Internacional de CONAPE, Rafael Loret de Mola, en el Zocalo de la Ciudad de M\u00e9xico. * Polic\u00edas que\u2026","rel":"","context":"En &quot;Circuito Cerrado&quot;","block_context":{"text":"Circuito Cerrado","link":"https:\/\/www.conape.org\/tvconape\/category\/circuito-cerrado\/"},"img":{"alt_text":"","src":"https:\/\/i0.wp.com\/www.conape.org\/tvconape\/wp-content\/uploads\/2016\/10\/conape-visita-estudiantes-en-gua.jpg?resize=350%2C200&ssl=1","width":350,"height":200,"srcset":"https:\/\/i0.wp.com\/www.conape.org\/tvconape\/wp-content\/uploads\/2016\/10\/conape-visita-estudiantes-en-gua.jpg?resize=350%2C200&ssl=1 1x, https:\/\/i0.wp.com\/www.conape.org\/tvconape\/wp-content\/uploads\/2016\/10\/conape-visita-estudiantes-en-gua.jpg?resize=525%2C300&ssl=1 1.5x, https:\/\/i0.wp.com\/www.conape.org\/tvconape\/wp-content\/uploads\/2016\/10\/conape-visita-estudiantes-en-gua.jpg?resize=700%2C400&ssl=1 2x, https:\/\/i0.wp.com\/www.conape.org\/tvconape\/wp-content\/uploads\/2016\/10\/conape-visita-estudiantes-en-gua.jpg?resize=1050%2C600&ssl=1 3x"},"classes":[]}],"_links":{"self":[{"href":"https:\/\/www.conape.org\/tvconape\/wp-json\/wp\/v2\/posts\/1222"}],"collection":[{"href":"https:\/\/www.conape.org\/tvconape\/wp-json\/wp\/v2\/posts"}],"about":[{"href":"https:\/\/www.conape.org\/tvconape\/wp-json\/wp\/v2\/types\/post"}],"author":[{"embeddable":true,"href":"https:\/\/www.conape.org\/tvconape\/wp-json\/wp\/v2\/users\/1"}],"replies":[{"embeddable":true,"href":"https:\/\/www.conape.org\/tvconape\/wp-json\/wp\/v2\/comments?post=1222"}],"version-history":[{"count":1,"href":"https:\/\/www.conape.org\/tvconape\/wp-json\/wp\/v2\/posts\/1222\/revisions"}],"predecessor-version":[{"id":1223,"href":"https:\/\/www.conape.org\/tvconape\/wp-json\/wp\/v2\/posts\/1222\/revisions\/1223"}],"wp:featuredmedia":[{"embeddable":true,"href":"https:\/\/www.conape.org\/tvconape\/wp-json\/wp\/v2\/media\/1224"}],"wp:attachment":[{"href":"https:\/\/www.conape.org\/tvconape\/wp-json\/wp\/v2\/media?parent=1222"}],"wp:term":[{"taxonomy":"category","embeddable":true,"href":"https:\/\/www.conape.org\/tvconape\/wp-json\/wp\/v2\/categories?post=1222"},{"taxonomy":"post_tag","embeddable":true,"href":"https:\/\/www.conape.org\/tvconape\/wp-json\/wp\/v2\/tags?post=1222"}],"curies":[{"name":"wp","href":"https:\/\/api.w.org\/{rel}","templated":true}]}}