{"id":1216,"date":"2017-06-09T19:38:08","date_gmt":"2017-06-10T00:38:08","guid":{"rendered":"http:\/\/www.conape.org\/tvconape\/?p=1216"},"modified":"2017-06-09T19:38:08","modified_gmt":"2017-06-10T00:38:08","slug":"vicepresidente-de-conape-en-tabasco-da-la-bienvenida-a-la-toma-de-protesta-ese-estado","status":"publish","type":"post","link":"https:\/\/www.conape.org\/tvconape\/vicepresidente-de-conape-en-tabasco-da-la-bienvenida-a-la-toma-de-protesta-ese-estado\/","title":{"rendered":"Vicepresidente de CONAPE en Tabasco da la bienvenida a la toma de protesta ese estado"},"content":{"rendered":"<p><span style=\"color: #000000;\">Nuestro Vicepresidente de CONAPE en #Tabasco, Carlos Torres\u200b expres\u00f3 un poco de las acciones que ha realizado #CONAPEInternacional y dio la bienvenida a todos los periodistas a los integrantes de Comit\u00e9 Directivo Internacional de nuestra asociaci\u00f3n en #Villahermosa.<\/span><\/p>\n<p><span class=\"embed-youtube\" style=\"text-align:center; display: block;\"><iframe loading=\"lazy\" class=\"youtube-player\" width=\"648\" height=\"365\" src=\"https:\/\/www.youtube.com\/embed\/rzDJCU04vhU?version=3&#038;rel=1&#038;showsearch=0&#038;showinfo=1&#038;iv_load_policy=1&#038;fs=1&#038;hl=es-MX&#038;autohide=2&#038;wmode=transparent\" allowfullscreen=\"true\" style=\"border:0;\" sandbox=\"allow-scripts allow-same-origin allow-popups allow-presentation allow-popups-to-escape-sandbox\"><\/iframe><\/span><\/p>\n","protected":false},"excerpt":{"rendered":"<p>Nuestro Vicepresidente de CONAPE en #Tabasco, Carlos Torres\u200b expres\u00f3 un poco de las acciones que ha realizado #CONAPEInternacional y dio la bienvenida a todos los periodistas a los integrantes de Comit\u00e9 Directivo Internacional de nuestra asociaci\u00f3n en #Villahermosa.<\/p>\n","protected":false},"author":1,"featured_media":1218,"comment_status":"open","ping_status":"open","sticky":false,"template":"","format":"standard","meta":{"_exactmetrics_skip_tracking":false,"_exactmetrics_sitenote_active":false,"_exactmetrics_sitenote_note":"","_exactmetrics_sitenote_category":0,"jetpack_post_was_ever_published":false,"_jetpack_newsletter_access":"","_jetpack_newsletter_tier_id":0,"footnotes":"","jetpack_publicize_message":"","jetpack_is_tweetstorm":false,"jetpack_publicize_feature_enabled":true,"jetpack_social_post_already_shared":true,"jetpack_social_options":{"image_generator_settings":{"template":"highway","enabled":false}}},"categories":[4],"tags":[],"jetpack_publicize_connections":[],"jetpack_featured_media_url":"https:\/\/www.conape.org\/tvconape\/wp-content\/uploads\/2017\/06\/vicepresidente-de-conape-en-taba.jpg","jetpack_sharing_enabled":true,"jetpack_shortlink":"https:\/\/wp.me\/p6jC0G-jC","jetpack-related-posts":[{"id":916,"url":"https:\/\/www.conape.org\/tvconape\/escuela-de-robotica-conape-en-tabasco-campanas-electorales-entrevistas-tv-conape-172\/","url_meta":{"origin":1216,"position":0},"title":"ESCUELA DE ROB\u00d3TICA, CONAPE EN TABASCO, CAMPA\u00d1AS ELECTORALES, ENTREVISTAS &#8211; TV CONAPE 172","author":"TV CONAPE","date":"2 junio, 2016","format":false,"excerpt":"ESTE PROGRAMA ES CIRCUITO CERRADO TRANSMITIDO EN #TVCONAPE. EN ESTA OCASI\u00d3N PODR\u00c1S OBSERVAR UN AN\u00c1LISIS DE LAS NOTICIAS M\u00c1S SOBRESALIENTES DEL \u00c1MBITO NACIONAL, INTERNACIONAL Y LOCAL: * CONOCEREMOS UNA ESCUELA DE ROB\u00d3TICA DEL ESTADO DE M\u00c9XICO QUE HA DESTACADO A NIVEL INTERNACIONAL, GANANDO VARIOS PREMIOS EN DIFERENTES PA\u00cdSES. * ENTREVISTA\u2026","rel":"","context":"En &quot;Circuito Cerrado&quot;","block_context":{"text":"Circuito Cerrado","link":"https:\/\/www.conape.org\/tvconape\/category\/circuito-cerrado\/"},"img":{"alt_text":"","src":"https:\/\/i0.wp.com\/www.conape.org\/tvconape\/wp-content\/uploads\/2016\/06\/escuela-de-robotica-conape-en-ta.jpg?resize=350%2C200&ssl=1","width":350,"height":200,"srcset":"https:\/\/i0.wp.com\/www.conape.org\/tvconape\/wp-content\/uploads\/2016\/06\/escuela-de-robotica-conape-en-ta.jpg?resize=350%2C200&ssl=1 1x, https:\/\/i0.wp.com\/www.conape.org\/tvconape\/wp-content\/uploads\/2016\/06\/escuela-de-robotica-conape-en-ta.jpg?resize=525%2C300&ssl=1 1.5x, https:\/\/i0.wp.com\/www.conape.org\/tvconape\/wp-content\/uploads\/2016\/06\/escuela-de-robotica-conape-en-ta.jpg?resize=700%2C400&ssl=1 2x, https:\/\/i0.wp.com\/www.conape.org\/tvconape\/wp-content\/uploads\/2016\/06\/escuela-de-robotica-conape-en-ta.jpg?resize=1050%2C600&ssl=1 3x, https:\/\/i0.wp.com\/www.conape.org\/tvconape\/wp-content\/uploads\/2016\/06\/escuela-de-robotica-conape-en-ta.jpg?resize=1400%2C800&ssl=1 4x"},"classes":[]},{"id":1222,"url":"https:\/\/www.conape.org\/tvconape\/la-problematica-actual-del-periodismo-en-mexico\/","url_meta":{"origin":1216,"position":1},"title":"La problem\u00e1tica actual del periodismo en M\u00e9xico","author":"TV CONAPE","date":"13 junio, 2017","format":false,"excerpt":"En el marco de la Asamblea Estatal de CONAPE en #Tabasco, el Vicepresidente de #CONAPE en el #ValleDeToluca, Javier Martinez, expresa la problem\u00e1tica actual del periodismo en M\u00e9xico y datos escalofriantes sobre asesinatos y desapariciones de los integrantes del Gremio Period\u00edstico. https:\/\/www.youtube.com\/watch?v=brnUWDQH0nY","rel":"","context":"En &quot;Circuito Cerrado&quot;","block_context":{"text":"Circuito Cerrado","link":"https:\/\/www.conape.org\/tvconape\/category\/circuito-cerrado\/"},"img":{"alt_text":"","src":"https:\/\/i0.wp.com\/www.conape.org\/tvconape\/wp-content\/uploads\/2017\/06\/la-problematica-actual-del-perio.jpg?resize=350%2C200&ssl=1","width":350,"height":200,"srcset":"https:\/\/i0.wp.com\/www.conape.org\/tvconape\/wp-content\/uploads\/2017\/06\/la-problematica-actual-del-perio.jpg?resize=350%2C200&ssl=1 1x, https:\/\/i0.wp.com\/www.conape.org\/tvconape\/wp-content\/uploads\/2017\/06\/la-problematica-actual-del-perio.jpg?resize=525%2C300&ssl=1 1.5x, https:\/\/i0.wp.com\/www.conape.org\/tvconape\/wp-content\/uploads\/2017\/06\/la-problematica-actual-del-perio.jpg?resize=700%2C400&ssl=1 2x, https:\/\/i0.wp.com\/www.conape.org\/tvconape\/wp-content\/uploads\/2017\/06\/la-problematica-actual-del-perio.jpg?resize=1050%2C600&ssl=1 3x"},"classes":[]},{"id":874,"url":"https:\/\/www.conape.org\/tvconape\/conoce-lo-que-es-el-icadep-entrevistas-y-giraustral-desde-chile-tv-conape-circuito-cerrado-161\/","url_meta":{"origin":1216,"position":2},"title":"CONOCE LO QUE ES EL ICADEP, ENTREVISTAS Y GIRAUSTRAL DESDE CHILE &#8211; TV CONAPE &#8211; Circuito Cerrado 161","author":"TV CONAPE","date":"17 marzo, 2016","format":false,"excerpt":"ESTE PROGRAMA ES CIRCUITO CERRADO TRANSMITIDO EN #TVCONAPE. EN ESTA OCASI\u00d3N PODR\u00c1S OBSERVAR UN AN\u00c1LISIS DE LAS NOTICIAS M\u00c1S SOBRESALIENTES DEL \u00c1MBITO NACIONAL, INTERNACIONAL Y LOCAL: * ENTREVISTA AL NUEVO VICEPRESIDENTE DE CONAPE EN PUEBLA, IGNACIO SARMIENTO CANSECO, DURANTE LA PRIMERA ASAMBLEA ESTATAL EN SAN MART\u00cdN TEXMELUCAN, PUEBLA. * ENTREVISTA\u2026","rel":"","context":"En &quot;Circuito Cerrado&quot;","block_context":{"text":"Circuito Cerrado","link":"https:\/\/www.conape.org\/tvconape\/category\/circuito-cerrado\/"},"img":{"alt_text":"","src":"https:\/\/i0.wp.com\/www.conape.org\/tvconape\/wp-content\/uploads\/2016\/03\/conoce-lo-que-es-el-icadep-entre.jpg?resize=350%2C200&ssl=1","width":350,"height":200,"srcset":"https:\/\/i0.wp.com\/www.conape.org\/tvconape\/wp-content\/uploads\/2016\/03\/conoce-lo-que-es-el-icadep-entre.jpg?resize=350%2C200&ssl=1 1x, https:\/\/i0.wp.com\/www.conape.org\/tvconape\/wp-content\/uploads\/2016\/03\/conoce-lo-que-es-el-icadep-entre.jpg?resize=525%2C300&ssl=1 1.5x, https:\/\/i0.wp.com\/www.conape.org\/tvconape\/wp-content\/uploads\/2016\/03\/conoce-lo-que-es-el-icadep-entre.jpg?resize=700%2C400&ssl=1 2x, https:\/\/i0.wp.com\/www.conape.org\/tvconape\/wp-content\/uploads\/2016\/03\/conoce-lo-que-es-el-icadep-entre.jpg?resize=1050%2C600&ssl=1 3x, https:\/\/i0.wp.com\/www.conape.org\/tvconape\/wp-content\/uploads\/2016\/03\/conoce-lo-que-es-el-icadep-entre.jpg?resize=1400%2C800&ssl=1 4x"},"classes":[]},{"id":913,"url":"https:\/\/www.conape.org\/tvconape\/manifestacion-en-toluca-y-asamblea-de-conape-en-tabasco-tv-conape-171\/","url_meta":{"origin":1216,"position":3},"title":"MANIFESTACI\u00d3N EN TOLUCA Y ASAMBLEA DE CONAPE EN TABASCO &#8211; TV CONAPE 171","author":"TV CONAPE","date":"26 mayo, 2016","format":false,"excerpt":"ESTE PROGRAMA ES CIRCUITO CERRADO TRANSMITIDO EN #TVCONAPE. EN ESTA OCASI\u00d3N PODR\u00c1S OBSERVAR UN AN\u00c1LISIS DE LAS NOTICIAS M\u00c1S SOBRESALIENTES DEL \u00c1MBITO NACIONAL, INTERNACIONAL Y LOCAL: * VEREMOS LO QUE SUCEDI\u00d3 EN LA ASAMBLEA ESTATAL DE CONAP EN TABASCO. * ENTREGA DE NOMBRAMIENTOS A LA NUEVA ESTRUCTURA DE CONAPE EN\u2026","rel":"","context":"En &quot;Circuito Cerrado&quot;","block_context":{"text":"Circuito Cerrado","link":"https:\/\/www.conape.org\/tvconape\/category\/circuito-cerrado\/"},"img":{"alt_text":"","src":"https:\/\/i0.wp.com\/www.conape.org\/tvconape\/wp-content\/uploads\/2016\/05\/manifestacion-en-toluca-y-asambl.jpg?resize=350%2C200&ssl=1","width":350,"height":200,"srcset":"https:\/\/i0.wp.com\/www.conape.org\/tvconape\/wp-content\/uploads\/2016\/05\/manifestacion-en-toluca-y-asambl.jpg?resize=350%2C200&ssl=1 1x, https:\/\/i0.wp.com\/www.conape.org\/tvconape\/wp-content\/uploads\/2016\/05\/manifestacion-en-toluca-y-asambl.jpg?resize=525%2C300&ssl=1 1.5x, https:\/\/i0.wp.com\/www.conape.org\/tvconape\/wp-content\/uploads\/2016\/05\/manifestacion-en-toluca-y-asambl.jpg?resize=700%2C400&ssl=1 2x, https:\/\/i0.wp.com\/www.conape.org\/tvconape\/wp-content\/uploads\/2016\/05\/manifestacion-en-toluca-y-asambl.jpg?resize=1050%2C600&ssl=1 3x"},"classes":[]},{"id":1569,"url":"https:\/\/www.conape.org\/tvconape\/radioconape-en-vivo-programa-del-12-de-febrero-de-2019\/","url_meta":{"origin":1216,"position":4},"title":"#RadioCONAPE en vivo &#8211; Programa del 12 de Febrero de 2019","author":"TV CONAPE","date":"12 febrero, 2019","format":false,"excerpt":"#Internacional:\u27a1\u00a0Joaqu\u00edn\u00a0#ElChapo\u00a0Guzm\u00e1n fue hallado culpable de los 10 cargos de narcotr\u00e1fico que enfrentaba en el llamado\u00a0#JuicioDelSiglo\u00a0en\u00a0#NuevaYork,\u00a0#EstamosUnidos.\u27a1\u00a0\u00a1Lo impensable! Liberan a 43 mexicanos esclavizados en\u00a0#Canad\u00e1 #Nacional:\u27a1\u00a0Estamos hablando de los 3 periodistas fallecidos en\u00a0#M\u00e9xico\u00a0en este 2019. \u00a1\u00a1NO QUEREMOS M\u00c1S AGRESIONES HAC\u00cdA EL GREMIO PERIOD\u00cdSTICO!!\u27a1\u00a0Nuestro Vicepresidente de Imagen Institucional,\u00a0Christian Gonz\u00e1lez Murillo, recibe un reconocimiento por\u2026","rel":"","context":"En &quot;#RadioCONAPE&quot;","block_context":{"text":"#RadioCONAPE","link":"https:\/\/www.conape.org\/tvconape\/category\/radioconape\/"},"img":{"alt_text":"","src":"https:\/\/i0.wp.com\/www.conape.org\/tvconape\/wp-content\/uploads\/2019\/02\/radioconape-en-vivo-programa-del-3.jpg?resize=350%2C200&ssl=1","width":350,"height":200,"srcset":"https:\/\/i0.wp.com\/www.conape.org\/tvconape\/wp-content\/uploads\/2019\/02\/radioconape-en-vivo-programa-del-3.jpg?resize=350%2C200&ssl=1 1x, https:\/\/i0.wp.com\/www.conape.org\/tvconape\/wp-content\/uploads\/2019\/02\/radioconape-en-vivo-programa-del-3.jpg?resize=525%2C300&ssl=1 1.5x, https:\/\/i0.wp.com\/www.conape.org\/tvconape\/wp-content\/uploads\/2019\/02\/radioconape-en-vivo-programa-del-3.jpg?resize=700%2C400&ssl=1 2x, https:\/\/i0.wp.com\/www.conape.org\/tvconape\/wp-content\/uploads\/2019\/02\/radioconape-en-vivo-programa-del-3.jpg?resize=1050%2C600&ssl=1 3x"},"classes":[]},{"id":1660,"url":"https:\/\/www.conape.org\/tvconape\/radioconape-en-vivo-programa-del-27-de-marzo-de-2019\/","url_meta":{"origin":1216,"position":5},"title":"#RadioCONAPE en vivo &#8211; Programa del 27 de Marzo de 2019","author":"TV CONAPE","date":"29 marzo, 2019","format":false,"excerpt":"#Nacional: \u27a1\u00a0Conoce lo que sucedi\u00f3 en la toma de protesta de\u00a0#CONAPE\u00a0en\u00a0#JalpaDeM\u00e9ndez, donde se sumaron m\u00e1s periodistas y escucha las palabras del nuevo Vicepresidente de\u00a0#CONAPEInternacional\u00a0en\u00a0#Tabasco,\u00a0Tito Madrigal L\u00f3pez. \u27a1\u00a0Empresarios y ciudadanos critican fuertemente las acciones del presidente\u00a0Andr\u00e9s Manuel L\u00f3pez Obrador\u00a0\u00bfSu popularidad ya esta en riesgo? #Edom\u00e9x: \u27a1\u00a0Acusan a servidora p\u00fablica de\u00a0#AlmoloyaDeJu\u00e1rez\u00a0por prepotencia\u2026","rel":"","context":"En &quot;#RadioCONAPE&quot;","block_context":{"text":"#RadioCONAPE","link":"https:\/\/www.conape.org\/tvconape\/category\/radioconape\/"},"img":{"alt_text":"","src":"https:\/\/i0.wp.com\/www.conape.org\/tvconape\/wp-content\/uploads\/2019\/03\/ni\u00f1o.jpg?resize=350%2C200&ssl=1","width":350,"height":200,"srcset":"https:\/\/i0.wp.com\/www.conape.org\/tvconape\/wp-content\/uploads\/2019\/03\/ni\u00f1o.jpg?resize=350%2C200&ssl=1 1x, https:\/\/i0.wp.com\/www.conape.org\/tvconape\/wp-content\/uploads\/2019\/03\/ni\u00f1o.jpg?resize=525%2C300&ssl=1 1.5x, https:\/\/i0.wp.com\/www.conape.org\/tvconape\/wp-content\/uploads\/2019\/03\/ni\u00f1o.jpg?resize=700%2C400&ssl=1 2x, https:\/\/i0.wp.com\/www.conape.org\/tvconape\/wp-content\/uploads\/2019\/03\/ni\u00f1o.jpg?resize=1050%2C600&ssl=1 3x, https:\/\/i0.wp.com\/www.conape.org\/tvconape\/wp-content\/uploads\/2019\/03\/ni\u00f1o.jpg?resize=1400%2C800&ssl=1 4x"},"classes":[]}],"_links":{"self":[{"href":"https:\/\/www.conape.org\/tvconape\/wp-json\/wp\/v2\/posts\/1216"}],"collection":[{"href":"https:\/\/www.conape.org\/tvconape\/wp-json\/wp\/v2\/posts"}],"about":[{"href":"https:\/\/www.conape.org\/tvconape\/wp-json\/wp\/v2\/types\/post"}],"author":[{"embeddable":true,"href":"https:\/\/www.conape.org\/tvconape\/wp-json\/wp\/v2\/users\/1"}],"replies":[{"embeddable":true,"href":"https:\/\/www.conape.org\/tvconape\/wp-json\/wp\/v2\/comments?post=1216"}],"version-history":[{"count":1,"href":"https:\/\/www.conape.org\/tvconape\/wp-json\/wp\/v2\/posts\/1216\/revisions"}],"predecessor-version":[{"id":1217,"href":"https:\/\/www.conape.org\/tvconape\/wp-json\/wp\/v2\/posts\/1216\/revisions\/1217"}],"wp:featuredmedia":[{"embeddable":true,"href":"https:\/\/www.conape.org\/tvconape\/wp-json\/wp\/v2\/media\/1218"}],"wp:attachment":[{"href":"https:\/\/www.conape.org\/tvconape\/wp-json\/wp\/v2\/media?parent=1216"}],"wp:term":[{"taxonomy":"category","embeddable":true,"href":"https:\/\/www.conape.org\/tvconape\/wp-json\/wp\/v2\/categories?post=1216"},{"taxonomy":"post_tag","embeddable":true,"href":"https:\/\/www.conape.org\/tvconape\/wp-json\/wp\/v2\/tags?post=1216"}],"curies":[{"name":"wp","href":"https:\/\/api.w.org\/{rel}","templated":true}]}}