{"id":1200,"date":"2017-05-02T09:04:38","date_gmt":"2017-05-02T14:04:38","guid":{"rendered":"http:\/\/www.conape.org\/tvconape\/?p=1200"},"modified":"2017-05-02T09:04:38","modified_gmt":"2017-05-02T14:04:38","slug":"escucha-el-canto-por-la-paz-del-mundo-desde-costa-rica-tvconape","status":"publish","type":"post","link":"https:\/\/www.conape.org\/tvconape\/escucha-el-canto-por-la-paz-del-mundo-desde-costa-rica-tvconape\/","title":{"rendered":"Escucha el canto &#8220;Por la paz del mundo&#8221; desde Costa Rica &#8211; #TVCONAPE"},"content":{"rendered":"<p>En esta edici\u00f3n de TV CONAPE escucha esta bonita canci\u00f3n titulada &#8220;Por la paz del mundo&#8221; en voz del costarricense Tulio Alberto Alfaro, todo esto y m\u00e1s&#8230;<\/p>\n<p><span class=\"embed-youtube\" style=\"text-align:center; display: block;\"><iframe loading=\"lazy\" class=\"youtube-player\" width=\"648\" height=\"365\" src=\"https:\/\/www.youtube.com\/embed\/VZOVHR0KaWc?version=3&#038;rel=1&#038;showsearch=0&#038;showinfo=1&#038;iv_load_policy=1&#038;fs=1&#038;hl=es-MX&#038;autohide=2&#038;wmode=transparent\" allowfullscreen=\"true\" style=\"border:0;\" sandbox=\"allow-scripts allow-same-origin allow-popups allow-presentation allow-popups-to-escape-sandbox\"><\/iframe><\/span><\/p>\n","protected":false},"excerpt":{"rendered":"<p>En esta edici\u00f3n de TV CONAPE escucha esta bonita canci\u00f3n titulada &#8220;Por la paz del mundo&#8221; en voz del costarricense Tulio Alberto Alfaro, todo esto y m\u00e1s&#8230;<\/p>\n","protected":false},"author":1,"featured_media":1203,"comment_status":"open","ping_status":"open","sticky":false,"template":"","format":"standard","meta":{"_exactmetrics_skip_tracking":false,"_exactmetrics_sitenote_active":false,"_exactmetrics_sitenote_note":"","_exactmetrics_sitenote_category":0,"jetpack_post_was_ever_published":false,"_jetpack_newsletter_access":"","_jetpack_newsletter_tier_id":0,"footnotes":"","jetpack_publicize_message":"","jetpack_is_tweetstorm":false,"jetpack_publicize_feature_enabled":true,"jetpack_social_post_already_shared":true,"jetpack_social_options":{"image_generator_settings":{"template":"highway","enabled":false}}},"categories":[4],"tags":[],"jetpack_publicize_connections":[],"jetpack_featured_media_url":"https:\/\/www.conape.org\/tvconape\/wp-content\/uploads\/2017\/05\/escucha-el-canto-por-la-paz-del.jpg","jetpack_sharing_enabled":true,"jetpack_shortlink":"https:\/\/wp.me\/p6jC0G-jm","jetpack-related-posts":[{"id":1533,"url":"https:\/\/www.conape.org\/tvconape\/radioconape-en-vivo-programa-del-29-de-enero-de-2019\/","url_meta":{"origin":1200,"position":0},"title":"#RadioCONAPE en vivo &#8211; Programa del 29 de Enero de 2019","author":"TV CONAPE","date":"29 enero, 2019","format":false,"excerpt":"#Internacional: \u27a1\u00a0Escucha la canci\u00f3n del cantautor colombiano\u00a0Oscar Arias, que esta dedicada a las queridas mam\u00e1s... \u27a1\u00a0Escucha una canci\u00f3n de protesta en contra de Nicol\u00e1s Maduro que nos hicieron llegar ciudadanos de\u00a0#Venezuela\u00a0en relaci\u00f3n a lo que se esta viviendo. \u00a1Queremos paz! \u27a1\u00a0Dicen en #Venezuela que\u00a0#NicolasMaduro\u00a0tiene miedo... \u27a1\u00a0Conoce un poco m\u00e1s sobre\u2026","rel":"","context":"En &quot;#RadioCONAPE&quot;","block_context":{"text":"#RadioCONAPE","link":"https:\/\/www.conape.org\/tvconape\/category\/radioconape\/"},"img":{"alt_text":"","src":"https:\/\/i0.wp.com\/www.conape.org\/tvconape\/wp-content\/uploads\/2019\/01\/radioconape-en-vivo-programa-del-12.jpg?resize=350%2C200&ssl=1","width":350,"height":200,"srcset":"https:\/\/i0.wp.com\/www.conape.org\/tvconape\/wp-content\/uploads\/2019\/01\/radioconape-en-vivo-programa-del-12.jpg?resize=350%2C200&ssl=1 1x, https:\/\/i0.wp.com\/www.conape.org\/tvconape\/wp-content\/uploads\/2019\/01\/radioconape-en-vivo-programa-del-12.jpg?resize=525%2C300&ssl=1 1.5x, https:\/\/i0.wp.com\/www.conape.org\/tvconape\/wp-content\/uploads\/2019\/01\/radioconape-en-vivo-programa-del-12.jpg?resize=700%2C400&ssl=1 2x, https:\/\/i0.wp.com\/www.conape.org\/tvconape\/wp-content\/uploads\/2019\/01\/radioconape-en-vivo-programa-del-12.jpg?resize=1050%2C600&ssl=1 3x"},"classes":[]},{"id":1692,"url":"https:\/\/www.conape.org\/tvconape\/radioconape-en-vivo-programa-del-29-de-abril-de-2019\/","url_meta":{"origin":1200,"position":1},"title":"#RadioCONAPE en vivo &#8211; Programa del 29 de Abril de 2019","author":"TV CONAPE","date":"29 abril, 2019","format":false,"excerpt":"#Internacional: \u27a1\u00a0Invitaciones a la 4ta Cumbre Internacional de Periodismo \u2013\u00a0#CONAPEPer\u00fa2019\u00a0que se llevar\u00e1 acabo en\u00a0#Lima,\u00a0#Per\u00fa.\u00a0\ud83d\uddde\ufe0f\ud83d\udcf0\ud83d\udd8a\ufe0f\ud83d\udcf8\ud83c\udfa5\ud83e\udd33 \u27a1\u00a0Escucha un poco de la ponencia \"Los reto del periodismo regional en\u00a0#M\u00e9xico\" de nuestro Delegado\u00a0Hugo Santiago S\u00e1nchez. \u27a1\u00a0Los co\u00e1gulos sangu\u00edneos pueden ser muy peligrosos, escucha estos s\u00edntomas y verifica que no los padezcas. #Nacional: \u27a1\u00a0\u201c18 a\u00f1os\u2026","rel":"","context":"En &quot;#RadioCONAPE&quot;","block_context":{"text":"#RadioCONAPE","link":"https:\/\/www.conape.org\/tvconape\/category\/radioconape\/"},"img":{"alt_text":"","src":"https:\/\/i0.wp.com\/www.conape.org\/tvconape\/wp-content\/uploads\/2019\/04\/RadioCONAPE-en-vivo-Programa-del-29-de-Abril-de-2019.jpg?resize=350%2C200&ssl=1","width":350,"height":200,"srcset":"https:\/\/i0.wp.com\/www.conape.org\/tvconape\/wp-content\/uploads\/2019\/04\/RadioCONAPE-en-vivo-Programa-del-29-de-Abril-de-2019.jpg?resize=350%2C200&ssl=1 1x, https:\/\/i0.wp.com\/www.conape.org\/tvconape\/wp-content\/uploads\/2019\/04\/RadioCONAPE-en-vivo-Programa-del-29-de-Abril-de-2019.jpg?resize=525%2C300&ssl=1 1.5x, https:\/\/i0.wp.com\/www.conape.org\/tvconape\/wp-content\/uploads\/2019\/04\/RadioCONAPE-en-vivo-Programa-del-29-de-Abril-de-2019.jpg?resize=700%2C400&ssl=1 2x, https:\/\/i0.wp.com\/www.conape.org\/tvconape\/wp-content\/uploads\/2019\/04\/RadioCONAPE-en-vivo-Programa-del-29-de-Abril-de-2019.jpg?resize=1050%2C600&ssl=1 3x"},"classes":[]},{"id":806,"url":"https:\/\/www.conape.org\/tvconape\/tv-conape-circuito-cerrado-147-como-acabar-con-la-delincuencia\/","url_meta":{"origin":1200,"position":2},"title":"TV CONAPE &#8211; Circuito Cerrado 147: \u00bfC\u00f3mo acabar con la delincuencia?","author":"TV CONAPE","date":"4 diciembre, 2015","format":false,"excerpt":"ESTE PROGRAMA ES CIRCUITO CERRADO TRANSMITIDO EN #TVCONAPE. EN ESTA OCASI\u00d3N PODR\u00c1S OBSERVAR UN AN\u00c1LISIS DE LAS NOTICIAS M\u00c1S SOBRESALIENTES DEL \u00c1MBITO NACIONAL, INTERNACIONAL Y LOCAL: * OBSERVA LA OPINI\u00d3N DE RAFAEL LORET DE MOLA DEESTA SEMANA. * ENTREVISTA CON EL VICEPRESIDENTE DE CONAPE EN HIDALGO, SERGIO IBARRA. * ENTREVISTA\u2026","rel":"","context":"En &quot;Circuito Cerrado&quot;","block_context":{"text":"Circuito Cerrado","link":"https:\/\/www.conape.org\/tvconape\/category\/circuito-cerrado\/"},"img":{"alt_text":"","src":"https:\/\/i0.wp.com\/www.conape.org\/tvconape\/wp-content\/uploads\/2015\/12\/tv-conape-circuito-cerrado-147-c.jpg?resize=350%2C200&ssl=1","width":350,"height":200,"srcset":"https:\/\/i0.wp.com\/www.conape.org\/tvconape\/wp-content\/uploads\/2015\/12\/tv-conape-circuito-cerrado-147-c.jpg?resize=350%2C200&ssl=1 1x, https:\/\/i0.wp.com\/www.conape.org\/tvconape\/wp-content\/uploads\/2015\/12\/tv-conape-circuito-cerrado-147-c.jpg?resize=525%2C300&ssl=1 1.5x, https:\/\/i0.wp.com\/www.conape.org\/tvconape\/wp-content\/uploads\/2015\/12\/tv-conape-circuito-cerrado-147-c.jpg?resize=700%2C400&ssl=1 2x, https:\/\/i0.wp.com\/www.conape.org\/tvconape\/wp-content\/uploads\/2015\/12\/tv-conape-circuito-cerrado-147-c.jpg?resize=1050%2C600&ssl=1 3x, https:\/\/i0.wp.com\/www.conape.org\/tvconape\/wp-content\/uploads\/2015\/12\/tv-conape-circuito-cerrado-147-c.jpg?resize=1400%2C800&ssl=1 4x"},"classes":[]},{"id":1638,"url":"https:\/\/www.conape.org\/tvconape\/radioconape-en-vivo-programa-del-12-de-marzo-de-2019\/","url_meta":{"origin":1200,"position":3},"title":"#RadioCONAPE en vivo &#8211; Programa del 12 de Marzo de 2019","author":"TV CONAPE","date":"12 marzo, 2019","format":false,"excerpt":"#Internacional: \u27a1\u00a0#Colombia\u00a0no permiti\u00f3 el ingreso de familiares de Nicol\u00e1s Maduro a su pa\u00eds. #Nacional: \u27a1\u00a0Invitaci\u00f3n al Foro: El impacto de las Asociaciones Civiles en el\u00a0Senado de la Rep\u00fablica. \u27a1\u00a0Escucha un reportaje muy interesante desde Lazaro Cardenas,\u00a0#Guerrero. \u27a1\u00a0#Tijuana\u00a0es considerada la ciudad m\u00e1s peligrosa del mundo, descubre cu\u00e1les son las otras ciudades\u2026","rel":"","context":"En &quot;#RadioCONAPE&quot;","block_context":{"text":"#RadioCONAPE","link":"https:\/\/www.conape.org\/tvconape\/category\/radioconape\/"},"img":{"alt_text":"","src":"","width":0,"height":0},"classes":[]},{"id":1578,"url":"https:\/\/www.conape.org\/tvconape\/radioconape-en-vivo-programa-del-14-de-febrero-de-2019\/","url_meta":{"origin":1200,"position":4},"title":"#RadioCONAPE en vivo &#8211; Programa del 14 de Febrero de 2019","author":"TV CONAPE","date":"14 febrero, 2019","format":false,"excerpt":"#Internacional: \u27a1\u00a0Con toda la actitud en este\u00a0#14deFebrero\u00a0conmemorando el\u00a0#DiaDelAmorYlaAmistad\u00a0\ud83d\udc98\ud83d\udc8c\ud83d\udc95 \u27a1\u00a0Un perrito se convirti\u00f3 en h\u00e9roe al despertar a su due\u00f1o que se encontraba en coma. \u27a1\u00a0Nuestra asociaci\u00f3n\u00a0#CONAPE\u00a0entrega el nombramiento como Vicepresidente en\u00a0#Argentina\u00a0a\u00a0Alejandro D'Alessandro #Nacional: \u27a1\u00a0Renuncian funcionarios de\u00a0Conacyt\u00a0tras pol\u00e9mica por nombramientos... \u27a1\u00a0Ana Gabriela Guevara\u00a0gana m\u00e1s que\u00a0Andr\u00e9s Manuel L\u00f3pez Obradory s\u00f3lo tiene la\u2026","rel":"","context":"En &quot;#RadioCONAPE&quot;","block_context":{"text":"#RadioCONAPE","link":"https:\/\/www.conape.org\/tvconape\/category\/radioconape\/"},"img":{"alt_text":"","src":"","width":0,"height":0},"classes":[]},{"id":1660,"url":"https:\/\/www.conape.org\/tvconape\/radioconape-en-vivo-programa-del-27-de-marzo-de-2019\/","url_meta":{"origin":1200,"position":5},"title":"#RadioCONAPE en vivo &#8211; Programa del 27 de Marzo de 2019","author":"TV CONAPE","date":"29 marzo, 2019","format":false,"excerpt":"#Nacional: \u27a1\u00a0Conoce lo que sucedi\u00f3 en la toma de protesta de\u00a0#CONAPE\u00a0en\u00a0#JalpaDeM\u00e9ndez, donde se sumaron m\u00e1s periodistas y escucha las palabras del nuevo Vicepresidente de\u00a0#CONAPEInternacional\u00a0en\u00a0#Tabasco,\u00a0Tito Madrigal L\u00f3pez. \u27a1\u00a0Empresarios y ciudadanos critican fuertemente las acciones del presidente\u00a0Andr\u00e9s Manuel L\u00f3pez Obrador\u00a0\u00bfSu popularidad ya esta en riesgo? #Edom\u00e9x: \u27a1\u00a0Acusan a servidora p\u00fablica de\u00a0#AlmoloyaDeJu\u00e1rez\u00a0por prepotencia\u2026","rel":"","context":"En &quot;#RadioCONAPE&quot;","block_context":{"text":"#RadioCONAPE","link":"https:\/\/www.conape.org\/tvconape\/category\/radioconape\/"},"img":{"alt_text":"","src":"https:\/\/i0.wp.com\/www.conape.org\/tvconape\/wp-content\/uploads\/2019\/03\/ni\u00f1o.jpg?resize=350%2C200&ssl=1","width":350,"height":200,"srcset":"https:\/\/i0.wp.com\/www.conape.org\/tvconape\/wp-content\/uploads\/2019\/03\/ni\u00f1o.jpg?resize=350%2C200&ssl=1 1x, https:\/\/i0.wp.com\/www.conape.org\/tvconape\/wp-content\/uploads\/2019\/03\/ni\u00f1o.jpg?resize=525%2C300&ssl=1 1.5x, https:\/\/i0.wp.com\/www.conape.org\/tvconape\/wp-content\/uploads\/2019\/03\/ni\u00f1o.jpg?resize=700%2C400&ssl=1 2x, https:\/\/i0.wp.com\/www.conape.org\/tvconape\/wp-content\/uploads\/2019\/03\/ni\u00f1o.jpg?resize=1050%2C600&ssl=1 3x, https:\/\/i0.wp.com\/www.conape.org\/tvconape\/wp-content\/uploads\/2019\/03\/ni\u00f1o.jpg?resize=1400%2C800&ssl=1 4x"},"classes":[]}],"_links":{"self":[{"href":"https:\/\/www.conape.org\/tvconape\/wp-json\/wp\/v2\/posts\/1200"}],"collection":[{"href":"https:\/\/www.conape.org\/tvconape\/wp-json\/wp\/v2\/posts"}],"about":[{"href":"https:\/\/www.conape.org\/tvconape\/wp-json\/wp\/v2\/types\/post"}],"author":[{"embeddable":true,"href":"https:\/\/www.conape.org\/tvconape\/wp-json\/wp\/v2\/users\/1"}],"replies":[{"embeddable":true,"href":"https:\/\/www.conape.org\/tvconape\/wp-json\/wp\/v2\/comments?post=1200"}],"version-history":[{"count":1,"href":"https:\/\/www.conape.org\/tvconape\/wp-json\/wp\/v2\/posts\/1200\/revisions"}],"predecessor-version":[{"id":1202,"href":"https:\/\/www.conape.org\/tvconape\/wp-json\/wp\/v2\/posts\/1200\/revisions\/1202"}],"wp:featuredmedia":[{"embeddable":true,"href":"https:\/\/www.conape.org\/tvconape\/wp-json\/wp\/v2\/media\/1203"}],"wp:attachment":[{"href":"https:\/\/www.conape.org\/tvconape\/wp-json\/wp\/v2\/media?parent=1200"}],"wp:term":[{"taxonomy":"category","embeddable":true,"href":"https:\/\/www.conape.org\/tvconape\/wp-json\/wp\/v2\/categories?post=1200"},{"taxonomy":"post_tag","embeddable":true,"href":"https:\/\/www.conape.org\/tvconape\/wp-json\/wp\/v2\/tags?post=1200"}],"curies":[{"name":"wp","href":"https:\/\/api.w.org\/{rel}","templated":true}]}}