{"id":1079,"date":"2017-01-18T11:12:49","date_gmt":"2017-01-18T17:12:49","guid":{"rendered":"http:\/\/www.conape.org\/tvconape\/?p=1079"},"modified":"2017-01-18T11:12:49","modified_gmt":"2017-01-18T17:12:49","slug":"entrevista-y-musica-en-vivo-con-el-dueto-alas-blancas-tvconape","status":"publish","type":"post","link":"https:\/\/www.conape.org\/tvconape\/entrevista-y-musica-en-vivo-con-el-dueto-alas-blancas-tvconape\/","title":{"rendered":"Entrevista y m\u00fasica en vivo con el Dueto Alas Blancas &#8211; #TVCONAPE"},"content":{"rendered":"<p>En esta entrevista especial conocer\u00e1s m\u00e1s sobre el Dueto Alas Blancas que nos deleita con su m\u00fasica totalmente en vivo, Teresa y Cristina Cordero son las integrantes de este dueto con una voz muy especial, te invitamos a que lo disfrutes.<\/p>\n<p><span class=\"embed-youtube\" style=\"text-align:center; display: block;\"><iframe loading=\"lazy\" class=\"youtube-player\" width=\"648\" height=\"365\" src=\"https:\/\/www.youtube.com\/embed\/bmnEbXAlUMc?version=3&#038;rel=1&#038;showsearch=0&#038;showinfo=1&#038;iv_load_policy=1&#038;fs=1&#038;hl=es-MX&#038;autohide=2&#038;wmode=transparent\" allowfullscreen=\"true\" style=\"border:0;\" sandbox=\"allow-scripts allow-same-origin allow-popups allow-presentation allow-popups-to-escape-sandbox\"><\/iframe><\/span><\/p>\n","protected":false},"excerpt":{"rendered":"<p>En esta entrevista especial conocer\u00e1s m\u00e1s sobre el Dueto Alas Blancas que nos deleita con su m\u00fasica totalmente en vivo, Teresa y Cristina Cordero son las integrantes de este dueto con una voz muy especial, te invitamos a que lo disfrutes.<\/p>\n","protected":false},"author":1,"featured_media":1081,"comment_status":"open","ping_status":"open","sticky":false,"template":"","format":"standard","meta":{"_exactmetrics_skip_tracking":false,"_exactmetrics_sitenote_active":false,"_exactmetrics_sitenote_note":"","_exactmetrics_sitenote_category":0,"jetpack_post_was_ever_published":false,"_jetpack_newsletter_access":"","_jetpack_newsletter_tier_id":0,"footnotes":"","jetpack_publicize_message":"","jetpack_is_tweetstorm":false,"jetpack_publicize_feature_enabled":true,"jetpack_social_post_already_shared":true,"jetpack_social_options":{"image_generator_settings":{"template":"highway","enabled":false}}},"categories":[4],"tags":[],"jetpack_publicize_connections":[],"jetpack_featured_media_url":"https:\/\/www.conape.org\/tvconape\/wp-content\/uploads\/2017\/01\/entrevista-y-musica-en-vivo-con.jpg","jetpack_sharing_enabled":true,"jetpack_shortlink":"https:\/\/wp.me\/p6jC0G-hp","jetpack-related-posts":[{"id":1426,"url":"https:\/\/www.conape.org\/tvconape\/radioconape-en-vivo-programa-del-7-de-noviembre-de-2018\/","url_meta":{"origin":1079,"position":0},"title":"#RadioCONAPE en vivo &#8211; Programa del 7 de noviembre de 2018","author":"TV CONAPE","date":"7 noviembre, 2018","format":false,"excerpt":"#Internacional: \u27a1\u00a0#EstadosUnidos\u00a0se juega su futuro en elecciones intermedias, los Dem\u00f3cratas dominan con mayor\u00eda la C\u00e1mara Baja y los Republicanos se mantienen a firmes en el\u00a0#Senado. \u27a1\u00a0\u00bfPor qu\u00e9\u00a0#Singapur\u00a0es un lugar seguro? Una ciudadana lo explica\u00a0#video\u00a0\ud83d\udcf9. \u27a1\u00a0Adem\u00e1s de ser una bebida refrescante, la\u00a0#CocaCola\u00a0tiene m\u00faltiples usos \u00bfya los conoces? \u27a1\u00a0Nuestros amigos del dueto\u00a0Jose\u2026","rel":"","context":"En &quot;#RadioCONAPE&quot;","block_context":{"text":"#RadioCONAPE","link":"https:\/\/www.conape.org\/tvconape\/category\/radioconape\/"},"img":{"alt_text":"","src":"https:\/\/i0.wp.com\/www.conape.org\/tvconape\/wp-content\/uploads\/2018\/11\/radioconape-en-vivo-programa-del-2.jpg?resize=350%2C200&ssl=1","width":350,"height":200,"srcset":"https:\/\/i0.wp.com\/www.conape.org\/tvconape\/wp-content\/uploads\/2018\/11\/radioconape-en-vivo-programa-del-2.jpg?resize=350%2C200&ssl=1 1x, https:\/\/i0.wp.com\/www.conape.org\/tvconape\/wp-content\/uploads\/2018\/11\/radioconape-en-vivo-programa-del-2.jpg?resize=525%2C300&ssl=1 1.5x, https:\/\/i0.wp.com\/www.conape.org\/tvconape\/wp-content\/uploads\/2018\/11\/radioconape-en-vivo-programa-del-2.jpg?resize=700%2C400&ssl=1 2x, https:\/\/i0.wp.com\/www.conape.org\/tvconape\/wp-content\/uploads\/2018\/11\/radioconape-en-vivo-programa-del-2.jpg?resize=1050%2C600&ssl=1 3x"},"classes":[]},{"id":1324,"url":"https:\/\/www.conape.org\/tvconape\/radioconape-en-vivo-entrevista-con-el-cantautor-omar-galvan-de-almoloya-de-juarez-edomex\/","url_meta":{"origin":1079,"position":1},"title":"#RadioCONAPE en vivo &#8211; Entrevista con el Cantautor Omar Galv\u00e1n de Almoloya De Ju\u00e1rez, Edom\u00e9x","author":"TV CONAPE","date":"18 septiembre, 2018","format":false,"excerpt":"\u27a1\u00a0Estamos hablando con Omar Galv\u00e1n Flores, cantautor y artista de la\u00a0#pirotecnia, un talento originario de San Mateo Tlalchichilpan,\u00a0#AlmoloyaDeJu\u00e1rez,\u00a0#Edom\u00e9x. \u27a1\u00a0Escuchamos el \"Corrido de San Mateo, Tlalchichilpan\", una composici\u00f3n de Omar Galv\u00e1n Flores, cantautor originario de #AlmoloyaDeJu\u00e1rez. \u27a1\u00a0Nuestro invitado nos explica lo complicado que ha sido cumplir su sue\u00f1o de\u00a0componer y llevarle\u2026","rel":"","context":"En &quot;#RadioCONAPE&quot;","block_context":{"text":"#RadioCONAPE","link":"https:\/\/www.conape.org\/tvconape\/category\/radioconape\/"},"img":{"alt_text":"","src":"https:\/\/i0.wp.com\/www.conape.org\/tvconape\/wp-content\/uploads\/2018\/09\/RadioCONAPE-en-vivo-Entrevista-con-el-Cantautor-Omar-Galv\u00e1n-de-Almoloya-De-Ju\u00e1rez-Edom\u00e9x.jpg?resize=350%2C200&ssl=1","width":350,"height":200,"srcset":"https:\/\/i0.wp.com\/www.conape.org\/tvconape\/wp-content\/uploads\/2018\/09\/RadioCONAPE-en-vivo-Entrevista-con-el-Cantautor-Omar-Galv\u00e1n-de-Almoloya-De-Ju\u00e1rez-Edom\u00e9x.jpg?resize=350%2C200&ssl=1 1x, https:\/\/i0.wp.com\/www.conape.org\/tvconape\/wp-content\/uploads\/2018\/09\/RadioCONAPE-en-vivo-Entrevista-con-el-Cantautor-Omar-Galv\u00e1n-de-Almoloya-De-Ju\u00e1rez-Edom\u00e9x.jpg?resize=525%2C300&ssl=1 1.5x, https:\/\/i0.wp.com\/www.conape.org\/tvconape\/wp-content\/uploads\/2018\/09\/RadioCONAPE-en-vivo-Entrevista-con-el-Cantautor-Omar-Galv\u00e1n-de-Almoloya-De-Ju\u00e1rez-Edom\u00e9x.jpg?resize=700%2C400&ssl=1 2x, https:\/\/i0.wp.com\/www.conape.org\/tvconape\/wp-content\/uploads\/2018\/09\/RadioCONAPE-en-vivo-Entrevista-con-el-Cantautor-Omar-Galv\u00e1n-de-Almoloya-De-Ju\u00e1rez-Edom\u00e9x.jpg?resize=1050%2C600&ssl=1 3x, https:\/\/i0.wp.com\/www.conape.org\/tvconape\/wp-content\/uploads\/2018\/09\/RadioCONAPE-en-vivo-Entrevista-con-el-Cantautor-Omar-Galv\u00e1n-de-Almoloya-De-Ju\u00e1rez-Edom\u00e9x.jpg?resize=1400%2C800&ssl=1 4x"},"classes":[]},{"id":1462,"url":"https:\/\/www.conape.org\/tvconape\/radioconape-en-vivo-entrevista-con-el-campeon-de-natacion-en-la-olimpiada-nacional-adrian-jesus-carrazana\/","url_meta":{"origin":1079,"position":2},"title":"#RadioCONAPE en vivo &#8211; Entrevista con el campe\u00f3n de Nataci\u00f3n en la Olimpiada Nacional, Adri\u00e1n Jes\u00fas Carrazana","author":"TV CONAPE","date":"3 diciembre, 2018","format":false,"excerpt":"Entrevista con el campe\u00f3n de Nataci\u00f3n en la Olimpiada Nacional, Adri\u00e1n Jes\u00fas Carrazana Medina, acompa\u00f1ado de su entrenador, Jos\u00e9 Adri\u00e1n Carrazana L\u00f3pez \u27a1\u00a0Estamos en entrevista con el Campe\u00f3n Nacional de Nataci\u00f3n, Adri\u00e1n Jes\u00fas Carrazana y su entrenador Jos\u00e9 Adri\u00e1n Carrazana, nos cuentan sus experiencias en la disciplina\u00a0\ud83c\udfca.\u00a0 \u27a1\u00a0Nos explica el\u2026","rel":"","context":"En &quot;#RadioCONAPE&quot;","block_context":{"text":"#RadioCONAPE","link":"https:\/\/www.conape.org\/tvconape\/category\/radioconape\/"},"img":{"alt_text":"","src":"https:\/\/i0.wp.com\/www.conape.org\/tvconape\/wp-content\/uploads\/2018\/12\/radioconape-en-vivo-entrevista-c.jpg?resize=350%2C200&ssl=1","width":350,"height":200,"srcset":"https:\/\/i0.wp.com\/www.conape.org\/tvconape\/wp-content\/uploads\/2018\/12\/radioconape-en-vivo-entrevista-c.jpg?resize=350%2C200&ssl=1 1x, https:\/\/i0.wp.com\/www.conape.org\/tvconape\/wp-content\/uploads\/2018\/12\/radioconape-en-vivo-entrevista-c.jpg?resize=525%2C300&ssl=1 1.5x, https:\/\/i0.wp.com\/www.conape.org\/tvconape\/wp-content\/uploads\/2018\/12\/radioconape-en-vivo-entrevista-c.jpg?resize=700%2C400&ssl=1 2x, https:\/\/i0.wp.com\/www.conape.org\/tvconape\/wp-content\/uploads\/2018\/12\/radioconape-en-vivo-entrevista-c.jpg?resize=1050%2C600&ssl=1 3x"},"classes":[]},{"id":1417,"url":"https:\/\/www.conape.org\/tvconape\/radioconape-en-vivo-entrevista-con-el-diputado-luis-antonio-guadarrama\/","url_meta":{"origin":1079,"position":3},"title":"#RadioCONAPE en vivo &#8211; Entrevista con el Diputado Luis Antonio Guadarrama","author":"TV CONAPE","date":"1 noviembre, 2018","format":false,"excerpt":"Este\u00a0#jueves\u00a0nos acompa\u00f1\u00f3 en\u00a0#RadioCONAPE\u00a0el Diputado Local por el Distrito 45 del\u00a0#Edom\u00e9x\u00a0(#AlmoloyaDeJu\u00e1rez,\u00a0#Otzolotepec\u00a0y\u00a0#Temoaya)\u00a0Luis Antonio Guadarrama #CONAPEInternacional\u00a0#CONAPE","rel":"","context":"En &quot;#RadioCONAPE&quot;","block_context":{"text":"#RadioCONAPE","link":"https:\/\/www.conape.org\/tvconape\/category\/radioconape\/"},"img":{"alt_text":"","src":"https:\/\/i0.wp.com\/www.conape.org\/tvconape\/wp-content\/uploads\/2018\/11\/radioconape-en-vivo-entrevista-c.jpg?resize=350%2C200&ssl=1","width":350,"height":200,"srcset":"https:\/\/i0.wp.com\/www.conape.org\/tvconape\/wp-content\/uploads\/2018\/11\/radioconape-en-vivo-entrevista-c.jpg?resize=350%2C200&ssl=1 1x, https:\/\/i0.wp.com\/www.conape.org\/tvconape\/wp-content\/uploads\/2018\/11\/radioconape-en-vivo-entrevista-c.jpg?resize=525%2C300&ssl=1 1.5x, https:\/\/i0.wp.com\/www.conape.org\/tvconape\/wp-content\/uploads\/2018\/11\/radioconape-en-vivo-entrevista-c.jpg?resize=700%2C400&ssl=1 2x, https:\/\/i0.wp.com\/www.conape.org\/tvconape\/wp-content\/uploads\/2018\/11\/radioconape-en-vivo-entrevista-c.jpg?resize=1050%2C600&ssl=1 3x"},"classes":[]},{"id":1779,"url":"https:\/\/www.conape.org\/tvconape\/radioconape-en-vivo-entrevista-con-el-secretario-general-y-coordinador-de-la-fraccion-parlamentaria-del-partido-verde-estado-de-mexico-pvem-pepe-couttolenc\/","url_meta":{"origin":1079,"position":4},"title":"#RadioCONAPE en vivo &#8211; Entrevista con el Secretario General y Coordinador de la Fracci\u00f3n Parlamentaria del Partido Verde Estado de M\u00e9xico (#PVEM), Pepe Couttolenc","author":"TV CONAPE","date":"31 agosto, 2019","format":false,"excerpt":"","rel":"","context":"En &quot;#RadioCONAPE&quot;","block_context":{"text":"#RadioCONAPE","link":"https:\/\/www.conape.org\/tvconape\/category\/radioconape\/"},"img":{"alt_text":"","src":"","width":0,"height":0},"classes":[]},{"id":1612,"url":"https:\/\/www.conape.org\/tvconape\/radioconape-en-vivo-entrevista-con-la-regidora-suplente-de-almoloya-de-juarez-reyna-amelia-medina\/","url_meta":{"origin":1079,"position":5},"title":"#RadioCONAPE en vivo &#8211; Entrevista con la Regidora Suplente de Almoloya de Ju\u00e1rez, Reyna Amelia Medina","author":"TV CONAPE","date":"28 febrero, 2019","format":false,"excerpt":"#RadioCONAPE\u00a0en vivo - Entrevista con la Regidora suplente de\u00a0#AlmoloyaDeJu\u00e1rez, Reyna Amelia Medina, con Noemi Gonz\u00e1lez, l\u00edder del fraccionamiento\u00a0#ColinasDelSol\u00a0y el\u00a0#COPACI\u00a0Leoncio Mondrag\u00f3n.","rel":"","context":"En &quot;#RadioCONAPE&quot;","block_context":{"text":"#RadioCONAPE","link":"https:\/\/www.conape.org\/tvconape\/category\/radioconape\/"},"img":{"alt_text":"","src":"","width":0,"height":0},"classes":[]}],"_links":{"self":[{"href":"https:\/\/www.conape.org\/tvconape\/wp-json\/wp\/v2\/posts\/1079"}],"collection":[{"href":"https:\/\/www.conape.org\/tvconape\/wp-json\/wp\/v2\/posts"}],"about":[{"href":"https:\/\/www.conape.org\/tvconape\/wp-json\/wp\/v2\/types\/post"}],"author":[{"embeddable":true,"href":"https:\/\/www.conape.org\/tvconape\/wp-json\/wp\/v2\/users\/1"}],"replies":[{"embeddable":true,"href":"https:\/\/www.conape.org\/tvconape\/wp-json\/wp\/v2\/comments?post=1079"}],"version-history":[{"count":1,"href":"https:\/\/www.conape.org\/tvconape\/wp-json\/wp\/v2\/posts\/1079\/revisions"}],"predecessor-version":[{"id":1080,"href":"https:\/\/www.conape.org\/tvconape\/wp-json\/wp\/v2\/posts\/1079\/revisions\/1080"}],"wp:featuredmedia":[{"embeddable":true,"href":"https:\/\/www.conape.org\/tvconape\/wp-json\/wp\/v2\/media\/1081"}],"wp:attachment":[{"href":"https:\/\/www.conape.org\/tvconape\/wp-json\/wp\/v2\/media?parent=1079"}],"wp:term":[{"taxonomy":"category","embeddable":true,"href":"https:\/\/www.conape.org\/tvconape\/wp-json\/wp\/v2\/categories?post=1079"},{"taxonomy":"post_tag","embeddable":true,"href":"https:\/\/www.conape.org\/tvconape\/wp-json\/wp\/v2\/tags?post=1079"}],"curies":[{"name":"wp","href":"https:\/\/api.w.org\/{rel}","templated":true}]}}