{"id":1076,"date":"2017-01-16T10:20:16","date_gmt":"2017-01-16T16:20:16","guid":{"rendered":"http:\/\/www.conape.org\/tvconape\/?p=1076"},"modified":"2017-01-16T10:20:16","modified_gmt":"2017-01-16T16:20:16","slug":"entrevista-con-el-ganador-de-la-presea-al-merito-periodistico-en-michoacan-tvconape","status":"publish","type":"post","link":"https:\/\/www.conape.org\/tvconape\/entrevista-con-el-ganador-de-la-presea-al-merito-periodistico-en-michoacan-tvconape\/","title":{"rendered":"Entrevista con el Ganador de la Presea al M\u00e9rito Period\u00edstico en Michoac\u00e1n &#8211; #TVCONAPE"},"content":{"rendered":"<p>En esta edici\u00f3n de TV CONAPE, podr\u00e1s conocer a Sergio Ortega Solorio, ganador de la Presea al M\u00e9rito Period\u00edstico en Michoac\u00e1n 2016, con m\u00e1s de 50 a\u00f1os de experiencia ejerciendo el periodismo, tambi\u00e9n, escucha el mensaje de fin de a\u00f1o del Presidente Internacional de CONAPE, Ra\u00fal Gonz\u00e1lez Nova.<\/p>\n<p><span class=\"embed-youtube\" style=\"text-align:center; display: block;\"><iframe loading=\"lazy\" class=\"youtube-player\" width=\"648\" height=\"365\" src=\"https:\/\/www.youtube.com\/embed\/GLr-cPQy4Kk?version=3&#038;rel=1&#038;showsearch=0&#038;showinfo=1&#038;iv_load_policy=1&#038;fs=1&#038;hl=es-MX&#038;autohide=2&#038;wmode=transparent\" allowfullscreen=\"true\" style=\"border:0;\" sandbox=\"allow-scripts allow-same-origin allow-popups allow-presentation allow-popups-to-escape-sandbox\"><\/iframe><\/span><\/p>\n","protected":false},"excerpt":{"rendered":"<p>En esta edici\u00f3n de TV CONAPE, podr\u00e1s conocer a Sergio Ortega Solorio, ganador de la Presea al M\u00e9rito Period\u00edstico en Michoac\u00e1n 2016, con m\u00e1s de 50 a\u00f1os de experiencia ejerciendo el periodismo, tambi\u00e9n, escucha el mensaje de fin de a\u00f1o del Presidente Internacional de CONAPE, Ra\u00fal Gonz\u00e1lez Nova.<\/p>\n","protected":false},"author":1,"featured_media":1078,"comment_status":"open","ping_status":"open","sticky":false,"template":"","format":"standard","meta":{"_exactmetrics_skip_tracking":false,"_exactmetrics_sitenote_active":false,"_exactmetrics_sitenote_note":"","_exactmetrics_sitenote_category":0,"jetpack_post_was_ever_published":false,"_jetpack_newsletter_access":"","_jetpack_newsletter_tier_id":0,"footnotes":"","jetpack_publicize_message":"","jetpack_is_tweetstorm":false,"jetpack_publicize_feature_enabled":true,"jetpack_social_post_already_shared":true,"jetpack_social_options":{"image_generator_settings":{"template":"highway","enabled":false}}},"categories":[4],"tags":[],"jetpack_publicize_connections":[],"jetpack_featured_media_url":"https:\/\/www.conape.org\/tvconape\/wp-content\/uploads\/2017\/01\/entrevista-con-el-ganador-de-la.jpg","jetpack_sharing_enabled":true,"jetpack_shortlink":"https:\/\/wp.me\/p6jC0G-hm","jetpack-related-posts":[{"id":1226,"url":"https:\/\/www.conape.org\/tvconape\/el-gremio-periodistico-tendra-fuerza-cuando-este-unido-raul-gonzalez\/","url_meta":{"origin":1076,"position":0},"title":"El gremio period\u00edstico tendr\u00e1 fuerza cuando este unido, Ra\u00fal Gonz\u00e1lez","author":"TV CONAPE","date":"26 junio, 2017","format":false,"excerpt":"Durante la Toma de Protesta de la estructura que conformar\u00e1 la Vicepresidencia de CONAPE en Chiapas - Zona Sur, el Presidente Internacional de CONAPE, Ra\u00fal Gonz\u00e1lez Nova expres\u00f3 durante su discurso lo importante de crear una ley en favor de los periodistas adem\u00e1s de fomentar la uni\u00f3n en el gremio\u2026","rel":"","context":"En &quot;Eventos&quot;","block_context":{"text":"Eventos","link":"https:\/\/www.conape.org\/tvconape\/category\/eventos\/"},"img":{"alt_text":"","src":"https:\/\/i0.wp.com\/www.conape.org\/tvconape\/wp-content\/uploads\/2017\/06\/el-gremio-periodistico-tendra-fu.jpg?resize=350%2C200&ssl=1","width":350,"height":200,"srcset":"https:\/\/i0.wp.com\/www.conape.org\/tvconape\/wp-content\/uploads\/2017\/06\/el-gremio-periodistico-tendra-fu.jpg?resize=350%2C200&ssl=1 1x, https:\/\/i0.wp.com\/www.conape.org\/tvconape\/wp-content\/uploads\/2017\/06\/el-gremio-periodistico-tendra-fu.jpg?resize=525%2C300&ssl=1 1.5x, https:\/\/i0.wp.com\/www.conape.org\/tvconape\/wp-content\/uploads\/2017\/06\/el-gremio-periodistico-tendra-fu.jpg?resize=700%2C400&ssl=1 2x, https:\/\/i0.wp.com\/www.conape.org\/tvconape\/wp-content\/uploads\/2017\/06\/el-gremio-periodistico-tendra-fu.jpg?resize=1050%2C600&ssl=1 3x"},"classes":[]},{"id":227,"url":"https:\/\/www.conape.org\/tvconape\/tv-conape-circuito-cerrado-70-problema-de-michoacan-y-entrevista-con-rafael-loret-de-mola\/","url_meta":{"origin":1076,"position":1},"title":"TV CONAPE &#8211; Circuito Cerrado 70: PROBLEMA DE MICHOAC\u00c1N Y ENTREVISTA CON RAFAEL LORET DE MOLA","author":"TV CONAPE","date":"5 junio, 2015","format":false,"excerpt":"","rel":"","context":"En &quot;Circuito Cerrado&quot;","block_context":{"text":"Circuito Cerrado","link":"https:\/\/www.conape.org\/tvconape\/category\/circuito-cerrado\/"},"img":{"alt_text":"","src":"https:\/\/i0.wp.com\/www.conape.org\/tvconape\/wp-content\/uploads\/2015\/07\/tv-conape-circuito-cerrado-70-pr.jpg?resize=350%2C200&ssl=1","width":350,"height":200,"srcset":"https:\/\/i0.wp.com\/www.conape.org\/tvconape\/wp-content\/uploads\/2015\/07\/tv-conape-circuito-cerrado-70-pr.jpg?resize=350%2C200&ssl=1 1x, https:\/\/i0.wp.com\/www.conape.org\/tvconape\/wp-content\/uploads\/2015\/07\/tv-conape-circuito-cerrado-70-pr.jpg?resize=525%2C300&ssl=1 1.5x, https:\/\/i0.wp.com\/www.conape.org\/tvconape\/wp-content\/uploads\/2015\/07\/tv-conape-circuito-cerrado-70-pr.jpg?resize=700%2C400&ssl=1 2x, https:\/\/i0.wp.com\/www.conape.org\/tvconape\/wp-content\/uploads\/2015\/07\/tv-conape-circuito-cerrado-70-pr.jpg?resize=1050%2C600&ssl=1 3x, https:\/\/i0.wp.com\/www.conape.org\/tvconape\/wp-content\/uploads\/2015\/07\/tv-conape-circuito-cerrado-70-pr.jpg?resize=1400%2C800&ssl=1 4x"},"classes":[]},{"id":410,"url":"https:\/\/www.conape.org\/tvconape\/tv-conape-circuito-cerrado-124-conape-trabajando-por-la-union-del-gremio-periodistico\/","url_meta":{"origin":1076,"position":2},"title":"TV CONAPE &#8211; Circuito Cerrado 124: CONAPE TRABAJANDO POR LA UNI\u00d3N DEL GREMIO PERIOD\u00cdSTICO","author":"TV CONAPE","date":"8 junio, 2015","format":false,"excerpt":"","rel":"","context":"En &quot;Circuito Cerrado&quot;","block_context":{"text":"Circuito Cerrado","link":"https:\/\/www.conape.org\/tvconape\/category\/circuito-cerrado\/"},"img":{"alt_text":"","src":"https:\/\/i0.wp.com\/www.conape.org\/tvconape\/wp-content\/uploads\/2015\/07\/tv-conape-circuito-cerrado-124-c.jpg?resize=350%2C200&ssl=1","width":350,"height":200,"srcset":"https:\/\/i0.wp.com\/www.conape.org\/tvconape\/wp-content\/uploads\/2015\/07\/tv-conape-circuito-cerrado-124-c.jpg?resize=350%2C200&ssl=1 1x, https:\/\/i0.wp.com\/www.conape.org\/tvconape\/wp-content\/uploads\/2015\/07\/tv-conape-circuito-cerrado-124-c.jpg?resize=525%2C300&ssl=1 1.5x, https:\/\/i0.wp.com\/www.conape.org\/tvconape\/wp-content\/uploads\/2015\/07\/tv-conape-circuito-cerrado-124-c.jpg?resize=700%2C400&ssl=1 2x, https:\/\/i0.wp.com\/www.conape.org\/tvconape\/wp-content\/uploads\/2015\/07\/tv-conape-circuito-cerrado-124-c.jpg?resize=1050%2C600&ssl=1 3x, https:\/\/i0.wp.com\/www.conape.org\/tvconape\/wp-content\/uploads\/2015\/07\/tv-conape-circuito-cerrado-124-c.jpg?resize=1400%2C800&ssl=1 4x"},"classes":[]},{"id":1317,"url":"https:\/\/www.conape.org\/tvconape\/el-principe-de-camerun-dr-jean-louis-bingna%e2%80%8b-brinda-consejo-a-los-periodistas-tvconape\/","url_meta":{"origin":1076,"position":3},"title":"El Pr\u00edncipe de Camer\u00fan, Dr. Jean Louis Bingna\u200b brinda consejo a los periodistas &#8211; #TVCONAPE","author":"TV CONAPE","date":"9 febrero, 2018","format":false,"excerpt":"En esta edici\u00f3n de #TVCONAPE, contamos con la presencia del Dr. Jean Louis Bingna, Pr\u00edncipe del reino Bamoun en Camer\u00fan, quien ahora forma parte de la familia #CONAPEInternacional, ya que es el Embajador de #CONAPE en #\u00c1frica; nos habla de por qu\u00e9 tuvo que salir de su pa\u00eds y la\u2026","rel":"","context":"En &quot;Circuito Cerrado&quot;","block_context":{"text":"Circuito Cerrado","link":"https:\/\/www.conape.org\/tvconape\/category\/circuito-cerrado\/"},"img":{"alt_text":"","src":"https:\/\/i0.wp.com\/www.conape.org\/tvconape\/wp-content\/uploads\/2018\/02\/el-principe-de-camerun-dr-jean-l.jpg?resize=350%2C200&ssl=1","width":350,"height":200,"srcset":"https:\/\/i0.wp.com\/www.conape.org\/tvconape\/wp-content\/uploads\/2018\/02\/el-principe-de-camerun-dr-jean-l.jpg?resize=350%2C200&ssl=1 1x, https:\/\/i0.wp.com\/www.conape.org\/tvconape\/wp-content\/uploads\/2018\/02\/el-principe-de-camerun-dr-jean-l.jpg?resize=525%2C300&ssl=1 1.5x, https:\/\/i0.wp.com\/www.conape.org\/tvconape\/wp-content\/uploads\/2018\/02\/el-principe-de-camerun-dr-jean-l.jpg?resize=700%2C400&ssl=1 2x, https:\/\/i0.wp.com\/www.conape.org\/tvconape\/wp-content\/uploads\/2018\/02\/el-principe-de-camerun-dr-jean-l.jpg?resize=1050%2C600&ssl=1 3x"},"classes":[]},{"id":1230,"url":"https:\/\/www.conape.org\/tvconape\/la-gran-familia-conape-sigue-creciendo-y-fortaleciendose\/","url_meta":{"origin":1076,"position":4},"title":"La gran familia CONAPE sigue creciendo y fortaleci\u00e9ndose","author":"TV CONAPE","date":"26 junio, 2017","format":false,"excerpt":"Durante la Toma de Protesta de la estructura que conformar\u00e1 la Vicepresidencia de CONAPE en Chiapas - Zona Sur, el Vicepresidente Internacional de CONAPE, Alfredo Hern\u00e1ndez Alvarado, expres\u00f3 la importancia de la uni\u00f3n en el gremio period\u00edstico y destaco que el trabajo en equipo ha sido lo que ha hecho\u2026","rel":"","context":"En &quot;Eventos&quot;","block_context":{"text":"Eventos","link":"https:\/\/www.conape.org\/tvconape\/category\/eventos\/"},"img":{"alt_text":"","src":"https:\/\/i0.wp.com\/www.conape.org\/tvconape\/wp-content\/uploads\/2017\/06\/la-gran-familia-conape-sigue-cre.jpg?resize=350%2C200&ssl=1","width":350,"height":200,"srcset":"https:\/\/i0.wp.com\/www.conape.org\/tvconape\/wp-content\/uploads\/2017\/06\/la-gran-familia-conape-sigue-cre.jpg?resize=350%2C200&ssl=1 1x, https:\/\/i0.wp.com\/www.conape.org\/tvconape\/wp-content\/uploads\/2017\/06\/la-gran-familia-conape-sigue-cre.jpg?resize=525%2C300&ssl=1 1.5x, https:\/\/i0.wp.com\/www.conape.org\/tvconape\/wp-content\/uploads\/2017\/06\/la-gran-familia-conape-sigue-cre.jpg?resize=700%2C400&ssl=1 2x, https:\/\/i0.wp.com\/www.conape.org\/tvconape\/wp-content\/uploads\/2017\/06\/la-gran-familia-conape-sigue-cre.jpg?resize=1050%2C600&ssl=1 3x"},"classes":[]},{"id":888,"url":"https:\/\/www.conape.org\/tvconape\/2da-asamblea-estatal-de-conape-en-colima-tv-conape-165\/","url_meta":{"origin":1076,"position":5},"title":"2da Asamblea Estatal de CONAPE en Colima &#8211; TV CONAPE 165","author":"TV CONAPE","date":"14 abril, 2016","format":false,"excerpt":"ESTE PROGRAMA ES CIRCUITO CERRADO TRANSMITIDO EN #TVCONAPE. EN ESTA OCASI\u00d3N PODR\u00c1S OBSERVAR UN AN\u00c1LISIS DE LAS NOTICIAS M\u00c1S SOBRESALIENTES DEL \u00c1MBITO NACIONAL, INTERNACIONAL Y LOCAL: * PALABRAS DEL PRESIDENTE JUR\u00cdDICO INTERNACIONAL DE CONAPE, JOS\u00c9 DE JES\u00daS NAVEJA MACIAS EN SU VISITA AL PRESIDENTE MUNICIPAL DE CUERNAVACA, CUAUHT\u00c9MOC BLANCO. *\u2026","rel":"","context":"En &quot;Circuito Cerrado&quot;","block_context":{"text":"Circuito Cerrado","link":"https:\/\/www.conape.org\/tvconape\/category\/circuito-cerrado\/"},"img":{"alt_text":"","src":"https:\/\/i0.wp.com\/www.conape.org\/tvconape\/wp-content\/uploads\/2016\/04\/2da-asamblea-estatal-de-conape-e.jpg?resize=350%2C200&ssl=1","width":350,"height":200,"srcset":"https:\/\/i0.wp.com\/www.conape.org\/tvconape\/wp-content\/uploads\/2016\/04\/2da-asamblea-estatal-de-conape-e.jpg?resize=350%2C200&ssl=1 1x, https:\/\/i0.wp.com\/www.conape.org\/tvconape\/wp-content\/uploads\/2016\/04\/2da-asamblea-estatal-de-conape-e.jpg?resize=525%2C300&ssl=1 1.5x, https:\/\/i0.wp.com\/www.conape.org\/tvconape\/wp-content\/uploads\/2016\/04\/2da-asamblea-estatal-de-conape-e.jpg?resize=700%2C400&ssl=1 2x, https:\/\/i0.wp.com\/www.conape.org\/tvconape\/wp-content\/uploads\/2016\/04\/2da-asamblea-estatal-de-conape-e.jpg?resize=1050%2C600&ssl=1 3x"},"classes":[]}],"_links":{"self":[{"href":"https:\/\/www.conape.org\/tvconape\/wp-json\/wp\/v2\/posts\/1076"}],"collection":[{"href":"https:\/\/www.conape.org\/tvconape\/wp-json\/wp\/v2\/posts"}],"about":[{"href":"https:\/\/www.conape.org\/tvconape\/wp-json\/wp\/v2\/types\/post"}],"author":[{"embeddable":true,"href":"https:\/\/www.conape.org\/tvconape\/wp-json\/wp\/v2\/users\/1"}],"replies":[{"embeddable":true,"href":"https:\/\/www.conape.org\/tvconape\/wp-json\/wp\/v2\/comments?post=1076"}],"version-history":[{"count":1,"href":"https:\/\/www.conape.org\/tvconape\/wp-json\/wp\/v2\/posts\/1076\/revisions"}],"predecessor-version":[{"id":1077,"href":"https:\/\/www.conape.org\/tvconape\/wp-json\/wp\/v2\/posts\/1076\/revisions\/1077"}],"wp:featuredmedia":[{"embeddable":true,"href":"https:\/\/www.conape.org\/tvconape\/wp-json\/wp\/v2\/media\/1078"}],"wp:attachment":[{"href":"https:\/\/www.conape.org\/tvconape\/wp-json\/wp\/v2\/media?parent=1076"}],"wp:term":[{"taxonomy":"category","embeddable":true,"href":"https:\/\/www.conape.org\/tvconape\/wp-json\/wp\/v2\/categories?post=1076"},{"taxonomy":"post_tag","embeddable":true,"href":"https:\/\/www.conape.org\/tvconape\/wp-json\/wp\/v2\/tags?post=1076"}],"curies":[{"name":"wp","href":"https:\/\/api.w.org\/{rel}","templated":true}]}}