{"id":1070,"date":"2017-01-10T21:45:47","date_gmt":"2017-01-11T03:45:47","guid":{"rendered":"http:\/\/www.conape.org\/tvconape\/?p=1070"},"modified":"2017-01-10T21:45:47","modified_gmt":"2017-01-11T03:45:47","slug":"entrevista-con-el-vicepresidente-de-conape-en-guanajuato-durante-la-cumbreconape2016-tvconape","status":"publish","type":"post","link":"https:\/\/www.conape.org\/tvconape\/entrevista-con-el-vicepresidente-de-conape-en-guanajuato-durante-la-cumbreconape2016-tvconape\/","title":{"rendered":"Entrevista con el Vicepresidente de CONAPE en Guanajuato durante la #CumbreCONAPE2016 &#8211; #TVCONAPE"},"content":{"rendered":"<p>En esta edici\u00f3n de TV CONAPE podr\u00e1s ver la entrevista con el Vicepresidente de CONAPE en Guanajuato, M\u00e9xico, Fernando Duran Lara, previo a la Tercera Cumbre Internacional de Periodismo 2016 que se llevo a cabo en Valle de Bravo, Estado de M\u00e9xico, adem\u00e1s ver\u00e1s unos trucos de magia, comentarios, risas y m\u00e1s&#8230;<\/p>\n<p><span class=\"embed-youtube\" style=\"text-align:center; display: block;\"><iframe loading=\"lazy\" class=\"youtube-player\" width=\"648\" height=\"365\" src=\"https:\/\/www.youtube.com\/embed\/16SYfwJMlxI?version=3&#038;rel=1&#038;showsearch=0&#038;showinfo=1&#038;iv_load_policy=1&#038;fs=1&#038;hl=es-MX&#038;autohide=2&#038;wmode=transparent\" allowfullscreen=\"true\" style=\"border:0;\" sandbox=\"allow-scripts allow-same-origin allow-popups allow-presentation allow-popups-to-escape-sandbox\"><\/iframe><\/span><\/p>\n","protected":false},"excerpt":{"rendered":"<p>En esta edici\u00f3n de TV CONAPE podr\u00e1s ver la entrevista con el Vicepresidente de CONAPE en Guanajuato, M\u00e9xico, Fernando Duran Lara, previo a la Tercera Cumbre Internacional de Periodismo 2016 que se llevo a cabo en Valle de Bravo, Estado de M\u00e9xico, adem\u00e1s ver\u00e1s unos trucos de magia, comentarios, risas y m\u00e1s&#8230;<\/p>\n","protected":false},"author":1,"featured_media":1072,"comment_status":"open","ping_status":"open","sticky":false,"template":"","format":"standard","meta":{"_exactmetrics_skip_tracking":false,"_exactmetrics_sitenote_active":false,"_exactmetrics_sitenote_note":"","_exactmetrics_sitenote_category":0,"jetpack_post_was_ever_published":false,"_jetpack_newsletter_access":"","_jetpack_newsletter_tier_id":0,"footnotes":"","jetpack_publicize_message":"","jetpack_is_tweetstorm":false,"jetpack_publicize_feature_enabled":true,"jetpack_social_post_already_shared":true,"jetpack_social_options":{"image_generator_settings":{"template":"highway","enabled":false}}},"categories":[4],"tags":[],"jetpack_publicize_connections":[],"jetpack_featured_media_url":"https:\/\/www.conape.org\/tvconape\/wp-content\/uploads\/2017\/01\/entrevista-con-el-vicepresidente.jpg","jetpack_sharing_enabled":true,"jetpack_shortlink":"https:\/\/wp.me\/p6jC0G-hg","jetpack-related-posts":[{"id":835,"url":"https:\/\/www.conape.org\/tvconape\/tv-conape-circuito-cerrado-153-entrevista-con-quiropractico-trio-tepemajalco-y-mas\/","url_meta":{"origin":1070,"position":0},"title":"TV CONAPE &#8211; Circuito Cerrado 153: ENTREVISTA CON QUIROPR\u00c1CTICO, TRIO TEPEMAJALCO Y M\u00c1S&#8230;","author":"TV CONAPE","date":"21 enero, 2016","format":false,"excerpt":"ESTE PROGRAMA ES CIRCUITO CERRADO TRANSMITIDO EN #TVCONAPE. EN ESTA OCASI\u00d3N PODR\u00c1S OBSERVAR UN AN\u00c1LISIS DE LAS NOTICIAS M\u00c1S SOBRESALIENTES DEL \u00c1MBITO NACIONAL, INTERNACIONAL Y LOCAL: * TERCER PROGRAMA DEL 2016. * ENTREVISTA DESDE GUERRERO REALIZADA POR NUESTRO VICEPRESIDENTE EN ESE ESTADO, SERVANDO MART\u00cdNEZ PINZ\u00d3N. * ENTREVISTA CON EL TRIO\u2026","rel":"","context":"En &quot;Circuito Cerrado&quot;","block_context":{"text":"Circuito Cerrado","link":"https:\/\/www.conape.org\/tvconape\/category\/circuito-cerrado\/"},"img":{"alt_text":"","src":"https:\/\/i0.wp.com\/www.conape.org\/tvconape\/wp-content\/uploads\/2016\/01\/tv-conape-circuito-cerrado-153-e.jpg?resize=350%2C200&ssl=1","width":350,"height":200,"srcset":"https:\/\/i0.wp.com\/www.conape.org\/tvconape\/wp-content\/uploads\/2016\/01\/tv-conape-circuito-cerrado-153-e.jpg?resize=350%2C200&ssl=1 1x, https:\/\/i0.wp.com\/www.conape.org\/tvconape\/wp-content\/uploads\/2016\/01\/tv-conape-circuito-cerrado-153-e.jpg?resize=525%2C300&ssl=1 1.5x, https:\/\/i0.wp.com\/www.conape.org\/tvconape\/wp-content\/uploads\/2016\/01\/tv-conape-circuito-cerrado-153-e.jpg?resize=700%2C400&ssl=1 2x, https:\/\/i0.wp.com\/www.conape.org\/tvconape\/wp-content\/uploads\/2016\/01\/tv-conape-circuito-cerrado-153-e.jpg?resize=1050%2C600&ssl=1 3x"},"classes":[]},{"id":861,"url":"https:\/\/www.conape.org\/tvconape\/falta-de-servicios-e-inseguridad-en-almoloya-de-juarez-tv-conape-circuito-cerrado-158\/","url_meta":{"origin":1070,"position":1},"title":"FALTA DE SERVICIOS E INSEGURIDAD EN ALMOLOYA DE JU\u00c1REZ &#8211; TV CONAPE &#8211; Circuito Cerrado 158","author":"TV CONAPE","date":"26 febrero, 2016","format":false,"excerpt":"ESTE PROGRAMA ES CIRCUITO CERRADO TRANSMITIDO EN #TVCONAPE. EN ESTA OCASI\u00d3N PODR\u00c1S OBSERVAR UN AN\u00c1LISIS DE LAS NOTICIAS M\u00c1S SOBRESALIENTES DEL \u00c1MBITO NACIONAL, INTERNACIONAL Y LOCAL: * OCTAVO PROGRAMA DEL 2016. * ENTREVISTA CON NUESTRA VICEPRESIDENTA DEL DEPORTE DE CONAPE EN M\u00c9XICO, TERE SOL\u00cdS. * ENTREVISTA CON EL VICEPRESIDENTE DE\u2026","rel":"","context":"En &quot;Circuito Cerrado&quot;","block_context":{"text":"Circuito Cerrado","link":"https:\/\/www.conape.org\/tvconape\/category\/circuito-cerrado\/"},"img":{"alt_text":"","src":"https:\/\/i0.wp.com\/www.conape.org\/tvconape\/wp-content\/uploads\/2016\/02\/falta-de-servicios-e-inseguridad.jpg?resize=350%2C200&ssl=1","width":350,"height":200,"srcset":"https:\/\/i0.wp.com\/www.conape.org\/tvconape\/wp-content\/uploads\/2016\/02\/falta-de-servicios-e-inseguridad.jpg?resize=350%2C200&ssl=1 1x, https:\/\/i0.wp.com\/www.conape.org\/tvconape\/wp-content\/uploads\/2016\/02\/falta-de-servicios-e-inseguridad.jpg?resize=525%2C300&ssl=1 1.5x, https:\/\/i0.wp.com\/www.conape.org\/tvconape\/wp-content\/uploads\/2016\/02\/falta-de-servicios-e-inseguridad.jpg?resize=700%2C400&ssl=1 2x, https:\/\/i0.wp.com\/www.conape.org\/tvconape\/wp-content\/uploads\/2016\/02\/falta-de-servicios-e-inseguridad.jpg?resize=1050%2C600&ssl=1 3x, https:\/\/i0.wp.com\/www.conape.org\/tvconape\/wp-content\/uploads\/2016\/02\/falta-de-servicios-e-inseguridad.jpg?resize=1400%2C800&ssl=1 4x"},"classes":[]},{"id":856,"url":"https:\/\/www.conape.org\/tvconape\/criticas-de-la-visita-del-papa-francisco-a-mexico-tv-conape-circuito-cerrado-157\/","url_meta":{"origin":1070,"position":2},"title":"CR\u00cdTICAS DE LA VISITA DEL PAPA FRANCISCO A M\u00c9XICO &#8211; TV CONAPE &#8211; Circuito Cerrado 157","author":"TV CONAPE","date":"18 febrero, 2016","format":false,"excerpt":"ESTE PROGRAMA ES CIRCUITO CERRADO TRANSMITIDO EN #TVCONAPE. EN ESTA OCASI\u00d3N PODR\u00c1S OBSERVAR UN AN\u00c1LISIS DE LAS NOTICIAS M\u00c1S SOBRESALIENTES DEL \u00c1MBITO NACIONAL, INTERNACIONAL Y LOCAL: * S\u00c9PTIMO PROGRAMA DEL 2016. * OPINIONES, CR\u00cdTICAS Y COMENTARIOS DE LA VISITA DEL PAPA FRANCISCO A M\u00c9XICO. * CONOCE LOS QUE ESTA SUCEDIENDO\u2026","rel":"","context":"En &quot;Circuito Cerrado&quot;","block_context":{"text":"Circuito Cerrado","link":"https:\/\/www.conape.org\/tvconape\/category\/circuito-cerrado\/"},"img":{"alt_text":"","src":"https:\/\/i0.wp.com\/www.conape.org\/tvconape\/wp-content\/uploads\/2016\/02\/criticas-de-la-visita-del-papa-f.jpg?resize=350%2C200&ssl=1","width":350,"height":200},"classes":[]},{"id":874,"url":"https:\/\/www.conape.org\/tvconape\/conoce-lo-que-es-el-icadep-entrevistas-y-giraustral-desde-chile-tv-conape-circuito-cerrado-161\/","url_meta":{"origin":1070,"position":3},"title":"CONOCE LO QUE ES EL ICADEP, ENTREVISTAS Y GIRAUSTRAL DESDE CHILE &#8211; TV CONAPE &#8211; Circuito Cerrado 161","author":"TV CONAPE","date":"17 marzo, 2016","format":false,"excerpt":"ESTE PROGRAMA ES CIRCUITO CERRADO TRANSMITIDO EN #TVCONAPE. EN ESTA OCASI\u00d3N PODR\u00c1S OBSERVAR UN AN\u00c1LISIS DE LAS NOTICIAS M\u00c1S SOBRESALIENTES DEL \u00c1MBITO NACIONAL, INTERNACIONAL Y LOCAL: * ENTREVISTA AL NUEVO VICEPRESIDENTE DE CONAPE EN PUEBLA, IGNACIO SARMIENTO CANSECO, DURANTE LA PRIMERA ASAMBLEA ESTATAL EN SAN MART\u00cdN TEXMELUCAN, PUEBLA. * ENTREVISTA\u2026","rel":"","context":"En &quot;Circuito Cerrado&quot;","block_context":{"text":"Circuito Cerrado","link":"https:\/\/www.conape.org\/tvconape\/category\/circuito-cerrado\/"},"img":{"alt_text":"","src":"https:\/\/i0.wp.com\/www.conape.org\/tvconape\/wp-content\/uploads\/2016\/03\/conoce-lo-que-es-el-icadep-entre.jpg?resize=350%2C200&ssl=1","width":350,"height":200,"srcset":"https:\/\/i0.wp.com\/www.conape.org\/tvconape\/wp-content\/uploads\/2016\/03\/conoce-lo-que-es-el-icadep-entre.jpg?resize=350%2C200&ssl=1 1x, https:\/\/i0.wp.com\/www.conape.org\/tvconape\/wp-content\/uploads\/2016\/03\/conoce-lo-que-es-el-icadep-entre.jpg?resize=525%2C300&ssl=1 1.5x, https:\/\/i0.wp.com\/www.conape.org\/tvconape\/wp-content\/uploads\/2016\/03\/conoce-lo-que-es-el-icadep-entre.jpg?resize=700%2C400&ssl=1 2x, https:\/\/i0.wp.com\/www.conape.org\/tvconape\/wp-content\/uploads\/2016\/03\/conoce-lo-que-es-el-icadep-entre.jpg?resize=1050%2C600&ssl=1 3x, https:\/\/i0.wp.com\/www.conape.org\/tvconape\/wp-content\/uploads\/2016\/03\/conoce-lo-que-es-el-icadep-entre.jpg?resize=1400%2C800&ssl=1 4x"},"classes":[]},{"id":992,"url":"https:\/\/www.conape.org\/tvconape\/conape-en-chile-carrera-steel-race-entrevista-con-hector-manuel-y-mas-tvconape-191\/","url_meta":{"origin":1070,"position":4},"title":"CONAPE en Chile, carrera Steel Race, entrevista con H\u00e9ctor Manuel y m\u00e1s &#8211; #TVCONAPE 192","author":"TV CONAPE","date":"4 noviembre, 2016","format":false,"excerpt":"En este programa de Circuito Cerrado transmitido en TV CONAPE, te contaremos sobre: * Conoce lo que sucedi\u00f3 en el 1er Congreso Internacional Cultural y Ecol\u00f3gico en Vi\u00f1a del Mar, Chile. * Alfredo Hern\u00e1ndez represent\u00f3 a CONAPE en Chile. * Conoce los incre\u00edbles clavados que se realizan en la \"La\u2026","rel":"","context":"En &quot;Circuito Cerrado&quot;","block_context":{"text":"Circuito Cerrado","link":"https:\/\/www.conape.org\/tvconape\/category\/circuito-cerrado\/"},"img":{"alt_text":"","src":"https:\/\/i0.wp.com\/www.conape.org\/tvconape\/wp-content\/uploads\/2016\/11\/conape-en-chile-carrera-steel-ra.jpg?resize=350%2C200&ssl=1","width":350,"height":200,"srcset":"https:\/\/i0.wp.com\/www.conape.org\/tvconape\/wp-content\/uploads\/2016\/11\/conape-en-chile-carrera-steel-ra.jpg?resize=350%2C200&ssl=1 1x, https:\/\/i0.wp.com\/www.conape.org\/tvconape\/wp-content\/uploads\/2016\/11\/conape-en-chile-carrera-steel-ra.jpg?resize=525%2C300&ssl=1 1.5x, https:\/\/i0.wp.com\/www.conape.org\/tvconape\/wp-content\/uploads\/2016\/11\/conape-en-chile-carrera-steel-ra.jpg?resize=700%2C400&ssl=1 2x, https:\/\/i0.wp.com\/www.conape.org\/tvconape\/wp-content\/uploads\/2016\/11\/conape-en-chile-carrera-steel-ra.jpg?resize=1050%2C600&ssl=1 3x"},"classes":[]},{"id":945,"url":"https:\/\/www.conape.org\/tvconape\/mexicanos-que-logran-el-sueno-americano-tvconape-179\/","url_meta":{"origin":1070,"position":5},"title":"Mexicanos que logran el sue\u00f1o americano &#8211; #TVCONAPE 179","author":"TV CONAPE","date":"28 julio, 2016","format":false,"excerpt":"En este programa de Circuito Cerrado transmitido en TV CONAPE, podr\u00e1s ver un an\u00e1lisis de las noticias mas sobresalientes del \u00e1mbito internacional, nacional y local: * Tenemos un resumen de las noticias m\u00e1s destacadas del estado de Jalisco. * Hablamos sobre la inundaci\u00f3n en el Municipio de Zinacantepec, Estado de\u2026","rel":"","context":"En &quot;Circuito Cerrado&quot;","block_context":{"text":"Circuito Cerrado","link":"https:\/\/www.conape.org\/tvconape\/category\/circuito-cerrado\/"},"img":{"alt_text":"","src":"https:\/\/i0.wp.com\/www.conape.org\/tvconape\/wp-content\/uploads\/2016\/07\/mexicanos-que-logran-el-sueno-am.jpg?resize=350%2C200&ssl=1","width":350,"height":200,"srcset":"https:\/\/i0.wp.com\/www.conape.org\/tvconape\/wp-content\/uploads\/2016\/07\/mexicanos-que-logran-el-sueno-am.jpg?resize=350%2C200&ssl=1 1x, https:\/\/i0.wp.com\/www.conape.org\/tvconape\/wp-content\/uploads\/2016\/07\/mexicanos-que-logran-el-sueno-am.jpg?resize=525%2C300&ssl=1 1.5x, https:\/\/i0.wp.com\/www.conape.org\/tvconape\/wp-content\/uploads\/2016\/07\/mexicanos-que-logran-el-sueno-am.jpg?resize=700%2C400&ssl=1 2x, https:\/\/i0.wp.com\/www.conape.org\/tvconape\/wp-content\/uploads\/2016\/07\/mexicanos-que-logran-el-sueno-am.jpg?resize=1050%2C600&ssl=1 3x, https:\/\/i0.wp.com\/www.conape.org\/tvconape\/wp-content\/uploads\/2016\/07\/mexicanos-que-logran-el-sueno-am.jpg?resize=1400%2C800&ssl=1 4x"},"classes":[]}],"_links":{"self":[{"href":"https:\/\/www.conape.org\/tvconape\/wp-json\/wp\/v2\/posts\/1070"}],"collection":[{"href":"https:\/\/www.conape.org\/tvconape\/wp-json\/wp\/v2\/posts"}],"about":[{"href":"https:\/\/www.conape.org\/tvconape\/wp-json\/wp\/v2\/types\/post"}],"author":[{"embeddable":true,"href":"https:\/\/www.conape.org\/tvconape\/wp-json\/wp\/v2\/users\/1"}],"replies":[{"embeddable":true,"href":"https:\/\/www.conape.org\/tvconape\/wp-json\/wp\/v2\/comments?post=1070"}],"version-history":[{"count":1,"href":"https:\/\/www.conape.org\/tvconape\/wp-json\/wp\/v2\/posts\/1070\/revisions"}],"predecessor-version":[{"id":1071,"href":"https:\/\/www.conape.org\/tvconape\/wp-json\/wp\/v2\/posts\/1070\/revisions\/1071"}],"wp:featuredmedia":[{"embeddable":true,"href":"https:\/\/www.conape.org\/tvconape\/wp-json\/wp\/v2\/media\/1072"}],"wp:attachment":[{"href":"https:\/\/www.conape.org\/tvconape\/wp-json\/wp\/v2\/media?parent=1070"}],"wp:term":[{"taxonomy":"category","embeddable":true,"href":"https:\/\/www.conape.org\/tvconape\/wp-json\/wp\/v2\/categories?post=1070"},{"taxonomy":"post_tag","embeddable":true,"href":"https:\/\/www.conape.org\/tvconape\/wp-json\/wp\/v2\/tags?post=1070"}],"curies":[{"name":"wp","href":"https:\/\/api.w.org\/{rel}","templated":true}]}}