{"id":1056,"date":"2017-01-03T14:13:42","date_gmt":"2017-01-03T20:13:42","guid":{"rendered":"http:\/\/www.conape.org\/tvconape\/?p=1056"},"modified":"2017-01-03T14:13:42","modified_gmt":"2017-01-03T20:13:42","slug":"conape-denuncia-maltrato-a-periodistas-internacionales-en-aeropuertos-tvconape","status":"publish","type":"post","link":"https:\/\/www.conape.org\/tvconape\/conape-denuncia-maltrato-a-periodistas-internacionales-en-aeropuertos-tvconape\/","title":{"rendered":"CONAPE denuncia maltrato a periodistas internacionales en aeropuertos &#8211; #TVCONAPE"},"content":{"rendered":"<p>*En este programa de TV CONAPE podr\u00e1s ver el maltrato, complicaciones e injusticias por las que pasaron compa\u00f1eros periodistas internacionales que viajaban rumbo a la #CumbreCONAPE2016, la Tercera Cumbre Internacional de Periodismo que se llev\u00f3 a cabo en Valle de Bravo, M\u00e9xico.<\/p>\n<p>*Muchos periodistas no estuvieron presentes por las complicaciones que se presentaron al ingresar a M\u00e9xico.<\/p>\n<p>*Escucha las palabras de Rafael Loret de Mola y Ra\u00fal Gonz\u00e1lez Nova.<\/p>\n<p><span class=\"embed-youtube\" style=\"text-align:center; display: block;\"><iframe loading=\"lazy\" class=\"youtube-player\" width=\"648\" height=\"365\" src=\"https:\/\/www.youtube.com\/embed\/gMHqNvabSKo?version=3&#038;rel=1&#038;showsearch=0&#038;showinfo=1&#038;iv_load_policy=1&#038;fs=1&#038;hl=es-MX&#038;autohide=2&#038;start=2&#038;wmode=transparent\" allowfullscreen=\"true\" style=\"border:0;\" sandbox=\"allow-scripts allow-same-origin allow-popups allow-presentation allow-popups-to-escape-sandbox\"><\/iframe><\/span><\/p>\n","protected":false},"excerpt":{"rendered":"<p>*En este programa de TV CONAPE podr\u00e1s ver el maltrato, complicaciones e injusticias por las que pasaron compa\u00f1eros periodistas internacionales que viajaban rumbo a la #CumbreCONAPE2016, la Tercera Cumbre Internacional de Periodismo que se llev\u00f3 a cabo en Valle de Bravo, M\u00e9xico. *Muchos periodistas no estuvieron presentes por las complicaciones que se presentaron al ingresar [&hellip;]<\/p>\n","protected":false},"author":1,"featured_media":1059,"comment_status":"open","ping_status":"open","sticky":false,"template":"","format":"standard","meta":{"_exactmetrics_skip_tracking":false,"_exactmetrics_sitenote_active":false,"_exactmetrics_sitenote_note":"","_exactmetrics_sitenote_category":0,"jetpack_post_was_ever_published":false,"_jetpack_newsletter_access":"","_jetpack_newsletter_tier_id":0,"footnotes":"","jetpack_publicize_message":"","jetpack_is_tweetstorm":false,"jetpack_publicize_feature_enabled":true,"jetpack_social_post_already_shared":true,"jetpack_social_options":{"image_generator_settings":{"template":"highway","enabled":false}}},"categories":[4],"tags":[],"jetpack_publicize_connections":[],"jetpack_featured_media_url":"https:\/\/www.conape.org\/tvconape\/wp-content\/uploads\/2017\/01\/conape-denuncia-maltrato-a-perio.jpg","jetpack_sharing_enabled":true,"jetpack_shortlink":"https:\/\/wp.me\/p6jC0G-h2","jetpack-related-posts":[{"id":1044,"url":"https:\/\/www.conape.org\/tvconape\/restringen-la-entrada-a-mexico-a-periodistas-internacionales-tvconape\/","url_meta":{"origin":1056,"position":0},"title":"Restringen la entrada a M\u00e9xico a periodistas internacionales &#8211; #TVCONAPE","author":"TV CONAPE","date":"13 diciembre, 2016","format":false,"excerpt":"En esta edici\u00f3n de TV CONAPE, podr\u00e1s ver a Rafael Loret de Mola hablando de las restricciones que pusieron en los aeropuertos internacionales de diferentes pa\u00edses para el ingreso de los periodistas que ven\u00edan a la Tercera Cumbre Internacional de Periodismo realizada por CONAPE, en Valle de Bravo, Estado de\u2026","rel":"","context":"En &quot;Circuito Cerrado&quot;","block_context":{"text":"Circuito Cerrado","link":"https:\/\/www.conape.org\/tvconape\/category\/circuito-cerrado\/"},"img":{"alt_text":"","src":"https:\/\/i0.wp.com\/www.conape.org\/tvconape\/wp-content\/uploads\/2016\/12\/restringen-la-entrada-a-mexico-a.jpg?resize=350%2C200&ssl=1","width":350,"height":200,"srcset":"https:\/\/i0.wp.com\/www.conape.org\/tvconape\/wp-content\/uploads\/2016\/12\/restringen-la-entrada-a-mexico-a.jpg?resize=350%2C200&ssl=1 1x, https:\/\/i0.wp.com\/www.conape.org\/tvconape\/wp-content\/uploads\/2016\/12\/restringen-la-entrada-a-mexico-a.jpg?resize=525%2C300&ssl=1 1.5x, https:\/\/i0.wp.com\/www.conape.org\/tvconape\/wp-content\/uploads\/2016\/12\/restringen-la-entrada-a-mexico-a.jpg?resize=700%2C400&ssl=1 2x, https:\/\/i0.wp.com\/www.conape.org\/tvconape\/wp-content\/uploads\/2016\/12\/restringen-la-entrada-a-mexico-a.jpg?resize=1050%2C600&ssl=1 3x"},"classes":[]},{"id":774,"url":"https:\/\/www.conape.org\/tvconape\/tv-conape-circuito-cerrado-142-huracan-patricia-una-realidad-una-mentira-o-una-exageracion\/","url_meta":{"origin":1056,"position":1},"title":"TV CONAPE &#8211; Circuito Cerrado 142: HURAC\u00c1N PATRICIA UNA REALIDAD, UNA MENTIRA O UNA EXAGERACI\u00d3N","author":"TV CONAPE","date":"30 octubre, 2015","format":false,"excerpt":"ESTE PROGRAMA ES CIRCUITO CERRADO TRANSMITIDO EN #TVCONAPE. EN ESTA OCASI\u00d3N PODR\u00c1S OBSERVAR UN AN\u00c1LISIS DE LAS NOTICIAS M\u00c1S SOBRESALIENTES DEL \u00c1MBITO NACIONAL, INTERNACIONAL Y LOCAL: * HABLAREMOS DEL HURAC\u00c1N PATRICIA, LO QUE SUCEDIO, SI FUE UNA REALIDAD, UNA MENTIRA O UNA EXAGERACI\u00d3N, COMENTARIOS DE NUESTRO VICEPRESIDENTE DE COLIMA, MARIO\u2026","rel":"","context":"En &quot;Circuito Cerrado&quot;","block_context":{"text":"Circuito Cerrado","link":"https:\/\/www.conape.org\/tvconape\/category\/circuito-cerrado\/"},"img":{"alt_text":"","src":"https:\/\/i0.wp.com\/www.conape.org\/tvconape\/wp-content\/uploads\/2015\/10\/tv-conape-circuito-cerrado-142-h.jpg?resize=350%2C200&ssl=1","width":350,"height":200,"srcset":"https:\/\/i0.wp.com\/www.conape.org\/tvconape\/wp-content\/uploads\/2015\/10\/tv-conape-circuito-cerrado-142-h.jpg?resize=350%2C200&ssl=1 1x, https:\/\/i0.wp.com\/www.conape.org\/tvconape\/wp-content\/uploads\/2015\/10\/tv-conape-circuito-cerrado-142-h.jpg?resize=525%2C300&ssl=1 1.5x, https:\/\/i0.wp.com\/www.conape.org\/tvconape\/wp-content\/uploads\/2015\/10\/tv-conape-circuito-cerrado-142-h.jpg?resize=700%2C400&ssl=1 2x, https:\/\/i0.wp.com\/www.conape.org\/tvconape\/wp-content\/uploads\/2015\/10\/tv-conape-circuito-cerrado-142-h.jpg?resize=1050%2C600&ssl=1 3x, https:\/\/i0.wp.com\/www.conape.org\/tvconape\/wp-content\/uploads\/2015\/10\/tv-conape-circuito-cerrado-142-h.jpg?resize=1400%2C800&ssl=1 4x"},"classes":[]},{"id":801,"url":"https:\/\/www.conape.org\/tvconape\/tv-conape-circuito-cerrado-146-agresion-a-periodistas-y-conape-en-hidalgo\/","url_meta":{"origin":1056,"position":2},"title":"TV CONAPE &#8211; Circuito Cerrado 146: Agresi\u00f3n a periodistas y CONAPE en Hidalgo","author":"TV CONAPE","date":"27 noviembre, 2015","format":false,"excerpt":"ESTE PROGRAMA ES CIRCUITO CERRADO TRANSMITIDO EN #TVCONAPE. EN ESTA OCASI\u00d3N PODR\u00c1S OBSERVAR UN AN\u00c1LISIS DE LAS NOTICIAS M\u00c1S SOBRESALIENTES DEL \u00c1MBITO NACIONAL, INTERNACIONAL Y LOCAL: * OBSERVAREMOS LA AGRESI\u00d3N QUE SUFRI\u00d3 EL VICEPRESIDENTE DE CONAPE EN MICHAC\u00c1N, MACARIO RAMOS CH\u00c1VEZ, ESTO EN UNA MANIFESTACI\u00d3N DEL MAGISTERIO EN ESE ESTADO.\u2026","rel":"","context":"En &quot;Circuito Cerrado&quot;","block_context":{"text":"Circuito Cerrado","link":"https:\/\/www.conape.org\/tvconape\/category\/circuito-cerrado\/"},"img":{"alt_text":"","src":"https:\/\/i0.wp.com\/www.conape.org\/tvconape\/wp-content\/uploads\/2015\/11\/tv-conape-circuito-cerrado-146-a.jpg?resize=350%2C200&ssl=1","width":350,"height":200},"classes":[]},{"id":956,"url":"https:\/\/www.conape.org\/tvconape\/agrupaciones-de-periodistas-como-corpecoe-y-uptex-forman-alianza-con-conape-tvconape-182\/","url_meta":{"origin":1056,"position":3},"title":"Agrupaciones de periodistas como CORPECOE y UPTEX forman alianza con CONAPE &#8211; #TVCONAPE 182","author":"TV CONAPE","date":"18 agosto, 2016","format":false,"excerpt":"En este programa de Circuito Cerrado transmitido en TV CONAPE, podr\u00e1s ver un an\u00e1lisis de las noticias mas sobresalientes del \u00e1mbito internacional, nacional y local: * Ver\u00e1s los trabajos de la Diputada Local del Distrito 45, Aide Flores Delgados, quien sigue apoyando a los ciudadanos a\u00fan cuando tiene ocho meses\u2026","rel":"","context":"En &quot;Circuito Cerrado&quot;","block_context":{"text":"Circuito Cerrado","link":"https:\/\/www.conape.org\/tvconape\/category\/circuito-cerrado\/"},"img":{"alt_text":"","src":"https:\/\/i0.wp.com\/www.conape.org\/tvconape\/wp-content\/uploads\/2016\/08\/agrupaciones-de-periodistas-como.jpg?resize=350%2C200&ssl=1","width":350,"height":200,"srcset":"https:\/\/i0.wp.com\/www.conape.org\/tvconape\/wp-content\/uploads\/2016\/08\/agrupaciones-de-periodistas-como.jpg?resize=350%2C200&ssl=1 1x, https:\/\/i0.wp.com\/www.conape.org\/tvconape\/wp-content\/uploads\/2016\/08\/agrupaciones-de-periodistas-como.jpg?resize=525%2C300&ssl=1 1.5x, https:\/\/i0.wp.com\/www.conape.org\/tvconape\/wp-content\/uploads\/2016\/08\/agrupaciones-de-periodistas-como.jpg?resize=700%2C400&ssl=1 2x, https:\/\/i0.wp.com\/www.conape.org\/tvconape\/wp-content\/uploads\/2016\/08\/agrupaciones-de-periodistas-como.jpg?resize=1050%2C600&ssl=1 3x"},"classes":[]},{"id":117,"url":"https:\/\/www.conape.org\/tvconape\/tv-conape-circuito-cerrado-32-artistas-invitados-a-la-cumbre-de-periodistas-mexico-2013\/","url_meta":{"origin":1056,"position":4},"title":"TV CONAPE &#8211; Circuito Cerrado 32: ARTISTAS INVITADOS A LA CUMBRE DE PERIODISTAS M\u00c9XICO 2013","author":"TV CONAPE","date":"5 junio, 2015","format":false,"excerpt":"","rel":"","context":"En &quot;Circuito Cerrado&quot;","block_context":{"text":"Circuito Cerrado","link":"https:\/\/www.conape.org\/tvconape\/category\/circuito-cerrado\/"},"img":{"alt_text":"","src":"https:\/\/i0.wp.com\/www.conape.org\/tvconape\/wp-content\/uploads\/2015\/07\/tv-conape-circuito-cerrado-32-ar.jpg?resize=350%2C200&ssl=1","width":350,"height":200},"classes":[]},{"id":149,"url":"https:\/\/www.conape.org\/tvconape\/tv-conape-circuito-cerrado-43-entrevista-a-periodistas-de-cuba-mexico-y-ecuador\/","url_meta":{"origin":1056,"position":5},"title":"TV CONAPE &#8211; Circuito Cerrado 43: ENTREVISTA A PERIODISTAS DE CUBA, M\u00c9XICO Y ECUADOR","author":"TV CONAPE","date":"5 junio, 2015","format":false,"excerpt":"","rel":"","context":"En &quot;Circuito Cerrado&quot;","block_context":{"text":"Circuito Cerrado","link":"https:\/\/www.conape.org\/tvconape\/category\/circuito-cerrado\/"},"img":{"alt_text":"","src":"https:\/\/i0.wp.com\/www.conape.org\/tvconape\/wp-content\/uploads\/2015\/07\/tv-conape-circuito-cerrado-43-en.jpg?resize=350%2C200&ssl=1","width":350,"height":200,"srcset":"https:\/\/i0.wp.com\/www.conape.org\/tvconape\/wp-content\/uploads\/2015\/07\/tv-conape-circuito-cerrado-43-en.jpg?resize=350%2C200&ssl=1 1x, https:\/\/i0.wp.com\/www.conape.org\/tvconape\/wp-content\/uploads\/2015\/07\/tv-conape-circuito-cerrado-43-en.jpg?resize=525%2C300&ssl=1 1.5x, https:\/\/i0.wp.com\/www.conape.org\/tvconape\/wp-content\/uploads\/2015\/07\/tv-conape-circuito-cerrado-43-en.jpg?resize=700%2C400&ssl=1 2x, https:\/\/i0.wp.com\/www.conape.org\/tvconape\/wp-content\/uploads\/2015\/07\/tv-conape-circuito-cerrado-43-en.jpg?resize=1050%2C600&ssl=1 3x"},"classes":[]}],"_links":{"self":[{"href":"https:\/\/www.conape.org\/tvconape\/wp-json\/wp\/v2\/posts\/1056"}],"collection":[{"href":"https:\/\/www.conape.org\/tvconape\/wp-json\/wp\/v2\/posts"}],"about":[{"href":"https:\/\/www.conape.org\/tvconape\/wp-json\/wp\/v2\/types\/post"}],"author":[{"embeddable":true,"href":"https:\/\/www.conape.org\/tvconape\/wp-json\/wp\/v2\/users\/1"}],"replies":[{"embeddable":true,"href":"https:\/\/www.conape.org\/tvconape\/wp-json\/wp\/v2\/comments?post=1056"}],"version-history":[{"count":2,"href":"https:\/\/www.conape.org\/tvconape\/wp-json\/wp\/v2\/posts\/1056\/revisions"}],"predecessor-version":[{"id":1058,"href":"https:\/\/www.conape.org\/tvconape\/wp-json\/wp\/v2\/posts\/1056\/revisions\/1058"}],"wp:featuredmedia":[{"embeddable":true,"href":"https:\/\/www.conape.org\/tvconape\/wp-json\/wp\/v2\/media\/1059"}],"wp:attachment":[{"href":"https:\/\/www.conape.org\/tvconape\/wp-json\/wp\/v2\/media?parent=1056"}],"wp:term":[{"taxonomy":"category","embeddable":true,"href":"https:\/\/www.conape.org\/tvconape\/wp-json\/wp\/v2\/categories?post=1056"},{"taxonomy":"post_tag","embeddable":true,"href":"https:\/\/www.conape.org\/tvconape\/wp-json\/wp\/v2\/tags?post=1056"}],"curies":[{"name":"wp","href":"https:\/\/api.w.org\/{rel}","templated":true}]}}