{"id":1044,"date":"2016-12-13T17:30:42","date_gmt":"2016-12-13T23:30:42","guid":{"rendered":"http:\/\/www.conape.org\/tvconape\/?p=1044"},"modified":"2016-12-13T17:30:42","modified_gmt":"2016-12-13T23:30:42","slug":"restringen-la-entrada-a-mexico-a-periodistas-internacionales-tvconape","status":"publish","type":"post","link":"https:\/\/www.conape.org\/tvconape\/restringen-la-entrada-a-mexico-a-periodistas-internacionales-tvconape\/","title":{"rendered":"Restringen la entrada a M\u00e9xico a periodistas internacionales &#8211; #TVCONAPE"},"content":{"rendered":"<p>En esta edici\u00f3n de TV CONAPE, podr\u00e1s ver a Rafael Loret de Mola hablando de las restricciones que pusieron en los aeropuertos internacionales de diferentes pa\u00edses para el ingreso de los periodistas que ven\u00edan a la Tercera Cumbre Internacional de Periodismo realizada por CONAPE, en Valle de Bravo, Estado de M\u00e9xico, #CumbreCONAPE2016, adem\u00e1s conoce m\u00e1s sobre el mal trabajo realizado por Dante Delgando al frente del partido Movimiento Ciudadano, adem\u00e1s de im\u00e1genes de polic\u00edas dormidos&#8230;<\/p>\n<p><span class=\"embed-youtube\" style=\"text-align:center; display: block;\"><iframe loading=\"lazy\" class=\"youtube-player\" width=\"648\" height=\"365\" src=\"https:\/\/www.youtube.com\/embed\/H3NeYncUOBI?version=3&#038;rel=1&#038;showsearch=0&#038;showinfo=1&#038;iv_load_policy=1&#038;fs=1&#038;hl=es-MX&#038;autohide=2&#038;wmode=transparent\" allowfullscreen=\"true\" style=\"border:0;\" sandbox=\"allow-scripts allow-same-origin allow-popups allow-presentation allow-popups-to-escape-sandbox\"><\/iframe><\/span><\/p>\n","protected":false},"excerpt":{"rendered":"<p>En esta edici\u00f3n de TV CONAPE, podr\u00e1s ver a Rafael Loret de Mola hablando de las restricciones que pusieron en los aeropuertos internacionales de diferentes pa\u00edses para el ingreso de los periodistas que ven\u00edan a la Tercera Cumbre Internacional de Periodismo realizada por CONAPE, en Valle de Bravo, Estado de M\u00e9xico, #CumbreCONAPE2016, adem\u00e1s conoce m\u00e1s [&hellip;]<\/p>\n","protected":false},"author":1,"featured_media":1046,"comment_status":"open","ping_status":"open","sticky":false,"template":"","format":"standard","meta":{"_exactmetrics_skip_tracking":false,"_exactmetrics_sitenote_active":false,"_exactmetrics_sitenote_note":"","_exactmetrics_sitenote_category":0,"jetpack_post_was_ever_published":false,"_jetpack_newsletter_access":"","_jetpack_newsletter_tier_id":0,"footnotes":"","jetpack_publicize_message":"","jetpack_is_tweetstorm":false,"jetpack_publicize_feature_enabled":true,"jetpack_social_post_already_shared":true,"jetpack_social_options":{"image_generator_settings":{"template":"highway","enabled":false}}},"categories":[4],"tags":[],"jetpack_publicize_connections":[],"jetpack_featured_media_url":"https:\/\/www.conape.org\/tvconape\/wp-content\/uploads\/2016\/12\/restringen-la-entrada-a-mexico-a.jpg","jetpack_sharing_enabled":true,"jetpack_shortlink":"https:\/\/wp.me\/p6jC0G-gQ","jetpack-related-posts":[{"id":1056,"url":"https:\/\/www.conape.org\/tvconape\/conape-denuncia-maltrato-a-periodistas-internacionales-en-aeropuertos-tvconape\/","url_meta":{"origin":1044,"position":0},"title":"CONAPE denuncia maltrato a periodistas internacionales en aeropuertos &#8211; #TVCONAPE","author":"TV CONAPE","date":"3 enero, 2017","format":false,"excerpt":"*En este programa de TV CONAPE podr\u00e1s ver el maltrato, complicaciones e injusticias por las que pasaron compa\u00f1eros periodistas internacionales que viajaban rumbo a la #CumbreCONAPE2016, la Tercera Cumbre Internacional de Periodismo que se llev\u00f3 a cabo en Valle de Bravo, M\u00e9xico. *Muchos periodistas no estuvieron presentes por las complicaciones\u2026","rel":"","context":"En &quot;Circuito Cerrado&quot;","block_context":{"text":"Circuito Cerrado","link":"https:\/\/www.conape.org\/tvconape\/category\/circuito-cerrado\/"},"img":{"alt_text":"","src":"https:\/\/i0.wp.com\/www.conape.org\/tvconape\/wp-content\/uploads\/2017\/01\/conape-denuncia-maltrato-a-perio.jpg?resize=350%2C200&ssl=1","width":350,"height":200,"srcset":"https:\/\/i0.wp.com\/www.conape.org\/tvconape\/wp-content\/uploads\/2017\/01\/conape-denuncia-maltrato-a-perio.jpg?resize=350%2C200&ssl=1 1x, https:\/\/i0.wp.com\/www.conape.org\/tvconape\/wp-content\/uploads\/2017\/01\/conape-denuncia-maltrato-a-perio.jpg?resize=525%2C300&ssl=1 1.5x, https:\/\/i0.wp.com\/www.conape.org\/tvconape\/wp-content\/uploads\/2017\/01\/conape-denuncia-maltrato-a-perio.jpg?resize=700%2C400&ssl=1 2x, https:\/\/i0.wp.com\/www.conape.org\/tvconape\/wp-content\/uploads\/2017\/01\/conape-denuncia-maltrato-a-perio.jpg?resize=1050%2C600&ssl=1 3x"},"classes":[]},{"id":774,"url":"https:\/\/www.conape.org\/tvconape\/tv-conape-circuito-cerrado-142-huracan-patricia-una-realidad-una-mentira-o-una-exageracion\/","url_meta":{"origin":1044,"position":1},"title":"TV CONAPE &#8211; Circuito Cerrado 142: HURAC\u00c1N PATRICIA UNA REALIDAD, UNA MENTIRA O UNA EXAGERACI\u00d3N","author":"TV CONAPE","date":"30 octubre, 2015","format":false,"excerpt":"ESTE PROGRAMA ES CIRCUITO CERRADO TRANSMITIDO EN #TVCONAPE. EN ESTA OCASI\u00d3N PODR\u00c1S OBSERVAR UN AN\u00c1LISIS DE LAS NOTICIAS M\u00c1S SOBRESALIENTES DEL \u00c1MBITO NACIONAL, INTERNACIONAL Y LOCAL: * HABLAREMOS DEL HURAC\u00c1N PATRICIA, LO QUE SUCEDIO, SI FUE UNA REALIDAD, UNA MENTIRA O UNA EXAGERACI\u00d3N, COMENTARIOS DE NUESTRO VICEPRESIDENTE DE COLIMA, MARIO\u2026","rel":"","context":"En &quot;Circuito Cerrado&quot;","block_context":{"text":"Circuito Cerrado","link":"https:\/\/www.conape.org\/tvconape\/category\/circuito-cerrado\/"},"img":{"alt_text":"","src":"https:\/\/i0.wp.com\/www.conape.org\/tvconape\/wp-content\/uploads\/2015\/10\/tv-conape-circuito-cerrado-142-h.jpg?resize=350%2C200&ssl=1","width":350,"height":200,"srcset":"https:\/\/i0.wp.com\/www.conape.org\/tvconape\/wp-content\/uploads\/2015\/10\/tv-conape-circuito-cerrado-142-h.jpg?resize=350%2C200&ssl=1 1x, https:\/\/i0.wp.com\/www.conape.org\/tvconape\/wp-content\/uploads\/2015\/10\/tv-conape-circuito-cerrado-142-h.jpg?resize=525%2C300&ssl=1 1.5x, https:\/\/i0.wp.com\/www.conape.org\/tvconape\/wp-content\/uploads\/2015\/10\/tv-conape-circuito-cerrado-142-h.jpg?resize=700%2C400&ssl=1 2x, https:\/\/i0.wp.com\/www.conape.org\/tvconape\/wp-content\/uploads\/2015\/10\/tv-conape-circuito-cerrado-142-h.jpg?resize=1050%2C600&ssl=1 3x, https:\/\/i0.wp.com\/www.conape.org\/tvconape\/wp-content\/uploads\/2015\/10\/tv-conape-circuito-cerrado-142-h.jpg?resize=1400%2C800&ssl=1 4x"},"classes":[]},{"id":1066,"url":"https:\/\/www.conape.org\/tvconape\/conape-culmino-el-2016-con-exitos-y-reconocimientos-tvconape\/","url_meta":{"origin":1044,"position":2},"title":"CONAPE culmin\u00f3 el 2016 con \u00e9xitos y reconocimientos &#8211; #TVCONAPE","author":"TV CONAPE","date":"10 enero, 2017","format":false,"excerpt":"En esta edici\u00f3n de TV CONAPE conocer\u00e1s algunos de los reconocimientos con los que termin\u00f3 el 2016 Compa\u00f1eros Internacionales de Periodistas y Editores A.C. (CONAPE), adem\u00e1s podr\u00e1s conocer un poco m\u00e1s del Maestro en Periodismo y Vicepresidente de Imagen Institucional de CONAPE, Christian Gonz\u00e1lez Murillo. https:\/\/www.youtube.com\/watch?v=v15z8RDgyok","rel":"","context":"En &quot;Circuito Cerrado&quot;","block_context":{"text":"Circuito Cerrado","link":"https:\/\/www.conape.org\/tvconape\/category\/circuito-cerrado\/"},"img":{"alt_text":"","src":"https:\/\/i0.wp.com\/www.conape.org\/tvconape\/wp-content\/uploads\/2017\/01\/conape-culmino-el-2016-con-exito.jpg?resize=350%2C200&ssl=1","width":350,"height":200,"srcset":"https:\/\/i0.wp.com\/www.conape.org\/tvconape\/wp-content\/uploads\/2017\/01\/conape-culmino-el-2016-con-exito.jpg?resize=350%2C200&ssl=1 1x, https:\/\/i0.wp.com\/www.conape.org\/tvconape\/wp-content\/uploads\/2017\/01\/conape-culmino-el-2016-con-exito.jpg?resize=525%2C300&ssl=1 1.5x, https:\/\/i0.wp.com\/www.conape.org\/tvconape\/wp-content\/uploads\/2017\/01\/conape-culmino-el-2016-con-exito.jpg?resize=700%2C400&ssl=1 2x, https:\/\/i0.wp.com\/www.conape.org\/tvconape\/wp-content\/uploads\/2017\/01\/conape-culmino-el-2016-con-exito.jpg?resize=1050%2C600&ssl=1 3x"},"classes":[]},{"id":956,"url":"https:\/\/www.conape.org\/tvconape\/agrupaciones-de-periodistas-como-corpecoe-y-uptex-forman-alianza-con-conape-tvconape-182\/","url_meta":{"origin":1044,"position":3},"title":"Agrupaciones de periodistas como CORPECOE y UPTEX forman alianza con CONAPE &#8211; #TVCONAPE 182","author":"TV CONAPE","date":"18 agosto, 2016","format":false,"excerpt":"En este programa de Circuito Cerrado transmitido en TV CONAPE, podr\u00e1s ver un an\u00e1lisis de las noticias mas sobresalientes del \u00e1mbito internacional, nacional y local: * Ver\u00e1s los trabajos de la Diputada Local del Distrito 45, Aide Flores Delgados, quien sigue apoyando a los ciudadanos a\u00fan cuando tiene ocho meses\u2026","rel":"","context":"En &quot;Circuito Cerrado&quot;","block_context":{"text":"Circuito Cerrado","link":"https:\/\/www.conape.org\/tvconape\/category\/circuito-cerrado\/"},"img":{"alt_text":"","src":"https:\/\/i0.wp.com\/www.conape.org\/tvconape\/wp-content\/uploads\/2016\/08\/agrupaciones-de-periodistas-como.jpg?resize=350%2C200&ssl=1","width":350,"height":200,"srcset":"https:\/\/i0.wp.com\/www.conape.org\/tvconape\/wp-content\/uploads\/2016\/08\/agrupaciones-de-periodistas-como.jpg?resize=350%2C200&ssl=1 1x, https:\/\/i0.wp.com\/www.conape.org\/tvconape\/wp-content\/uploads\/2016\/08\/agrupaciones-de-periodistas-como.jpg?resize=525%2C300&ssl=1 1.5x, https:\/\/i0.wp.com\/www.conape.org\/tvconape\/wp-content\/uploads\/2016\/08\/agrupaciones-de-periodistas-como.jpg?resize=700%2C400&ssl=1 2x, https:\/\/i0.wp.com\/www.conape.org\/tvconape\/wp-content\/uploads\/2016\/08\/agrupaciones-de-periodistas-como.jpg?resize=1050%2C600&ssl=1 3x"},"classes":[]},{"id":1317,"url":"https:\/\/www.conape.org\/tvconape\/el-principe-de-camerun-dr-jean-louis-bingna%e2%80%8b-brinda-consejo-a-los-periodistas-tvconape\/","url_meta":{"origin":1044,"position":4},"title":"El Pr\u00edncipe de Camer\u00fan, Dr. Jean Louis Bingna\u200b brinda consejo a los periodistas &#8211; #TVCONAPE","author":"TV CONAPE","date":"9 febrero, 2018","format":false,"excerpt":"En esta edici\u00f3n de #TVCONAPE, contamos con la presencia del Dr. Jean Louis Bingna, Pr\u00edncipe del reino Bamoun en Camer\u00fan, quien ahora forma parte de la familia #CONAPEInternacional, ya que es el Embajador de #CONAPE en #\u00c1frica; nos habla de por qu\u00e9 tuvo que salir de su pa\u00eds y la\u2026","rel":"","context":"En &quot;Circuito Cerrado&quot;","block_context":{"text":"Circuito Cerrado","link":"https:\/\/www.conape.org\/tvconape\/category\/circuito-cerrado\/"},"img":{"alt_text":"","src":"https:\/\/i0.wp.com\/www.conape.org\/tvconape\/wp-content\/uploads\/2018\/02\/el-principe-de-camerun-dr-jean-l.jpg?resize=350%2C200&ssl=1","width":350,"height":200,"srcset":"https:\/\/i0.wp.com\/www.conape.org\/tvconape\/wp-content\/uploads\/2018\/02\/el-principe-de-camerun-dr-jean-l.jpg?resize=350%2C200&ssl=1 1x, https:\/\/i0.wp.com\/www.conape.org\/tvconape\/wp-content\/uploads\/2018\/02\/el-principe-de-camerun-dr-jean-l.jpg?resize=525%2C300&ssl=1 1.5x, https:\/\/i0.wp.com\/www.conape.org\/tvconape\/wp-content\/uploads\/2018\/02\/el-principe-de-camerun-dr-jean-l.jpg?resize=700%2C400&ssl=1 2x, https:\/\/i0.wp.com\/www.conape.org\/tvconape\/wp-content\/uploads\/2018\/02\/el-principe-de-camerun-dr-jean-l.jpg?resize=1050%2C600&ssl=1 3x"},"classes":[]},{"id":974,"url":"https:\/\/www.conape.org\/tvconape\/conape-entrega-propuesta-de-ley-en-favor-de-los-periodistas-tvconape-187\/","url_meta":{"origin":1044,"position":5},"title":"CONAPE entrega propuesta de Ley en favor de los periodistas &#8211; #TVCONAPE 187","author":"TV CONAPE","date":"22 septiembre, 2016","format":false,"excerpt":"En este programa de Circuito Cerrado transmitido en TV CONAPE, te contaremos sobre : * Hablamos sobre la propuesta de Ley en favor de los periodistas que CONAPE present\u00f3 ante la Legislatura del Estado de M\u00e9xico. * Polic\u00edas en Plaza Sendero del Estado de M\u00e9xico extorsionando y golpeando a un\u2026","rel":"","context":"En &quot;Circuito Cerrado&quot;","block_context":{"text":"Circuito Cerrado","link":"https:\/\/www.conape.org\/tvconape\/category\/circuito-cerrado\/"},"img":{"alt_text":"","src":"https:\/\/i0.wp.com\/www.conape.org\/tvconape\/wp-content\/uploads\/2016\/09\/conape-entrega-propuesta-de-ley.jpg?resize=350%2C200&ssl=1","width":350,"height":200,"srcset":"https:\/\/i0.wp.com\/www.conape.org\/tvconape\/wp-content\/uploads\/2016\/09\/conape-entrega-propuesta-de-ley.jpg?resize=350%2C200&ssl=1 1x, https:\/\/i0.wp.com\/www.conape.org\/tvconape\/wp-content\/uploads\/2016\/09\/conape-entrega-propuesta-de-ley.jpg?resize=525%2C300&ssl=1 1.5x, https:\/\/i0.wp.com\/www.conape.org\/tvconape\/wp-content\/uploads\/2016\/09\/conape-entrega-propuesta-de-ley.jpg?resize=700%2C400&ssl=1 2x, https:\/\/i0.wp.com\/www.conape.org\/tvconape\/wp-content\/uploads\/2016\/09\/conape-entrega-propuesta-de-ley.jpg?resize=1050%2C600&ssl=1 3x"},"classes":[]}],"_links":{"self":[{"href":"https:\/\/www.conape.org\/tvconape\/wp-json\/wp\/v2\/posts\/1044"}],"collection":[{"href":"https:\/\/www.conape.org\/tvconape\/wp-json\/wp\/v2\/posts"}],"about":[{"href":"https:\/\/www.conape.org\/tvconape\/wp-json\/wp\/v2\/types\/post"}],"author":[{"embeddable":true,"href":"https:\/\/www.conape.org\/tvconape\/wp-json\/wp\/v2\/users\/1"}],"replies":[{"embeddable":true,"href":"https:\/\/www.conape.org\/tvconape\/wp-json\/wp\/v2\/comments?post=1044"}],"version-history":[{"count":1,"href":"https:\/\/www.conape.org\/tvconape\/wp-json\/wp\/v2\/posts\/1044\/revisions"}],"predecessor-version":[{"id":1045,"href":"https:\/\/www.conape.org\/tvconape\/wp-json\/wp\/v2\/posts\/1044\/revisions\/1045"}],"wp:featuredmedia":[{"embeddable":true,"href":"https:\/\/www.conape.org\/tvconape\/wp-json\/wp\/v2\/media\/1046"}],"wp:attachment":[{"href":"https:\/\/www.conape.org\/tvconape\/wp-json\/wp\/v2\/media?parent=1044"}],"wp:term":[{"taxonomy":"category","embeddable":true,"href":"https:\/\/www.conape.org\/tvconape\/wp-json\/wp\/v2\/categories?post=1044"},{"taxonomy":"post_tag","embeddable":true,"href":"https:\/\/www.conape.org\/tvconape\/wp-json\/wp\/v2\/tags?post=1044"}],"curies":[{"name":"wp","href":"https:\/\/api.w.org\/{rel}","templated":true}]}}