{"id":1036,"date":"2016-12-08T11:00:46","date_gmt":"2016-12-08T17:00:46","guid":{"rendered":"http:\/\/www.conape.org\/tvconape\/?p=1036"},"modified":"2016-12-08T11:00:46","modified_gmt":"2016-12-08T17:00:46","slug":"2do-aniversario-del-diario-evolucion-tvconape","status":"publish","type":"post","link":"https:\/\/www.conape.org\/tvconape\/2do-aniversario-del-diario-evolucion-tvconape\/","title":{"rendered":"2do Aniversario del Diario Evoluci\u00f3n &#8211; #TVCONAPE"},"content":{"rendered":"<p>Una entrevista con el Vicepresidente de CONAPE en el Valle de Toluca, M\u00e9xico, Javier Mart\u00ednez Ferrusca, donde nos habla del segundo aniversario de su medio de comunicaci\u00f3n, Diario Evoluci\u00f3n.<\/p>\n<p><span class=\"embed-youtube\" style=\"text-align:center; display: block;\"><iframe loading=\"lazy\" class=\"youtube-player\" width=\"648\" height=\"365\" src=\"https:\/\/www.youtube.com\/embed\/WRaa9pEXM4M?version=3&#038;rel=1&#038;showsearch=0&#038;showinfo=1&#038;iv_load_policy=1&#038;fs=1&#038;hl=es-MX&#038;autohide=2&#038;wmode=transparent\" allowfullscreen=\"true\" style=\"border:0;\" sandbox=\"allow-scripts allow-same-origin allow-popups allow-presentation allow-popups-to-escape-sandbox\"><\/iframe><\/span><\/p>\n","protected":false},"excerpt":{"rendered":"<p>Una entrevista con el Vicepresidente de CONAPE en el Valle de Toluca, M\u00e9xico, Javier Mart\u00ednez Ferrusca, donde nos habla del segundo aniversario de su medio de comunicaci\u00f3n, Diario Evoluci\u00f3n.<\/p>\n","protected":false},"author":1,"featured_media":1038,"comment_status":"open","ping_status":"open","sticky":false,"template":"","format":"standard","meta":{"_exactmetrics_skip_tracking":false,"_exactmetrics_sitenote_active":false,"_exactmetrics_sitenote_note":"","_exactmetrics_sitenote_category":0,"jetpack_post_was_ever_published":false,"_jetpack_newsletter_access":"","_jetpack_newsletter_tier_id":0,"footnotes":"","jetpack_publicize_message":"","jetpack_is_tweetstorm":false,"jetpack_publicize_feature_enabled":true,"jetpack_social_post_already_shared":true,"jetpack_social_options":{"image_generator_settings":{"template":"highway","enabled":false}}},"categories":[4],"tags":[],"jetpack_publicize_connections":[],"jetpack_featured_media_url":"https:\/\/www.conape.org\/tvconape\/wp-content\/uploads\/2016\/12\/2do-aniversario-del-diario-evolu.jpg","jetpack_sharing_enabled":true,"jetpack_shortlink":"https:\/\/wp.me\/p6jC0G-gI","jetpack-related-posts":[{"id":1469,"url":"https:\/\/www.conape.org\/tvconape\/radioconape-en-vivo-programa-del-6-de-diciembre-de-2018\/","url_meta":{"origin":1036,"position":0},"title":"#RadioCONAPE en vivo &#8211; Programa del 6 de Diciembre de 2018","author":"TV CONAPE","date":"6 diciembre, 2018","format":false,"excerpt":"#Internacional: \u27a1\u00a0Este hombre en\u00a0#Argentina\u00a0culp\u00f3 a una chica de 15 a\u00f1os \u201cde provocarlo por su forma de vestir\u201d. \u00a1Lamentable este tipo de mentalidad\u00a0\ud83e\udd26\ud83c\udffb\u200d\u2642\ufe0f\ud83e\udd2e! \u27a1\u00a0\u00bfPuede el embarazo reducirse a s\u00f3lo 6 meses de gestaci\u00f3n? Checa la respuesta de esta chica...\u00a0\ud83e\udd28\ud83d\ude05 \u27a1\u00a0La juventud y la edad Vs la fuerza\u00a0\ud83d\udcaa\ud83c\udffc, este hombre de 70\u2026","rel":"","context":"En &quot;#RadioCONAPE&quot;","block_context":{"text":"#RadioCONAPE","link":"https:\/\/www.conape.org\/tvconape\/category\/radioconape\/"},"img":{"alt_text":"","src":"https:\/\/i0.wp.com\/www.conape.org\/tvconape\/wp-content\/uploads\/2018\/12\/radioconape-en-vivo-programa-del-1.jpg?resize=350%2C200&ssl=1","width":350,"height":200,"srcset":"https:\/\/i0.wp.com\/www.conape.org\/tvconape\/wp-content\/uploads\/2018\/12\/radioconape-en-vivo-programa-del-1.jpg?resize=350%2C200&ssl=1 1x, https:\/\/i0.wp.com\/www.conape.org\/tvconape\/wp-content\/uploads\/2018\/12\/radioconape-en-vivo-programa-del-1.jpg?resize=525%2C300&ssl=1 1.5x, https:\/\/i0.wp.com\/www.conape.org\/tvconape\/wp-content\/uploads\/2018\/12\/radioconape-en-vivo-programa-del-1.jpg?resize=700%2C400&ssl=1 2x, https:\/\/i0.wp.com\/www.conape.org\/tvconape\/wp-content\/uploads\/2018\/12\/radioconape-en-vivo-programa-del-1.jpg?resize=1050%2C600&ssl=1 3x"},"classes":[]},{"id":1792,"url":"https:\/\/www.conape.org\/tvconape\/radioconape-en-vivo-programa-del-11-de-septiembre-de-2019\/","url_meta":{"origin":1036,"position":1},"title":"#RadioCONAPE en vivo &#8211; Programa del 11 de Septiembre de 2019","author":"TV CONAPE","date":"11 septiembre, 2019","format":false,"excerpt":"* Hacemos un an\u00e1lisis de los nuevos impuestos que busca implementar AMLO en M\u00e9xico para el 2020. * Invitaci\u00f3n a la 4ta Cumbre Internacional de Periodismo -\u00a0#CONAPEPer\u00fa2019\u00a0en Lima, Per\u00fa. * 18 aniversario de la ca\u00edda de las Torres Gemelas en Estados Unidos. * C\u00e1maras de video-vigilancia no funcionan en Almoloya\u2026","rel":"","context":"En &quot;#RadioCONAPE&quot;","block_context":{"text":"#RadioCONAPE","link":"https:\/\/www.conape.org\/tvconape\/category\/radioconape\/"},"img":{"alt_text":"","src":"","width":0,"height":0},"classes":[]},{"id":963,"url":"https:\/\/www.conape.org\/tvconape\/definicion-del-periodista-y-profesionalizacion-del-gremio-es-fundamenta-tvconape-184\/","url_meta":{"origin":1036,"position":2},"title":"Definici\u00f3n del periodista y profesionalizaci\u00f3n del gremio es fundamenta &#8211; #TVCONAPE 184","author":"TV CONAPE","date":"1 septiembre, 2016","format":false,"excerpt":"En este programa de Circuito Cerrado transmitido en TV CONAPE, podr\u00e1s ver un an\u00e1lisis de las noticias mas sobresalientes del \u00e1mbito internacional, nacional y local: * Veremos las invitaciones a la Tercera Cumbre Internacional de Periodismo, realizada por la Asesora Jur\u00eddica de CONAPE en Tijuana, Baja Californcia, M\u00e9xico, Mar\u00eda Galaviz\u2026","rel":"","context":"En &quot;Circuito Cerrado&quot;","block_context":{"text":"Circuito Cerrado","link":"https:\/\/www.conape.org\/tvconape\/category\/circuito-cerrado\/"},"img":{"alt_text":"","src":"https:\/\/i0.wp.com\/www.conape.org\/tvconape\/wp-content\/uploads\/2016\/09\/definicion-del-periodista-y-prof.jpg?resize=350%2C200&ssl=1","width":350,"height":200,"srcset":"https:\/\/i0.wp.com\/www.conape.org\/tvconape\/wp-content\/uploads\/2016\/09\/definicion-del-periodista-y-prof.jpg?resize=350%2C200&ssl=1 1x, https:\/\/i0.wp.com\/www.conape.org\/tvconape\/wp-content\/uploads\/2016\/09\/definicion-del-periodista-y-prof.jpg?resize=525%2C300&ssl=1 1.5x, https:\/\/i0.wp.com\/www.conape.org\/tvconape\/wp-content\/uploads\/2016\/09\/definicion-del-periodista-y-prof.jpg?resize=700%2C400&ssl=1 2x, https:\/\/i0.wp.com\/www.conape.org\/tvconape\/wp-content\/uploads\/2016\/09\/definicion-del-periodista-y-prof.jpg?resize=1050%2C600&ssl=1 3x"},"classes":[]},{"id":1349,"url":"https:\/\/www.conape.org\/tvconape\/radioconape-en-vivo-programa-del-2-de-octubre-de-2018\/","url_meta":{"origin":1036,"position":3},"title":"#RadioCONAPE en vivo &#8211; Programa del 2 de octubre de 2018","author":"TV CONAPE","date":"2 octubre, 2018","format":false,"excerpt":"#Internacional: \u27a1\u00a0Un hotel en\u00a0#Hamburgo,\u00a0#Alemania, brinda una atenci\u00f3n \u201cmuy especial\u201d a los hu\u00e9spedes \u00bfPor qu\u00e9? Porque quienes lo atienden son personas \u00fanicas y muy especiales...\u00a0\u2728\ud83d\ude0a\ud83d\udc4d\ud83c\udffb \u27a1\u00a0Desde\u00a0#Honduras\u00a0nuestros amigos nos comparten un mensaje de paz y de fe. #Nacional: \u27a1\u00a0Estamos escuchando al periodista\u00a0Rafael Loret de Mola\u00a0quien nos cuenta de qu\u00e9 va su m\u00e1s\u2026","rel":"","context":"En &quot;#RadioCONAPE&quot;","block_context":{"text":"#RadioCONAPE","link":"https:\/\/www.conape.org\/tvconape\/category\/radioconape\/"},"img":{"alt_text":"","src":"","width":0,"height":0},"classes":[]},{"id":851,"url":"https:\/\/www.conape.org\/tvconape\/continua-la-mala-administracion-en-almoloya-de-juarez-tv-conape-circuito-cerrado-156\/","url_meta":{"origin":1036,"position":4},"title":"CONTIN\u00daA LA MALA ADMINISTRACI\u00d3N EN ALMOLOYA DE JU\u00c1REZ &#8211; TV CONAPE &#8211; Circuito Cerrado 156","author":"TV CONAPE","date":"11 febrero, 2016","format":false,"excerpt":"ESTE PROGRAMA ES CIRCUITO CERRADO TRANSMITIDO EN #TVCONAPE. EN ESTA OCASI\u00d3N PODR\u00c1S OBSERVAR UN AN\u00c1LISIS DE LAS NOTICIAS M\u00c1S SOBRESALIENTES DEL \u00c1MBITO NACIONAL, INTERNACIONAL Y LOCAL: * SEXTO PROGRAMA DEL 2016. * HABLAREMOS DE LA MALA ADMINISTRACI\u00d3N QUE HA INICIADO EN EL MUNICIPIO DE ALMOLOYA DE JU\u00c1REZ EN EL ESTADO\u2026","rel":"","context":"En &quot;Circuito Cerrado&quot;","block_context":{"text":"Circuito Cerrado","link":"https:\/\/www.conape.org\/tvconape\/category\/circuito-cerrado\/"},"img":{"alt_text":"","src":"https:\/\/i0.wp.com\/www.conape.org\/tvconape\/wp-content\/uploads\/2016\/02\/continua-la-mala-administracion.jpg?resize=350%2C200&ssl=1","width":350,"height":200,"srcset":"https:\/\/i0.wp.com\/www.conape.org\/tvconape\/wp-content\/uploads\/2016\/02\/continua-la-mala-administracion.jpg?resize=350%2C200&ssl=1 1x, https:\/\/i0.wp.com\/www.conape.org\/tvconape\/wp-content\/uploads\/2016\/02\/continua-la-mala-administracion.jpg?resize=525%2C300&ssl=1 1.5x, https:\/\/i0.wp.com\/www.conape.org\/tvconape\/wp-content\/uploads\/2016\/02\/continua-la-mala-administracion.jpg?resize=700%2C400&ssl=1 2x, https:\/\/i0.wp.com\/www.conape.org\/tvconape\/wp-content\/uploads\/2016\/02\/continua-la-mala-administracion.jpg?resize=1050%2C600&ssl=1 3x, https:\/\/i0.wp.com\/www.conape.org\/tvconape\/wp-content\/uploads\/2016\/02\/continua-la-mala-administracion.jpg?resize=1400%2C800&ssl=1 4x"},"classes":[]},{"id":1346,"url":"https:\/\/www.conape.org\/tvconape\/radioconape-en-vivo-programa-del-1-de-octubre-de-2018\/","url_meta":{"origin":1036,"position":5},"title":"#RadioCONAPE en vivo &#8211; Programa del 1 de octubre de 2018","author":"TV CONAPE","date":"1 octubre, 2018","format":false,"excerpt":"#Internacional: \u27a1\u00a0Un millonario en\u00a0#China\u00a0se dedica a recoger basura, el tener dinero no lo exime de su responsabilidad con el planeta, menciona.\u00a0 \u27a1\u00a0Un terremoto de 7.5 grados y un Tsunami arrasaron las costas de\u00a0#Indonesia, hasta ahora se sabe que las v\u00edctimas ascienden a poco m\u00e1s de 1300. #Nacional: \u27a1\u00a0#A50Del68\u00a0Borran del @MetroCDMX\u2026","rel":"","context":"En &quot;#RadioCONAPE&quot;","block_context":{"text":"#RadioCONAPE","link":"https:\/\/www.conape.org\/tvconape\/category\/radioconape\/"},"img":{"alt_text":"","src":"","width":0,"height":0},"classes":[]}],"_links":{"self":[{"href":"https:\/\/www.conape.org\/tvconape\/wp-json\/wp\/v2\/posts\/1036"}],"collection":[{"href":"https:\/\/www.conape.org\/tvconape\/wp-json\/wp\/v2\/posts"}],"about":[{"href":"https:\/\/www.conape.org\/tvconape\/wp-json\/wp\/v2\/types\/post"}],"author":[{"embeddable":true,"href":"https:\/\/www.conape.org\/tvconape\/wp-json\/wp\/v2\/users\/1"}],"replies":[{"embeddable":true,"href":"https:\/\/www.conape.org\/tvconape\/wp-json\/wp\/v2\/comments?post=1036"}],"version-history":[{"count":1,"href":"https:\/\/www.conape.org\/tvconape\/wp-json\/wp\/v2\/posts\/1036\/revisions"}],"predecessor-version":[{"id":1037,"href":"https:\/\/www.conape.org\/tvconape\/wp-json\/wp\/v2\/posts\/1036\/revisions\/1037"}],"wp:featuredmedia":[{"embeddable":true,"href":"https:\/\/www.conape.org\/tvconape\/wp-json\/wp\/v2\/media\/1038"}],"wp:attachment":[{"href":"https:\/\/www.conape.org\/tvconape\/wp-json\/wp\/v2\/media?parent=1036"}],"wp:term":[{"taxonomy":"category","embeddable":true,"href":"https:\/\/www.conape.org\/tvconape\/wp-json\/wp\/v2\/categories?post=1036"},{"taxonomy":"post_tag","embeddable":true,"href":"https:\/\/www.conape.org\/tvconape\/wp-json\/wp\/v2\/tags?post=1036"}],"curies":[{"name":"wp","href":"https:\/\/api.w.org\/{rel}","templated":true}]}}