{"id":1033,"date":"2016-12-05T17:19:27","date_gmt":"2016-12-05T23:19:27","guid":{"rendered":"http:\/\/www.conape.org\/tvconape\/?p=1033"},"modified":"2016-12-05T20:23:32","modified_gmt":"2016-12-06T02:23:32","slug":"mexico-deberia-copiar-el-sistema-economico-de-alemania-tvconape","status":"publish","type":"post","link":"https:\/\/www.conape.org\/tvconape\/mexico-deberia-copiar-el-sistema-economico-de-alemania-tvconape\/","title":{"rendered":"M\u00e9xico deber\u00eda copiar el sistema econ\u00f3mico de Alemania &#8211; #TVCONAPE"},"content":{"rendered":"<p>En esta edici\u00f3n de TV CONAPE ver\u00e1s el modelo econ\u00f3mico que deber\u00eda copiar y aprender M\u00e9xico para mejorar como pa\u00eds, tambi\u00e9n podr\u00e1s ver un terrible accidente durante el desfile del 20 de noviembre en Tijuana, Baja California, M\u00e9xico, noticias, comentarios, opini\u00f3n y m\u00e1s&#8230;<\/p>\n<p><span class=\"embed-youtube\" style=\"text-align:center; display: block;\"><iframe loading=\"lazy\" class=\"youtube-player\" width=\"648\" height=\"365\" src=\"https:\/\/www.youtube.com\/embed\/tAm2c74BHkw?version=3&#038;rel=1&#038;showsearch=0&#038;showinfo=1&#038;iv_load_policy=1&#038;fs=1&#038;hl=es-MX&#038;autohide=2&#038;wmode=transparent\" allowfullscreen=\"true\" style=\"border:0;\" sandbox=\"allow-scripts allow-same-origin allow-popups allow-presentation allow-popups-to-escape-sandbox\"><\/iframe><\/span><\/p>\n","protected":false},"excerpt":{"rendered":"<p>En esta edici\u00f3n de TV CONAPE ver\u00e1s el modelo econ\u00f3mico que deber\u00eda copiar y aprender M\u00e9xico para mejorar como pa\u00eds, tambi\u00e9n podr\u00e1s ver un terrible accidente durante el desfile del 20 de noviembre en Tijuana, Baja California, M\u00e9xico, noticias, comentarios, opini\u00f3n y m\u00e1s&#8230;<\/p>\n","protected":false},"author":1,"featured_media":0,"comment_status":"open","ping_status":"open","sticky":false,"template":"","format":"standard","meta":{"_exactmetrics_skip_tracking":false,"_exactmetrics_sitenote_active":false,"_exactmetrics_sitenote_note":"","_exactmetrics_sitenote_category":0,"jetpack_post_was_ever_published":false,"_jetpack_newsletter_access":"","_jetpack_newsletter_tier_id":0,"footnotes":"","jetpack_publicize_message":"","jetpack_is_tweetstorm":false,"jetpack_publicize_feature_enabled":true,"jetpack_social_post_already_shared":true,"jetpack_social_options":{"image_generator_settings":{"template":"highway","enabled":false}}},"categories":[4],"tags":[],"jetpack_publicize_connections":[],"jetpack_featured_media_url":"","jetpack_sharing_enabled":true,"jetpack_shortlink":"https:\/\/wp.me\/p6jC0G-gF","jetpack-related-posts":[{"id":1162,"url":"https:\/\/www.conape.org\/tvconape\/entrevista-con-el-1er-regidor-de-almoloya-de-juarez-primera-parte-tvconape\/","url_meta":{"origin":1033,"position":0},"title":"Entrevista con el 1er Regidor de Almoloya de Ju\u00e1rez (Primera parte) &#8211; #TVCONAPE","author":"TV CONAPE","date":"7 marzo, 2017","format":false,"excerpt":"En esta edici\u00f3n de TV CONAPE conocer\u00e1s las acciones que realiza un regidor en su municipio y lo que se realiza en la comisi\u00f3n de Desarrollo Econ\u00f3mico, que dirige el Primer Regidor de Almoloya de Ju\u00e1rez, Estado de M\u00e9xico, Edmundo Mercado Posadas. https:\/\/www.youtube.com\/watch?v=5AlSLOqTX3Q","rel":"","context":"En &quot;Circuito Cerrado&quot;","block_context":{"text":"Circuito Cerrado","link":"https:\/\/www.conape.org\/tvconape\/category\/circuito-cerrado\/"},"img":{"alt_text":"","src":"https:\/\/i0.wp.com\/www.conape.org\/tvconape\/wp-content\/uploads\/2017\/03\/entrevista-con-el-1er-regidor-de.jpg?resize=350%2C200&ssl=1","width":350,"height":200,"srcset":"https:\/\/i0.wp.com\/www.conape.org\/tvconape\/wp-content\/uploads\/2017\/03\/entrevista-con-el-1er-regidor-de.jpg?resize=350%2C200&ssl=1 1x, https:\/\/i0.wp.com\/www.conape.org\/tvconape\/wp-content\/uploads\/2017\/03\/entrevista-con-el-1er-regidor-de.jpg?resize=525%2C300&ssl=1 1.5x, https:\/\/i0.wp.com\/www.conape.org\/tvconape\/wp-content\/uploads\/2017\/03\/entrevista-con-el-1er-regidor-de.jpg?resize=700%2C400&ssl=1 2x, https:\/\/i0.wp.com\/www.conape.org\/tvconape\/wp-content\/uploads\/2017\/03\/entrevista-con-el-1er-regidor-de.jpg?resize=1050%2C600&ssl=1 3x"},"classes":[]},{"id":1453,"url":"https:\/\/www.conape.org\/tvconape\/radioconape-en-vivo-programa-del-27-de-noviembre-de-2018\/","url_meta":{"origin":1033,"position":1},"title":"#RadioCONAPE en vivo &#8211; Programa del 27 de noviembre de 2018","author":"TV CONAPE","date":"27 noviembre, 2018","format":false,"excerpt":"#Internacional: \u27a1\u00a0La final del siglo,\u00a0#Boca\u00a0-\u00a0#River\u00a0cancelada por la\u00a0#violencia\u00a0que ha enegrecido un deporte y una pasi\u00f3n\u00a0\u26bd\ufe0f. \u27a1\u00a0Circula en\u00a0#RedesSociales\u00a0un\u00a0#video\u00a0que rompe con todo lo cre\u00edste haber conocido sobre los gatos... \u00a1Esta rata puso en jaque a este incr\u00e9dulo felino!\u00a0\ud83d\udcf9 \u27a1\u00a0Un mensaje de\u00a0#paz\u00a0que tanta falta le hace al mundo... Aqu\u00ed las palabras de Monse\u00f1or R\u00f3mulo\u2026","rel":"","context":"En &quot;#RadioCONAPE&quot;","block_context":{"text":"#RadioCONAPE","link":"https:\/\/www.conape.org\/tvconape\/category\/radioconape\/"},"img":{"alt_text":"","src":"https:\/\/i0.wp.com\/www.conape.org\/tvconape\/wp-content\/uploads\/2018\/11\/radioconape-en-vivo-programa-del-10.jpg?resize=350%2C200&ssl=1","width":350,"height":200,"srcset":"https:\/\/i0.wp.com\/www.conape.org\/tvconape\/wp-content\/uploads\/2018\/11\/radioconape-en-vivo-programa-del-10.jpg?resize=350%2C200&ssl=1 1x, https:\/\/i0.wp.com\/www.conape.org\/tvconape\/wp-content\/uploads\/2018\/11\/radioconape-en-vivo-programa-del-10.jpg?resize=525%2C300&ssl=1 1.5x, https:\/\/i0.wp.com\/www.conape.org\/tvconape\/wp-content\/uploads\/2018\/11\/radioconape-en-vivo-programa-del-10.jpg?resize=700%2C400&ssl=1 2x, https:\/\/i0.wp.com\/www.conape.org\/tvconape\/wp-content\/uploads\/2018\/11\/radioconape-en-vivo-programa-del-10.jpg?resize=1050%2C600&ssl=1 3x"},"classes":[]},{"id":1788,"url":"https:\/\/www.conape.org\/tvconape\/radioconape-en-vivo-programa-del-9-de-septiembre-de-2019\/","url_meta":{"origin":1033,"position":2},"title":"#RadioCONAPE en vivo &#8211; Programa del 9 de Septiembre de 2019","author":"TV CONAPE","date":"9 septiembre, 2019","format":false,"excerpt":"* Realizamos un an\u00e1lisis sobre el Paquete Econ\u00f3mico 2020 que present\u00f3 el Presidente de M\u00e9xico, Andr\u00e9s Manuel L\u00f3pez Obrador. * Invitaci\u00f3n a la 4ta Cumbre Internacional de Periodismo -\u00a0#CONAPEPer\u00fa2019\u00a0en Lima, Per\u00fa. * Felicitamos a todo el Gremio Period\u00edstico por el D\u00eda Internacional del Periodista. * En Almoloya de Ju\u00e1rez colocan\u2026","rel":"","context":"En &quot;#RadioCONAPE&quot;","block_context":{"text":"#RadioCONAPE","link":"https:\/\/www.conape.org\/tvconape\/category\/radioconape\/"},"img":{"alt_text":"","src":"https:\/\/i0.wp.com\/www.conape.org\/tvconape\/wp-content\/uploads\/2019\/09\/radioconape-en-vivo-programa-del-11.jpg?resize=350%2C200&ssl=1","width":350,"height":200,"srcset":"https:\/\/i0.wp.com\/www.conape.org\/tvconape\/wp-content\/uploads\/2019\/09\/radioconape-en-vivo-programa-del-11.jpg?resize=350%2C200&ssl=1 1x, https:\/\/i0.wp.com\/www.conape.org\/tvconape\/wp-content\/uploads\/2019\/09\/radioconape-en-vivo-programa-del-11.jpg?resize=525%2C300&ssl=1 1.5x, https:\/\/i0.wp.com\/www.conape.org\/tvconape\/wp-content\/uploads\/2019\/09\/radioconape-en-vivo-programa-del-11.jpg?resize=700%2C400&ssl=1 2x, https:\/\/i0.wp.com\/www.conape.org\/tvconape\/wp-content\/uploads\/2019\/09\/radioconape-en-vivo-programa-del-11.jpg?resize=1050%2C600&ssl=1 3x"},"classes":[]},{"id":1089,"url":"https:\/\/www.conape.org\/tvconape\/bajo-salario-en-mexico-y-el-viruz-del-zika-en-brasil-tvconape\/","url_meta":{"origin":1033,"position":3},"title":"Bajo salario en M\u00e9xico y el viruz del Zika en Brasil &#8211; #TVCONAPE","author":"TV CONAPE","date":"23 enero, 2017","format":false,"excerpt":"En esta edici\u00f3n de TV CONAPE, conocer\u00e1s los exorbitantes aguinaldos que se aprobaron los consejeros del Instituto Nacional Electoral (INE) y el m\u00ednimo crecimiento del del salario en M\u00e9xico, adem\u00e1s conoce lo que esta sucediendo con el Zika en Brasil, que esta afectando a bebes reci\u00e9n nacidos en este pa\u00eds.\u2026","rel":"","context":"En &quot;Circuito Cerrado&quot;","block_context":{"text":"Circuito Cerrado","link":"https:\/\/www.conape.org\/tvconape\/category\/circuito-cerrado\/"},"img":{"alt_text":"","src":"https:\/\/i0.wp.com\/www.conape.org\/tvconape\/wp-content\/uploads\/2017\/01\/bajo-salario-en-mexico-y-el-viru.jpg?resize=350%2C200&ssl=1","width":350,"height":200},"classes":[]},{"id":1222,"url":"https:\/\/www.conape.org\/tvconape\/la-problematica-actual-del-periodismo-en-mexico\/","url_meta":{"origin":1033,"position":4},"title":"La problem\u00e1tica actual del periodismo en M\u00e9xico","author":"TV CONAPE","date":"13 junio, 2017","format":false,"excerpt":"En el marco de la Asamblea Estatal de CONAPE en #Tabasco, el Vicepresidente de #CONAPE en el #ValleDeToluca, Javier Martinez, expresa la problem\u00e1tica actual del periodismo en M\u00e9xico y datos escalofriantes sobre asesinatos y desapariciones de los integrantes del Gremio Period\u00edstico. https:\/\/www.youtube.com\/watch?v=brnUWDQH0nY","rel":"","context":"En &quot;Circuito Cerrado&quot;","block_context":{"text":"Circuito Cerrado","link":"https:\/\/www.conape.org\/tvconape\/category\/circuito-cerrado\/"},"img":{"alt_text":"","src":"https:\/\/i0.wp.com\/www.conape.org\/tvconape\/wp-content\/uploads\/2017\/06\/la-problematica-actual-del-perio.jpg?resize=350%2C200&ssl=1","width":350,"height":200,"srcset":"https:\/\/i0.wp.com\/www.conape.org\/tvconape\/wp-content\/uploads\/2017\/06\/la-problematica-actual-del-perio.jpg?resize=350%2C200&ssl=1 1x, https:\/\/i0.wp.com\/www.conape.org\/tvconape\/wp-content\/uploads\/2017\/06\/la-problematica-actual-del-perio.jpg?resize=525%2C300&ssl=1 1.5x, https:\/\/i0.wp.com\/www.conape.org\/tvconape\/wp-content\/uploads\/2017\/06\/la-problematica-actual-del-perio.jpg?resize=700%2C400&ssl=1 2x, https:\/\/i0.wp.com\/www.conape.org\/tvconape\/wp-content\/uploads\/2017\/06\/la-problematica-actual-del-perio.jpg?resize=1050%2C600&ssl=1 3x"},"classes":[]},{"id":1779,"url":"https:\/\/www.conape.org\/tvconape\/radioconape-en-vivo-entrevista-con-el-secretario-general-y-coordinador-de-la-fraccion-parlamentaria-del-partido-verde-estado-de-mexico-pvem-pepe-couttolenc\/","url_meta":{"origin":1033,"position":5},"title":"#RadioCONAPE en vivo &#8211; Entrevista con el Secretario General y Coordinador de la Fracci\u00f3n Parlamentaria del Partido Verde Estado de M\u00e9xico (#PVEM), Pepe Couttolenc","author":"TV CONAPE","date":"31 agosto, 2019","format":false,"excerpt":"","rel":"","context":"En &quot;#RadioCONAPE&quot;","block_context":{"text":"#RadioCONAPE","link":"https:\/\/www.conape.org\/tvconape\/category\/radioconape\/"},"img":{"alt_text":"","src":"","width":0,"height":0},"classes":[]}],"_links":{"self":[{"href":"https:\/\/www.conape.org\/tvconape\/wp-json\/wp\/v2\/posts\/1033"}],"collection":[{"href":"https:\/\/www.conape.org\/tvconape\/wp-json\/wp\/v2\/posts"}],"about":[{"href":"https:\/\/www.conape.org\/tvconape\/wp-json\/wp\/v2\/types\/post"}],"author":[{"embeddable":true,"href":"https:\/\/www.conape.org\/tvconape\/wp-json\/wp\/v2\/users\/1"}],"replies":[{"embeddable":true,"href":"https:\/\/www.conape.org\/tvconape\/wp-json\/wp\/v2\/comments?post=1033"}],"version-history":[{"count":1,"href":"https:\/\/www.conape.org\/tvconape\/wp-json\/wp\/v2\/posts\/1033\/revisions"}],"predecessor-version":[{"id":1034,"href":"https:\/\/www.conape.org\/tvconape\/wp-json\/wp\/v2\/posts\/1033\/revisions\/1034"}],"wp:attachment":[{"href":"https:\/\/www.conape.org\/tvconape\/wp-json\/wp\/v2\/media?parent=1033"}],"wp:term":[{"taxonomy":"category","embeddable":true,"href":"https:\/\/www.conape.org\/tvconape\/wp-json\/wp\/v2\/categories?post=1033"},{"taxonomy":"post_tag","embeddable":true,"href":"https:\/\/www.conape.org\/tvconape\/wp-json\/wp\/v2\/tags?post=1033"}],"curies":[{"name":"wp","href":"https:\/\/api.w.org\/{rel}","templated":true}]}}