{"id":1026,"date":"2016-11-26T19:18:06","date_gmt":"2016-11-27T01:18:06","guid":{"rendered":"http:\/\/www.conape.org\/tvconape\/?p=1026"},"modified":"2016-11-26T19:18:06","modified_gmt":"2016-11-27T01:18:06","slug":"conoce-mas-sobre-lo-que-sucede-en-el-canal-de-panama-tvconape","status":"publish","type":"post","link":"https:\/\/www.conape.org\/tvconape\/conoce-mas-sobre-lo-que-sucede-en-el-canal-de-panama-tvconape\/","title":{"rendered":"Conoce m\u00e1s sobre lo que sucede en el Canal de Panam\u00e1 &#8211; #TVCONAPE"},"content":{"rendered":"<p>En esta edici\u00f3n de TV CONAPE ver\u00e1s el reportaje del Vicepresidente Internacional de CONAPE, Alfredo Hern\u00e1ndez Alvarado en su visita al Canal de Panam\u00e1.<\/p>\n<p><span class=\"embed-youtube\" style=\"text-align:center; display: block;\"><iframe loading=\"lazy\" class=\"youtube-player\" width=\"648\" height=\"365\" src=\"https:\/\/www.youtube.com\/embed\/M18Ky64FZdI?version=3&#038;rel=1&#038;showsearch=0&#038;showinfo=1&#038;iv_load_policy=1&#038;fs=1&#038;hl=es-MX&#038;autohide=2&#038;wmode=transparent\" allowfullscreen=\"true\" style=\"border:0;\" sandbox=\"allow-scripts allow-same-origin allow-popups allow-presentation allow-popups-to-escape-sandbox\"><\/iframe><\/span><\/p>\n","protected":false},"excerpt":{"rendered":"<p>En esta edici\u00f3n de TV CONAPE ver\u00e1s el reportaje del Vicepresidente Internacional de CONAPE, Alfredo Hern\u00e1ndez Alvarado en su visita al Canal de Panam\u00e1.<\/p>\n","protected":false},"author":1,"featured_media":1028,"comment_status":"open","ping_status":"open","sticky":false,"template":"","format":"standard","meta":{"_exactmetrics_skip_tracking":false,"_exactmetrics_sitenote_active":false,"_exactmetrics_sitenote_note":"","_exactmetrics_sitenote_category":0,"jetpack_post_was_ever_published":false,"_jetpack_newsletter_access":"","_jetpack_newsletter_tier_id":0,"footnotes":"","jetpack_publicize_message":"","jetpack_is_tweetstorm":false,"jetpack_publicize_feature_enabled":true,"jetpack_social_post_already_shared":true,"jetpack_social_options":{"image_generator_settings":{"template":"highway","enabled":false}}},"categories":[4],"tags":[],"jetpack_publicize_connections":[],"jetpack_featured_media_url":"https:\/\/www.conape.org\/tvconape\/wp-content\/uploads\/2016\/11\/conoce-mas-sobre-lo-que-sucede-e.jpg","jetpack_sharing_enabled":true,"jetpack_shortlink":"https:\/\/wp.me\/p6jC0G-gy","jetpack-related-posts":[{"id":1390,"url":"https:\/\/www.conape.org\/tvconape\/radioconape-en-vivo-programa-del-18-de-octubre-de-2018\/","url_meta":{"origin":1026,"position":0},"title":"#RadioCONAPE en vivo &#8211; Programa del 18 de octubre de 2018","author":"TV CONAPE","date":"18 octubre, 2018","format":false,"excerpt":"#Internacional: \u27a1\u00a0\u00a1Hoy te presentamos una c\u00e1psula de\u00a0Alfredo Hernandez Alvaradodurante su estancia en el Canal de\u00a0#Panam\u00e1. \u27a1\u00a0Los directivos de\u00a0#CONAPEInternacional\u00a0durante su visita en\u00a0#Chile, tuvieron la oportunidad de convivir con diferentes personalidades, entre ellas nuestra Vicepresidente en\u00a0#Bolivia,\u00a0Jackeline Barriga Nava, aqu\u00ed les compartimos sus palabras.\u00a0 \u27a1\u00a0\"Las aves migratorias conectan personas, los ecosistemas y las\u2026","rel":"","context":"En &quot;#RadioCONAPE&quot;","block_context":{"text":"#RadioCONAPE","link":"https:\/\/www.conape.org\/tvconape\/category\/radioconape\/"},"img":{"alt_text":"","src":"","width":0,"height":0},"classes":[]},{"id":1370,"url":"https:\/\/www.conape.org\/tvconape\/radioconape-en-vivo-programa-del-8-de-octubre-de-2018\/","url_meta":{"origin":1026,"position":1},"title":"#RadioCONAPE en vivo &#8211; Programa del 8 de octubre de 2018","author":"TV CONAPE","date":"8 octubre, 2018","format":false,"excerpt":"#Internacional: \u27a1\u00a0Hoy les presentamos \u201cLas cr\u00f3nicas de un\u00a0#almoloyojuarence\u00a0en\u00a0#Panam\u00e1\u201d por\u00a0Alfredo Hernandez Alvarado. \u27a1\u00a0\u00a1Descubre lo maravillosa que es la vida en nuestro planeta\u00a0\ud83c\udf0e\ud83e\udd97\ud83c\udf3a\ud83d\udc1b\u263a\ufe0f! #Nacional: \u27a1\u00a0\u00a1Falsificar billetes de 500 pesos!\u00a0\ud83d\ude31\u00a0En teor\u00eda, estos nuevos billetes ser\u00edan los m\u00e1s seguros dise\u00f1ados hasta ahora... Este\u00a0#video\u00a0\ud83d\udcf9muestra lo contrario. \u27a1\u00a0\u00bfVandalismo o actos revolucionarios? J\u00f3venes en\u00a0#CU\u00a0grafitean letras de la\u2026","rel":"","context":"En &quot;#RadioCONAPE&quot;","block_context":{"text":"#RadioCONAPE","link":"https:\/\/www.conape.org\/tvconape\/category\/radioconape\/"},"img":{"alt_text":"","src":"","width":0,"height":0},"classes":[]},{"id":434,"url":"https:\/\/www.conape.org\/tvconape\/tv-conape-circuito-cerrado-127-conape-conmemora-el-dia-de-la-libertad-de-expresion\/","url_meta":{"origin":1026,"position":2},"title":"TV CONAPE &#8211; Circuito Cerrado 127: CONAPE CONMEMORA EL D\u00cdA DE LA LIBERTAD DE EXPRESI\u00d3N","author":"TV CONAPE","date":"22 junio, 2015","format":false,"excerpt":"","rel":"","context":"En &quot;Circuito Cerrado&quot;","block_context":{"text":"Circuito Cerrado","link":"https:\/\/www.conape.org\/tvconape\/category\/circuito-cerrado\/"},"img":{"alt_text":"","src":"https:\/\/i0.wp.com\/www.conape.org\/tvconape\/wp-content\/uploads\/2015\/07\/tv-conape-circuito-cerrado-127-c.jpg?resize=350%2C200&ssl=1","width":350,"height":200},"classes":[]},{"id":1066,"url":"https:\/\/www.conape.org\/tvconape\/conape-culmino-el-2016-con-exitos-y-reconocimientos-tvconape\/","url_meta":{"origin":1026,"position":3},"title":"CONAPE culmin\u00f3 el 2016 con \u00e9xitos y reconocimientos &#8211; #TVCONAPE","author":"TV CONAPE","date":"10 enero, 2017","format":false,"excerpt":"En esta edici\u00f3n de TV CONAPE conocer\u00e1s algunos de los reconocimientos con los que termin\u00f3 el 2016 Compa\u00f1eros Internacionales de Periodistas y Editores A.C. (CONAPE), adem\u00e1s podr\u00e1s conocer un poco m\u00e1s del Maestro en Periodismo y Vicepresidente de Imagen Institucional de CONAPE, Christian Gonz\u00e1lez Murillo. https:\/\/www.youtube.com\/watch?v=v15z8RDgyok","rel":"","context":"En &quot;Circuito Cerrado&quot;","block_context":{"text":"Circuito Cerrado","link":"https:\/\/www.conape.org\/tvconape\/category\/circuito-cerrado\/"},"img":{"alt_text":"","src":"https:\/\/i0.wp.com\/www.conape.org\/tvconape\/wp-content\/uploads\/2017\/01\/conape-culmino-el-2016-con-exito.jpg?resize=350%2C200&ssl=1","width":350,"height":200,"srcset":"https:\/\/i0.wp.com\/www.conape.org\/tvconape\/wp-content\/uploads\/2017\/01\/conape-culmino-el-2016-con-exito.jpg?resize=350%2C200&ssl=1 1x, https:\/\/i0.wp.com\/www.conape.org\/tvconape\/wp-content\/uploads\/2017\/01\/conape-culmino-el-2016-con-exito.jpg?resize=525%2C300&ssl=1 1.5x, https:\/\/i0.wp.com\/www.conape.org\/tvconape\/wp-content\/uploads\/2017\/01\/conape-culmino-el-2016-con-exito.jpg?resize=700%2C400&ssl=1 2x, https:\/\/i0.wp.com\/www.conape.org\/tvconape\/wp-content\/uploads\/2017\/01\/conape-culmino-el-2016-con-exito.jpg?resize=1050%2C600&ssl=1 3x"},"classes":[]},{"id":1230,"url":"https:\/\/www.conape.org\/tvconape\/la-gran-familia-conape-sigue-creciendo-y-fortaleciendose\/","url_meta":{"origin":1026,"position":4},"title":"La gran familia CONAPE sigue creciendo y fortaleci\u00e9ndose","author":"TV CONAPE","date":"26 junio, 2017","format":false,"excerpt":"Durante la Toma de Protesta de la estructura que conformar\u00e1 la Vicepresidencia de CONAPE en Chiapas - Zona Sur, el Vicepresidente Internacional de CONAPE, Alfredo Hern\u00e1ndez Alvarado, expres\u00f3 la importancia de la uni\u00f3n en el gremio period\u00edstico y destaco que el trabajo en equipo ha sido lo que ha hecho\u2026","rel":"","context":"En &quot;Eventos&quot;","block_context":{"text":"Eventos","link":"https:\/\/www.conape.org\/tvconape\/category\/eventos\/"},"img":{"alt_text":"","src":"https:\/\/i0.wp.com\/www.conape.org\/tvconape\/wp-content\/uploads\/2017\/06\/la-gran-familia-conape-sigue-cre.jpg?resize=350%2C200&ssl=1","width":350,"height":200,"srcset":"https:\/\/i0.wp.com\/www.conape.org\/tvconape\/wp-content\/uploads\/2017\/06\/la-gran-familia-conape-sigue-cre.jpg?resize=350%2C200&ssl=1 1x, https:\/\/i0.wp.com\/www.conape.org\/tvconape\/wp-content\/uploads\/2017\/06\/la-gran-familia-conape-sigue-cre.jpg?resize=525%2C300&ssl=1 1.5x, https:\/\/i0.wp.com\/www.conape.org\/tvconape\/wp-content\/uploads\/2017\/06\/la-gran-familia-conape-sigue-cre.jpg?resize=700%2C400&ssl=1 2x, https:\/\/i0.wp.com\/www.conape.org\/tvconape\/wp-content\/uploads\/2017\/06\/la-gran-familia-conape-sigue-cre.jpg?resize=1050%2C600&ssl=1 3x"},"classes":[]},{"id":888,"url":"https:\/\/www.conape.org\/tvconape\/2da-asamblea-estatal-de-conape-en-colima-tv-conape-165\/","url_meta":{"origin":1026,"position":5},"title":"2da Asamblea Estatal de CONAPE en Colima &#8211; TV CONAPE 165","author":"TV CONAPE","date":"14 abril, 2016","format":false,"excerpt":"ESTE PROGRAMA ES CIRCUITO CERRADO TRANSMITIDO EN #TVCONAPE. EN ESTA OCASI\u00d3N PODR\u00c1S OBSERVAR UN AN\u00c1LISIS DE LAS NOTICIAS M\u00c1S SOBRESALIENTES DEL \u00c1MBITO NACIONAL, INTERNACIONAL Y LOCAL: * PALABRAS DEL PRESIDENTE JUR\u00cdDICO INTERNACIONAL DE CONAPE, JOS\u00c9 DE JES\u00daS NAVEJA MACIAS EN SU VISITA AL PRESIDENTE MUNICIPAL DE CUERNAVACA, CUAUHT\u00c9MOC BLANCO. *\u2026","rel":"","context":"En &quot;Circuito Cerrado&quot;","block_context":{"text":"Circuito Cerrado","link":"https:\/\/www.conape.org\/tvconape\/category\/circuito-cerrado\/"},"img":{"alt_text":"","src":"https:\/\/i0.wp.com\/www.conape.org\/tvconape\/wp-content\/uploads\/2016\/04\/2da-asamblea-estatal-de-conape-e.jpg?resize=350%2C200&ssl=1","width":350,"height":200,"srcset":"https:\/\/i0.wp.com\/www.conape.org\/tvconape\/wp-content\/uploads\/2016\/04\/2da-asamblea-estatal-de-conape-e.jpg?resize=350%2C200&ssl=1 1x, https:\/\/i0.wp.com\/www.conape.org\/tvconape\/wp-content\/uploads\/2016\/04\/2da-asamblea-estatal-de-conape-e.jpg?resize=525%2C300&ssl=1 1.5x, https:\/\/i0.wp.com\/www.conape.org\/tvconape\/wp-content\/uploads\/2016\/04\/2da-asamblea-estatal-de-conape-e.jpg?resize=700%2C400&ssl=1 2x, https:\/\/i0.wp.com\/www.conape.org\/tvconape\/wp-content\/uploads\/2016\/04\/2da-asamblea-estatal-de-conape-e.jpg?resize=1050%2C600&ssl=1 3x"},"classes":[]}],"_links":{"self":[{"href":"https:\/\/www.conape.org\/tvconape\/wp-json\/wp\/v2\/posts\/1026"}],"collection":[{"href":"https:\/\/www.conape.org\/tvconape\/wp-json\/wp\/v2\/posts"}],"about":[{"href":"https:\/\/www.conape.org\/tvconape\/wp-json\/wp\/v2\/types\/post"}],"author":[{"embeddable":true,"href":"https:\/\/www.conape.org\/tvconape\/wp-json\/wp\/v2\/users\/1"}],"replies":[{"embeddable":true,"href":"https:\/\/www.conape.org\/tvconape\/wp-json\/wp\/v2\/comments?post=1026"}],"version-history":[{"count":1,"href":"https:\/\/www.conape.org\/tvconape\/wp-json\/wp\/v2\/posts\/1026\/revisions"}],"predecessor-version":[{"id":1027,"href":"https:\/\/www.conape.org\/tvconape\/wp-json\/wp\/v2\/posts\/1026\/revisions\/1027"}],"wp:featuredmedia":[{"embeddable":true,"href":"https:\/\/www.conape.org\/tvconape\/wp-json\/wp\/v2\/media\/1028"}],"wp:attachment":[{"href":"https:\/\/www.conape.org\/tvconape\/wp-json\/wp\/v2\/media?parent=1026"}],"wp:term":[{"taxonomy":"category","embeddable":true,"href":"https:\/\/www.conape.org\/tvconape\/wp-json\/wp\/v2\/categories?post=1026"},{"taxonomy":"post_tag","embeddable":true,"href":"https:\/\/www.conape.org\/tvconape\/wp-json\/wp\/v2\/tags?post=1026"}],"curies":[{"name":"wp","href":"https:\/\/api.w.org\/{rel}","templated":true}]}}