{"id":1015,"date":"2016-11-21T12:57:35","date_gmt":"2016-11-21T18:57:35","guid":{"rendered":"http:\/\/www.conape.org\/tvconape\/?p=1015"},"modified":"2016-11-21T12:57:35","modified_gmt":"2016-11-21T18:57:35","slug":"vicepresidente-de-conape-con-lideres-de-diferentes-partes-del-mundo-en-chile-tvconape","status":"publish","type":"post","link":"https:\/\/www.conape.org\/tvconape\/vicepresidente-de-conape-con-lideres-de-diferentes-partes-del-mundo-en-chile-tvconape\/","title":{"rendered":"Vicepresidente de CONAPE con l\u00edderes de diferentes partes del mundo en Chile &#8211; #TVCONAPE"},"content":{"rendered":"<p>En esta edici\u00f3n de TV CONAPE podr\u00e1s ver los momentos que comparti\u00f3 nuestro Vicepresidente Internacional de CONAPE, Alfredo Hern\u00e1ndez Alvarado con l\u00edderes y escritores de diferentes pa\u00edses como Argentina, Espa\u00f1a, Chile, Colombia y m\u00e1s, que se reunieron en el Primer Congreso de Escritores por la Ecolog\u00eda y laPaz organizado por UMECEP en Vi\u00f1a del Mar, Valparaiso, Chile.<\/p>\n<p><span class=\"embed-youtube\" style=\"text-align:center; display: block;\"><iframe loading=\"lazy\" class=\"youtube-player\" width=\"648\" height=\"365\" src=\"https:\/\/www.youtube.com\/embed\/HWS0wuw_Nk4?version=3&#038;rel=1&#038;showsearch=0&#038;showinfo=1&#038;iv_load_policy=1&#038;fs=1&#038;hl=es-MX&#038;autohide=2&#038;wmode=transparent\" allowfullscreen=\"true\" style=\"border:0;\" sandbox=\"allow-scripts allow-same-origin allow-popups allow-presentation allow-popups-to-escape-sandbox\"><\/iframe><\/span><\/p>\n<p>&nbsp;<\/p>\n","protected":false},"excerpt":{"rendered":"<p>En esta edici\u00f3n de TV CONAPE podr\u00e1s ver los momentos que comparti\u00f3 nuestro Vicepresidente Internacional de CONAPE, Alfredo Hern\u00e1ndez Alvarado con l\u00edderes y escritores de diferentes pa\u00edses como Argentina, Espa\u00f1a, Chile, Colombia y m\u00e1s, que se reunieron en el Primer Congreso de Escritores por la Ecolog\u00eda y laPaz organizado por UMECEP en Vi\u00f1a del Mar, [&hellip;]<\/p>\n","protected":false},"author":1,"featured_media":1019,"comment_status":"open","ping_status":"open","sticky":false,"template":"","format":"standard","meta":{"_exactmetrics_skip_tracking":false,"_exactmetrics_sitenote_active":false,"_exactmetrics_sitenote_note":"","_exactmetrics_sitenote_category":0,"jetpack_post_was_ever_published":false,"_jetpack_newsletter_access":"","_jetpack_newsletter_tier_id":0,"footnotes":"","jetpack_publicize_message":"","jetpack_is_tweetstorm":false,"jetpack_publicize_feature_enabled":true,"jetpack_social_post_already_shared":true,"jetpack_social_options":{"image_generator_settings":{"template":"highway","enabled":false}}},"categories":[1],"tags":[],"jetpack_publicize_connections":[],"jetpack_featured_media_url":"https:\/\/www.conape.org\/tvconape\/wp-content\/uploads\/2016\/11\/vicepresidente-de-conape-con-lid.jpg","jetpack_sharing_enabled":true,"jetpack_shortlink":"https:\/\/wp.me\/p6jC0G-gn","jetpack-related-posts":[{"id":989,"url":"https:\/\/www.conape.org\/tvconape\/conape-visita-estudiantes-en-guatemala-tvconape-191\/","url_meta":{"origin":1015,"position":0},"title":"CONAPE visita estudiantes en Guatemala &#8211; #TVCONAPE 191","author":"TV CONAPE","date":"28 octubre, 2016","format":false,"excerpt":"En este programa de Circuito Cerrado transmitido en TV CONAPE, te contaremos sobre: * Autoridades municipales de Toluca golpean a ciudadano. * Presentaci\u00f3n del libro \"Hijos de Perra\" escrito por el Asesor Internacional de CONAPE, Rafael Loret de Mola, en el Zocalo de la Ciudad de M\u00e9xico. * Polic\u00edas que\u2026","rel":"","context":"En &quot;Circuito Cerrado&quot;","block_context":{"text":"Circuito Cerrado","link":"https:\/\/www.conape.org\/tvconape\/category\/circuito-cerrado\/"},"img":{"alt_text":"","src":"https:\/\/i0.wp.com\/www.conape.org\/tvconape\/wp-content\/uploads\/2016\/10\/conape-visita-estudiantes-en-gua.jpg?resize=350%2C200&ssl=1","width":350,"height":200,"srcset":"https:\/\/i0.wp.com\/www.conape.org\/tvconape\/wp-content\/uploads\/2016\/10\/conape-visita-estudiantes-en-gua.jpg?resize=350%2C200&ssl=1 1x, https:\/\/i0.wp.com\/www.conape.org\/tvconape\/wp-content\/uploads\/2016\/10\/conape-visita-estudiantes-en-gua.jpg?resize=525%2C300&ssl=1 1.5x, https:\/\/i0.wp.com\/www.conape.org\/tvconape\/wp-content\/uploads\/2016\/10\/conape-visita-estudiantes-en-gua.jpg?resize=700%2C400&ssl=1 2x, https:\/\/i0.wp.com\/www.conape.org\/tvconape\/wp-content\/uploads\/2016\/10\/conape-visita-estudiantes-en-gua.jpg?resize=1050%2C600&ssl=1 3x"},"classes":[]},{"id":874,"url":"https:\/\/www.conape.org\/tvconape\/conoce-lo-que-es-el-icadep-entrevistas-y-giraustral-desde-chile-tv-conape-circuito-cerrado-161\/","url_meta":{"origin":1015,"position":1},"title":"CONOCE LO QUE ES EL ICADEP, ENTREVISTAS Y GIRAUSTRAL DESDE CHILE &#8211; TV CONAPE &#8211; Circuito Cerrado 161","author":"TV CONAPE","date":"17 marzo, 2016","format":false,"excerpt":"ESTE PROGRAMA ES CIRCUITO CERRADO TRANSMITIDO EN #TVCONAPE. EN ESTA OCASI\u00d3N PODR\u00c1S OBSERVAR UN AN\u00c1LISIS DE LAS NOTICIAS M\u00c1S SOBRESALIENTES DEL \u00c1MBITO NACIONAL, INTERNACIONAL Y LOCAL: * ENTREVISTA AL NUEVO VICEPRESIDENTE DE CONAPE EN PUEBLA, IGNACIO SARMIENTO CANSECO, DURANTE LA PRIMERA ASAMBLEA ESTATAL EN SAN MART\u00cdN TEXMELUCAN, PUEBLA. * ENTREVISTA\u2026","rel":"","context":"En &quot;Circuito Cerrado&quot;","block_context":{"text":"Circuito Cerrado","link":"https:\/\/www.conape.org\/tvconape\/category\/circuito-cerrado\/"},"img":{"alt_text":"","src":"https:\/\/i0.wp.com\/www.conape.org\/tvconape\/wp-content\/uploads\/2016\/03\/conoce-lo-que-es-el-icadep-entre.jpg?resize=350%2C200&ssl=1","width":350,"height":200,"srcset":"https:\/\/i0.wp.com\/www.conape.org\/tvconape\/wp-content\/uploads\/2016\/03\/conoce-lo-que-es-el-icadep-entre.jpg?resize=350%2C200&ssl=1 1x, https:\/\/i0.wp.com\/www.conape.org\/tvconape\/wp-content\/uploads\/2016\/03\/conoce-lo-que-es-el-icadep-entre.jpg?resize=525%2C300&ssl=1 1.5x, https:\/\/i0.wp.com\/www.conape.org\/tvconape\/wp-content\/uploads\/2016\/03\/conoce-lo-que-es-el-icadep-entre.jpg?resize=700%2C400&ssl=1 2x, https:\/\/i0.wp.com\/www.conape.org\/tvconape\/wp-content\/uploads\/2016\/03\/conoce-lo-que-es-el-icadep-entre.jpg?resize=1050%2C600&ssl=1 3x, https:\/\/i0.wp.com\/www.conape.org\/tvconape\/wp-content\/uploads\/2016\/03\/conoce-lo-que-es-el-icadep-entre.jpg?resize=1400%2C800&ssl=1 4x"},"classes":[]},{"id":1184,"url":"https:\/\/www.conape.org\/tvconape\/vida-y-trayectoria-del-vicepresidente-de-conape-en-colombia-tvconape\/","url_meta":{"origin":1015,"position":2},"title":"Vida y trayectoria del Vicepresidente de CONAPE en Colombia &#8211; #TVCONAPE","author":"TV CONAPE","date":"6 abril, 2017","format":false,"excerpt":"En esta edici\u00f3n de TV CONAPE conoce un poco sobre la vida y la trayectoria period\u00edstica del Vicepresidente de CONAPE en Colombia, Pedro Pablo Polo Anaya, quien ha desempe\u00f1ado un papel importante en el desarrollo de nuestra asociaci\u00f3n, ya que \u00e9l fue el organizador de la Segunda Cumbre Internacional de\u2026","rel":"","context":"En &quot;Circuito Cerrado&quot;","block_context":{"text":"Circuito Cerrado","link":"https:\/\/www.conape.org\/tvconape\/category\/circuito-cerrado\/"},"img":{"alt_text":"","src":"https:\/\/i0.wp.com\/www.conape.org\/tvconape\/wp-content\/uploads\/2017\/04\/vida-y-trayectoria-del-vicepresi.jpg?resize=350%2C200&ssl=1","width":350,"height":200},"classes":[]},{"id":835,"url":"https:\/\/www.conape.org\/tvconape\/tv-conape-circuito-cerrado-153-entrevista-con-quiropractico-trio-tepemajalco-y-mas\/","url_meta":{"origin":1015,"position":3},"title":"TV CONAPE &#8211; Circuito Cerrado 153: ENTREVISTA CON QUIROPR\u00c1CTICO, TRIO TEPEMAJALCO Y M\u00c1S&#8230;","author":"TV CONAPE","date":"21 enero, 2016","format":false,"excerpt":"ESTE PROGRAMA ES CIRCUITO CERRADO TRANSMITIDO EN #TVCONAPE. EN ESTA OCASI\u00d3N PODR\u00c1S OBSERVAR UN AN\u00c1LISIS DE LAS NOTICIAS M\u00c1S SOBRESALIENTES DEL \u00c1MBITO NACIONAL, INTERNACIONAL Y LOCAL: * TERCER PROGRAMA DEL 2016. * ENTREVISTA DESDE GUERRERO REALIZADA POR NUESTRO VICEPRESIDENTE EN ESE ESTADO, SERVANDO MART\u00cdNEZ PINZ\u00d3N. * ENTREVISTA CON EL TRIO\u2026","rel":"","context":"En &quot;Circuito Cerrado&quot;","block_context":{"text":"Circuito Cerrado","link":"https:\/\/www.conape.org\/tvconape\/category\/circuito-cerrado\/"},"img":{"alt_text":"","src":"https:\/\/i0.wp.com\/www.conape.org\/tvconape\/wp-content\/uploads\/2016\/01\/tv-conape-circuito-cerrado-153-e.jpg?resize=350%2C200&ssl=1","width":350,"height":200,"srcset":"https:\/\/i0.wp.com\/www.conape.org\/tvconape\/wp-content\/uploads\/2016\/01\/tv-conape-circuito-cerrado-153-e.jpg?resize=350%2C200&ssl=1 1x, https:\/\/i0.wp.com\/www.conape.org\/tvconape\/wp-content\/uploads\/2016\/01\/tv-conape-circuito-cerrado-153-e.jpg?resize=525%2C300&ssl=1 1.5x, https:\/\/i0.wp.com\/www.conape.org\/tvconape\/wp-content\/uploads\/2016\/01\/tv-conape-circuito-cerrado-153-e.jpg?resize=700%2C400&ssl=1 2x, https:\/\/i0.wp.com\/www.conape.org\/tvconape\/wp-content\/uploads\/2016\/01\/tv-conape-circuito-cerrado-153-e.jpg?resize=1050%2C600&ssl=1 3x"},"classes":[]},{"id":992,"url":"https:\/\/www.conape.org\/tvconape\/conape-en-chile-carrera-steel-race-entrevista-con-hector-manuel-y-mas-tvconape-191\/","url_meta":{"origin":1015,"position":4},"title":"CONAPE en Chile, carrera Steel Race, entrevista con H\u00e9ctor Manuel y m\u00e1s &#8211; #TVCONAPE 192","author":"TV CONAPE","date":"4 noviembre, 2016","format":false,"excerpt":"En este programa de Circuito Cerrado transmitido en TV CONAPE, te contaremos sobre: * Conoce lo que sucedi\u00f3 en el 1er Congreso Internacional Cultural y Ecol\u00f3gico en Vi\u00f1a del Mar, Chile. * Alfredo Hern\u00e1ndez represent\u00f3 a CONAPE en Chile. * Conoce los incre\u00edbles clavados que se realizan en la \"La\u2026","rel":"","context":"En &quot;Circuito Cerrado&quot;","block_context":{"text":"Circuito Cerrado","link":"https:\/\/www.conape.org\/tvconape\/category\/circuito-cerrado\/"},"img":{"alt_text":"","src":"https:\/\/i0.wp.com\/www.conape.org\/tvconape\/wp-content\/uploads\/2016\/11\/conape-en-chile-carrera-steel-ra.jpg?resize=350%2C200&ssl=1","width":350,"height":200,"srcset":"https:\/\/i0.wp.com\/www.conape.org\/tvconape\/wp-content\/uploads\/2016\/11\/conape-en-chile-carrera-steel-ra.jpg?resize=350%2C200&ssl=1 1x, https:\/\/i0.wp.com\/www.conape.org\/tvconape\/wp-content\/uploads\/2016\/11\/conape-en-chile-carrera-steel-ra.jpg?resize=525%2C300&ssl=1 1.5x, https:\/\/i0.wp.com\/www.conape.org\/tvconape\/wp-content\/uploads\/2016\/11\/conape-en-chile-carrera-steel-ra.jpg?resize=700%2C400&ssl=1 2x, https:\/\/i0.wp.com\/www.conape.org\/tvconape\/wp-content\/uploads\/2016\/11\/conape-en-chile-carrera-steel-ra.jpg?resize=1050%2C600&ssl=1 3x"},"classes":[]},{"id":851,"url":"https:\/\/www.conape.org\/tvconape\/continua-la-mala-administracion-en-almoloya-de-juarez-tv-conape-circuito-cerrado-156\/","url_meta":{"origin":1015,"position":5},"title":"CONTIN\u00daA LA MALA ADMINISTRACI\u00d3N EN ALMOLOYA DE JU\u00c1REZ &#8211; TV CONAPE &#8211; Circuito Cerrado 156","author":"TV CONAPE","date":"11 febrero, 2016","format":false,"excerpt":"ESTE PROGRAMA ES CIRCUITO CERRADO TRANSMITIDO EN #TVCONAPE. EN ESTA OCASI\u00d3N PODR\u00c1S OBSERVAR UN AN\u00c1LISIS DE LAS NOTICIAS M\u00c1S SOBRESALIENTES DEL \u00c1MBITO NACIONAL, INTERNACIONAL Y LOCAL: * SEXTO PROGRAMA DEL 2016. * HABLAREMOS DE LA MALA ADMINISTRACI\u00d3N QUE HA INICIADO EN EL MUNICIPIO DE ALMOLOYA DE JU\u00c1REZ EN EL ESTADO\u2026","rel":"","context":"En &quot;Circuito Cerrado&quot;","block_context":{"text":"Circuito Cerrado","link":"https:\/\/www.conape.org\/tvconape\/category\/circuito-cerrado\/"},"img":{"alt_text":"","src":"https:\/\/i0.wp.com\/www.conape.org\/tvconape\/wp-content\/uploads\/2016\/02\/continua-la-mala-administracion.jpg?resize=350%2C200&ssl=1","width":350,"height":200,"srcset":"https:\/\/i0.wp.com\/www.conape.org\/tvconape\/wp-content\/uploads\/2016\/02\/continua-la-mala-administracion.jpg?resize=350%2C200&ssl=1 1x, https:\/\/i0.wp.com\/www.conape.org\/tvconape\/wp-content\/uploads\/2016\/02\/continua-la-mala-administracion.jpg?resize=525%2C300&ssl=1 1.5x, https:\/\/i0.wp.com\/www.conape.org\/tvconape\/wp-content\/uploads\/2016\/02\/continua-la-mala-administracion.jpg?resize=700%2C400&ssl=1 2x, https:\/\/i0.wp.com\/www.conape.org\/tvconape\/wp-content\/uploads\/2016\/02\/continua-la-mala-administracion.jpg?resize=1050%2C600&ssl=1 3x, https:\/\/i0.wp.com\/www.conape.org\/tvconape\/wp-content\/uploads\/2016\/02\/continua-la-mala-administracion.jpg?resize=1400%2C800&ssl=1 4x"},"classes":[]}],"_links":{"self":[{"href":"https:\/\/www.conape.org\/tvconape\/wp-json\/wp\/v2\/posts\/1015"}],"collection":[{"href":"https:\/\/www.conape.org\/tvconape\/wp-json\/wp\/v2\/posts"}],"about":[{"href":"https:\/\/www.conape.org\/tvconape\/wp-json\/wp\/v2\/types\/post"}],"author":[{"embeddable":true,"href":"https:\/\/www.conape.org\/tvconape\/wp-json\/wp\/v2\/users\/1"}],"replies":[{"embeddable":true,"href":"https:\/\/www.conape.org\/tvconape\/wp-json\/wp\/v2\/comments?post=1015"}],"version-history":[{"count":2,"href":"https:\/\/www.conape.org\/tvconape\/wp-json\/wp\/v2\/posts\/1015\/revisions"}],"predecessor-version":[{"id":1018,"href":"https:\/\/www.conape.org\/tvconape\/wp-json\/wp\/v2\/posts\/1015\/revisions\/1018"}],"wp:featuredmedia":[{"embeddable":true,"href":"https:\/\/www.conape.org\/tvconape\/wp-json\/wp\/v2\/media\/1019"}],"wp:attachment":[{"href":"https:\/\/www.conape.org\/tvconape\/wp-json\/wp\/v2\/media?parent=1015"}],"wp:term":[{"taxonomy":"category","embeddable":true,"href":"https:\/\/www.conape.org\/tvconape\/wp-json\/wp\/v2\/categories?post=1015"},{"taxonomy":"post_tag","embeddable":true,"href":"https:\/\/www.conape.org\/tvconape\/wp-json\/wp\/v2\/tags?post=1015"}],"curies":[{"name":"wp","href":"https:\/\/api.w.org\/{rel}","templated":true}]}}