{"id":1002,"date":"2016-11-14T15:30:09","date_gmt":"2016-11-14T21:30:09","guid":{"rendered":"http:\/\/www.conape.org\/tvconape\/?p=1002"},"modified":"2016-11-14T15:39:43","modified_gmt":"2016-11-14T21:39:43","slug":"conape-nombra-nuevas-representantes-en-bolivia-y-uruguay-tvconape","status":"publish","type":"post","link":"https:\/\/www.conape.org\/tvconape\/conape-nombra-nuevas-representantes-en-bolivia-y-uruguay-tvconape\/","title":{"rendered":"CONAPE nombra nuevas representantes en Bolivia y Uruguay &#8211; #TVCONAPE"},"content":{"rendered":"<p>En esta edici\u00f3n de TV CONAPE podr\u00e1s conocer a las nuevas representantes de nuestra asociaci\u00f3n en Bolivia, Jackeline Leonor Barriga Nava y en Uruguay, Sandra Blanco Garc\u00eda, quienes tambi\u00e9n te invitan a asistir a la 3ra Cumbre Internacional de Periodismo (#CumbreCONAPE2016) que se realizar\u00e1 en Valle de Bravo, Estado de M\u00e9xico, M\u00e9xico.<\/p>\n<p><span class=\"embed-youtube\" style=\"text-align:center; display: block;\"><iframe loading=\"lazy\" class=\"youtube-player\" width=\"648\" height=\"365\" src=\"https:\/\/www.youtube.com\/embed\/q89OKJlfgBo?version=3&#038;rel=1&#038;showsearch=0&#038;showinfo=1&#038;iv_load_policy=1&#038;fs=1&#038;hl=es-MX&#038;autohide=2&#038;wmode=transparent\" allowfullscreen=\"true\" style=\"border:0;\" sandbox=\"allow-scripts allow-same-origin allow-popups allow-presentation allow-popups-to-escape-sandbox\"><\/iframe><\/span><\/p>\n","protected":false},"excerpt":{"rendered":"<p>En esta edici\u00f3n de TV CONAPE podr\u00e1s conocer a las nuevas representantes de nuestra asociaci\u00f3n en Bolivia, Jackeline Leonor Barriga Nava y en Uruguay, Sandra Blanco Garc\u00eda, quienes tambi\u00e9n te invitan a asistir a la 3ra Cumbre Internacional de Periodismo (#CumbreCONAPE2016) que se realizar\u00e1 en Valle de Bravo, Estado de M\u00e9xico, M\u00e9xico.<\/p>\n","protected":false},"author":1,"featured_media":1009,"comment_status":"open","ping_status":"open","sticky":false,"template":"","format":"standard","meta":{"_exactmetrics_skip_tracking":false,"_exactmetrics_sitenote_active":false,"_exactmetrics_sitenote_note":"","_exactmetrics_sitenote_category":0,"jetpack_post_was_ever_published":false,"_jetpack_newsletter_access":"","_jetpack_newsletter_tier_id":0,"footnotes":"","jetpack_publicize_message":"","jetpack_is_tweetstorm":false,"jetpack_publicize_feature_enabled":true,"jetpack_social_post_already_shared":false,"jetpack_social_options":{"image_generator_settings":{"template":"highway","enabled":false}}},"categories":[4],"tags":[],"jetpack_publicize_connections":[],"jetpack_featured_media_url":"https:\/\/www.conape.org\/tvconape\/wp-content\/uploads\/2016\/11\/conape-nombra-nuevas-representan-3.jpg","jetpack_sharing_enabled":true,"jetpack_shortlink":"https:\/\/wp.me\/p6jC0G-ga","jetpack-related-posts":[{"id":1212,"url":"https:\/\/www.conape.org\/tvconape\/nombran-a-integrantes-de-conape-como-misioneros-de-la-paz\/","url_meta":{"origin":1002,"position":0},"title":"Nombran a integrantes de CONAPE como Misioneros de la Paz","author":"TV CONAPE","date":"30 mayo, 2017","format":false,"excerpt":"La asociaci\u00f3n Acci\u00f3n de Paz, Presidida por Alejandro D'Alessandro\u200b nombr\u00f3 a integrantes de CONAPE de Argentina, M\u00e9xico, Uruguay, Colombia y m\u00e1s... como Misioneros de la Paz, lo anterior se realiz\u00f3 en el Congreso Nacional en Montevideo, Uruguay\u200b. https:\/\/www.youtube.com\/watch?v=S0nM6yrEgcc","rel":"","context":"En &quot;Circuito Cerrado&quot;","block_context":{"text":"Circuito Cerrado","link":"https:\/\/www.conape.org\/tvconape\/category\/circuito-cerrado\/"},"img":{"alt_text":"","src":"https:\/\/i0.wp.com\/www.conape.org\/tvconape\/wp-content\/uploads\/2017\/05\/nombran-a-integrantes-de-conape.jpg?resize=350%2C200&ssl=1","width":350,"height":200,"srcset":"https:\/\/i0.wp.com\/www.conape.org\/tvconape\/wp-content\/uploads\/2017\/05\/nombran-a-integrantes-de-conape.jpg?resize=350%2C200&ssl=1 1x, https:\/\/i0.wp.com\/www.conape.org\/tvconape\/wp-content\/uploads\/2017\/05\/nombran-a-integrantes-de-conape.jpg?resize=525%2C300&ssl=1 1.5x, https:\/\/i0.wp.com\/www.conape.org\/tvconape\/wp-content\/uploads\/2017\/05\/nombran-a-integrantes-de-conape.jpg?resize=700%2C400&ssl=1 2x, https:\/\/i0.wp.com\/www.conape.org\/tvconape\/wp-content\/uploads\/2017\/05\/nombran-a-integrantes-de-conape.jpg?resize=1050%2C600&ssl=1 3x"},"classes":[]},{"id":1209,"url":"https:\/\/www.conape.org\/tvconape\/conape-y-asociaciones-afines-entregan-propuesta-de-ley-en-uruguay\/","url_meta":{"origin":1002,"position":1},"title":"CONAPE y asociaciones afines entregan propuesta de Ley en Uruguay","author":"TV CONAPE","date":"29 mayo, 2017","format":false,"excerpt":"CONAPE, UMECEP, FUNEMA, Acci\u00f3n de Paz y m\u00e1s asociaciones afines entregaron la propuesta de ley \"Por una sociedad m\u00e1s humanizada con el entorno\" en el Congreso Nacional en Montevideo, Uruguay,\u200b a la Diputada Gloria Rodr\u00edguez Santo\u200b. https:\/\/www.youtube.com\/watch?v=OPH5fcqL8EI","rel":"","context":"En &quot;Circuito Cerrado&quot;","block_context":{"text":"Circuito Cerrado","link":"https:\/\/www.conape.org\/tvconape\/category\/circuito-cerrado\/"},"img":{"alt_text":"","src":"https:\/\/i0.wp.com\/www.conape.org\/tvconape\/wp-content\/uploads\/2017\/05\/conape-y-asociaciones-afines-ent.jpg?resize=350%2C200&ssl=1","width":350,"height":200,"srcset":"https:\/\/i0.wp.com\/www.conape.org\/tvconape\/wp-content\/uploads\/2017\/05\/conape-y-asociaciones-afines-ent.jpg?resize=350%2C200&ssl=1 1x, https:\/\/i0.wp.com\/www.conape.org\/tvconape\/wp-content\/uploads\/2017\/05\/conape-y-asociaciones-afines-ent.jpg?resize=525%2C300&ssl=1 1.5x, https:\/\/i0.wp.com\/www.conape.org\/tvconape\/wp-content\/uploads\/2017\/05\/conape-y-asociaciones-afines-ent.jpg?resize=700%2C400&ssl=1 2x, https:\/\/i0.wp.com\/www.conape.org\/tvconape\/wp-content\/uploads\/2017\/05\/conape-y-asociaciones-afines-ent.jpg?resize=1050%2C600&ssl=1 3x"},"classes":[]},{"id":924,"url":"https:\/\/www.conape.org\/tvconape\/conape-entrega-certificados-y-conoce-los-problemas-del-magisterio-tv-conape-174\/","url_meta":{"origin":1002,"position":2},"title":"CONAPE ENTREGA CERTIFICADOS Y CONOCE LOS PROBLEMAS DEL MAGISTERIO &#8211; TV CONAPE 174","author":"TV CONAPE","date":"24 junio, 2016","format":false,"excerpt":"ESTE PROGRAMA ES CIRCUITO CERRADO TRANSMITIDO EN #TVCONAPE. EN ESTA OCASI\u00d3N PODR\u00c1S OBSERVAR UN AN\u00c1LISIS DE LAS NOTICIAS M\u00c1S SOBRESALIENTES DEL \u00c1MBITO NACIONAL, INTERNACIONAL Y LOCAL: * CONOCEREMOS LO QUE ESTA SUCEDIENDO CON EL MAGISTERIO EN LA REP\u00daBLICA MEXICANA, VIDEOS DONDE POLIC\u00cdAS FEDERALES DISPARAN A LOS MANIFESTANTES Y M\u00c1S... *\u2026","rel":"","context":"En &quot;Circuito Cerrado&quot;","block_context":{"text":"Circuito Cerrado","link":"https:\/\/www.conape.org\/tvconape\/category\/circuito-cerrado\/"},"img":{"alt_text":"","src":"https:\/\/i0.wp.com\/www.conape.org\/tvconape\/wp-content\/uploads\/2016\/06\/conape-entrega-certificados-y-co.jpg?resize=350%2C200&ssl=1","width":350,"height":200,"srcset":"https:\/\/i0.wp.com\/www.conape.org\/tvconape\/wp-content\/uploads\/2016\/06\/conape-entrega-certificados-y-co.jpg?resize=350%2C200&ssl=1 1x, https:\/\/i0.wp.com\/www.conape.org\/tvconape\/wp-content\/uploads\/2016\/06\/conape-entrega-certificados-y-co.jpg?resize=525%2C300&ssl=1 1.5x, https:\/\/i0.wp.com\/www.conape.org\/tvconape\/wp-content\/uploads\/2016\/06\/conape-entrega-certificados-y-co.jpg?resize=700%2C400&ssl=1 2x, https:\/\/i0.wp.com\/www.conape.org\/tvconape\/wp-content\/uploads\/2016\/06\/conape-entrega-certificados-y-co.jpg?resize=1050%2C600&ssl=1 3x"},"classes":[]},{"id":830,"url":"https:\/\/www.conape.org\/tvconape\/tv-conape-circuito-cerrado-152-recaptura-de-el-chapo-guzman-y-la-economia-mexicana\/","url_meta":{"origin":1002,"position":3},"title":"TV CONAPE &#8211; Circuito Cerrado 152: Recaptura de &#8220;El Chapo&#8221; Guzm\u00e1n y la econom\u00eda mexicana","author":"TV CONAPE","date":"14 enero, 2016","format":false,"excerpt":"ESTE PROGRAMA ES CIRCUITO CERRADO TRANSMITIDO EN #TVCONAPE. EN ESTA OCASI\u00d3N PODR\u00c1S OBSERVAR UN AN\u00c1LISIS DE LAS NOTICIAS M\u00c1S SOBRESALIENTES DEL \u00c1MBITO NACIONAL, INTERNACIONAL Y LOCAL: * SEGUNDO PROGRAMA DEL 2016 * ESPECIAL SOBRE LA RECAPTURA DE JOAQU\u00cdN \"EL CHAPO\" GUZM\u00c1N, EL HOMBRE M\u00c1S BUSCADO. * LA ENTREVISTA DE EL\u2026","rel":"","context":"En &quot;Circuito Cerrado&quot;","block_context":{"text":"Circuito Cerrado","link":"https:\/\/www.conape.org\/tvconape\/category\/circuito-cerrado\/"},"img":{"alt_text":"","src":"https:\/\/i0.wp.com\/www.conape.org\/tvconape\/wp-content\/uploads\/2016\/01\/tv-conape-circuito-cerrado-152-r.jpg?resize=350%2C200&ssl=1","width":350,"height":200,"srcset":"https:\/\/i0.wp.com\/www.conape.org\/tvconape\/wp-content\/uploads\/2016\/01\/tv-conape-circuito-cerrado-152-r.jpg?resize=350%2C200&ssl=1 1x, https:\/\/i0.wp.com\/www.conape.org\/tvconape\/wp-content\/uploads\/2016\/01\/tv-conape-circuito-cerrado-152-r.jpg?resize=525%2C300&ssl=1 1.5x, https:\/\/i0.wp.com\/www.conape.org\/tvconape\/wp-content\/uploads\/2016\/01\/tv-conape-circuito-cerrado-152-r.jpg?resize=700%2C400&ssl=1 2x, https:\/\/i0.wp.com\/www.conape.org\/tvconape\/wp-content\/uploads\/2016\/01\/tv-conape-circuito-cerrado-152-r.jpg?resize=1050%2C600&ssl=1 3x, https:\/\/i0.wp.com\/www.conape.org\/tvconape\/wp-content\/uploads\/2016\/01\/tv-conape-circuito-cerrado-152-r.jpg?resize=1400%2C800&ssl=1 4x"},"classes":[]},{"id":1184,"url":"https:\/\/www.conape.org\/tvconape\/vida-y-trayectoria-del-vicepresidente-de-conape-en-colombia-tvconape\/","url_meta":{"origin":1002,"position":4},"title":"Vida y trayectoria del Vicepresidente de CONAPE en Colombia &#8211; #TVCONAPE","author":"TV CONAPE","date":"6 abril, 2017","format":false,"excerpt":"En esta edici\u00f3n de TV CONAPE conoce un poco sobre la vida y la trayectoria period\u00edstica del Vicepresidente de CONAPE en Colombia, Pedro Pablo Polo Anaya, quien ha desempe\u00f1ado un papel importante en el desarrollo de nuestra asociaci\u00f3n, ya que \u00e9l fue el organizador de la Segunda Cumbre Internacional de\u2026","rel":"","context":"En &quot;Circuito Cerrado&quot;","block_context":{"text":"Circuito Cerrado","link":"https:\/\/www.conape.org\/tvconape\/category\/circuito-cerrado\/"},"img":{"alt_text":"","src":"https:\/\/i0.wp.com\/www.conape.org\/tvconape\/wp-content\/uploads\/2017\/04\/vida-y-trayectoria-del-vicepresi.jpg?resize=350%2C200&ssl=1","width":350,"height":200},"classes":[]},{"id":239,"url":"https:\/\/www.conape.org\/tvconape\/tv-conape-circuito-cerrado-74-asamblea-de-conape-y-polemica-en-mexico\/","url_meta":{"origin":1002,"position":5},"title":"TV CONAPE &#8211; Circuito Cerrado 74: ASAMBLEA DE CONAPE Y POL\u00c9MICA EN M\u00c9XICO","author":"TV CONAPE","date":"5 junio, 2015","format":false,"excerpt":"","rel":"","context":"En &quot;Circuito Cerrado&quot;","block_context":{"text":"Circuito Cerrado","link":"https:\/\/www.conape.org\/tvconape\/category\/circuito-cerrado\/"},"img":{"alt_text":"","src":"https:\/\/i0.wp.com\/www.conape.org\/tvconape\/wp-content\/uploads\/2015\/07\/tv-conape-circuito-cerrado-74-as.jpg?resize=350%2C200&ssl=1","width":350,"height":200,"srcset":"https:\/\/i0.wp.com\/www.conape.org\/tvconape\/wp-content\/uploads\/2015\/07\/tv-conape-circuito-cerrado-74-as.jpg?resize=350%2C200&ssl=1 1x, https:\/\/i0.wp.com\/www.conape.org\/tvconape\/wp-content\/uploads\/2015\/07\/tv-conape-circuito-cerrado-74-as.jpg?resize=525%2C300&ssl=1 1.5x, https:\/\/i0.wp.com\/www.conape.org\/tvconape\/wp-content\/uploads\/2015\/07\/tv-conape-circuito-cerrado-74-as.jpg?resize=700%2C400&ssl=1 2x, https:\/\/i0.wp.com\/www.conape.org\/tvconape\/wp-content\/uploads\/2015\/07\/tv-conape-circuito-cerrado-74-as.jpg?resize=1050%2C600&ssl=1 3x, https:\/\/i0.wp.com\/www.conape.org\/tvconape\/wp-content\/uploads\/2015\/07\/tv-conape-circuito-cerrado-74-as.jpg?resize=1400%2C800&ssl=1 4x"},"classes":[]}],"_links":{"self":[{"href":"https:\/\/www.conape.org\/tvconape\/wp-json\/wp\/v2\/posts\/1002"}],"collection":[{"href":"https:\/\/www.conape.org\/tvconape\/wp-json\/wp\/v2\/posts"}],"about":[{"href":"https:\/\/www.conape.org\/tvconape\/wp-json\/wp\/v2\/types\/post"}],"author":[{"embeddable":true,"href":"https:\/\/www.conape.org\/tvconape\/wp-json\/wp\/v2\/users\/1"}],"replies":[{"embeddable":true,"href":"https:\/\/www.conape.org\/tvconape\/wp-json\/wp\/v2\/comments?post=1002"}],"version-history":[{"count":4,"href":"https:\/\/www.conape.org\/tvconape\/wp-json\/wp\/v2\/posts\/1002\/revisions"}],"predecessor-version":[{"id":1010,"href":"https:\/\/www.conape.org\/tvconape\/wp-json\/wp\/v2\/posts\/1002\/revisions\/1010"}],"wp:featuredmedia":[{"embeddable":true,"href":"https:\/\/www.conape.org\/tvconape\/wp-json\/wp\/v2\/media\/1009"}],"wp:attachment":[{"href":"https:\/\/www.conape.org\/tvconape\/wp-json\/wp\/v2\/media?parent=1002"}],"wp:term":[{"taxonomy":"category","embeddable":true,"href":"https:\/\/www.conape.org\/tvconape\/wp-json\/wp\/v2\/categories?post=1002"},{"taxonomy":"post_tag","embeddable":true,"href":"https:\/\/www.conape.org\/tvconape\/wp-json\/wp\/v2\/tags?post=1002"}],"curies":[{"name":"wp","href":"https:\/\/api.w.org\/{rel}","templated":true}]}}